{"id":40841,"date":"2026-08-30T21:43:00","date_gmt":"2026-08-30T19:43:00","guid":{"rendered":"https:\/\/euapp01.newsmemory.com\/lamarseillaise\/news\/?p=40841"},"modified":"2026-08-31T08:38:16","modified_gmt":"2026-08-31T06:38:16","slug":"la-grande-dictee-en-plein-air-bat-le-record-du-monde-de-participants","status":"publish","type":"post","link":"https:\/\/euapp01.newsmemory.com\/lamarseillaise\/news\/2026\/08\/30\/la-grande-dictee-en-plein-air-bat-le-record-du-monde-de-participants\/","title":{"rendered":"La grande dict\u00e9e en plein air bat le record du monde de participants"},"content":{"rendered":"<div class=\"paragraph\">\n<p>Ce dimanche matin, ils sont nombreux \u00e0 avoir pr\u00e9f\u00e9r\u00e9 une dict\u00e9e \u00e0 une grasse matin\u00e9e. Alors que la rentr\u00e9e scolaire n\u2019a pas encore sonn\u00e9, enfants, parents, amis et grands-parents ont d\u00e9cid\u00e9 de relever le d\u00e9fi de participer \u00ab\u00a0<i>\u00e0 la plus grande dict\u00e9e du monde<\/i>\u00a0\u00bb sur la place Bargemon \u00e0 Marseille (2<sup>e<\/sup>). Avec 1\u00a0857\u00a0participants, Marseille a donc battu le record du plus grand nombre de participants \u00e0 cet exercice, reprenant le titre \u00e0 Paris qui n\u2019avait rassembl\u00e9, en 2023, que 1\u00a0397\u00a0personnes.<\/p>\n<p>Ce n\u2019est pas la premi\u00e8re dict\u00e9e organis\u00e9e par l\u2019association marseillaise d\u2019\u00e9ducation populaire et d\u2019acc\u00e8s \u00e0 la culture, Action Bomaye. Pour son pr\u00e9sident, Isma\u00ebl Cousin, ces \u00e9v\u00e9nements sont une fa\u00e7on de rendre plus accessible l\u2019orthographe et la conjugaison. \u00ab\u00a0<i>L\u2019\u00e9criture c\u2019est ce qui permet d\u2019avoir un emploi, faire son CV, faire des livres ou des sc\u00e9narios<\/i>, explique-t-il. <i>Ce genre d\u2019\u00e9v\u00e9nement, \u00e7a permet de faire de cet exercice quelque chose d\u2019amusant.<\/i>\u00a0\u00bb<\/p>\n<\/p><\/div>\n<div class=\"intext\"> Des professeurs stars\n              <\/div>\n<div class=\"paragraph\">\n<p>Car ce dimanche, l\u2019un des professeurs n\u2019\u00e9tait d\u2019autre que Dimitri Payet, l\u2019ancien joueur de l\u2019Olympique de Marseille. De quoi motiver les plus r\u00e9ticents \u00e0 l\u2019exercice. Le texte, \u00e9crit sp\u00e9cialement pour l\u2019occasion, parlait donc de l\u2019\u00e9quipe marseillaise. Si certains ont tent\u00e9 d\u2019utiliser leur t\u00e9l\u00e9phone, la plupart des participants ont \u00e9t\u00e9 studieux et ont pr\u00e9f\u00e9r\u00e9 trouver seuls l\u2019orthographe de \u00ab\u00a0<i>hourvari<\/i><i>\u00a0<\/i>\u00bb ou de \u00ab\u00a0<i>vivats<\/i><i>\u00a0<\/i>\u00bb, non sans mal.<\/p>\n<p>Imane, qui participe pour la deuxi\u00e8me fois aux dict\u00e9es organis\u00e9es par Action Bomaye, est venue avec ses filles. \u00ab\u00a0<i>\u00c7a leur permet de s\u2019entra\u00eener et puis si on peut gagner des lots c\u2019est le petit bonus<\/i>\u00a0\u00bb, explique la jeune maman. Si les plus jeunes sont des habitu\u00e9s de l\u2019exercice pour les plus \u00e2g\u00e9s c\u2019est le moment de tester de nouveau son orthographe. \u00ab\u00a0<i><span class=\"mln_uppercase_mln\">\u00e7<\/span><\/i><i>a fait au moins 20<\/i><i>\u00a0<\/i><i>ans que je n\u2019ai pas fait de dict\u00e9e<\/i>\u00a0\u00bb, rigole Yasmina, retrait\u00e9e. \u00ab<i>\u00a0<\/i><i>Une fa\u00e7on de se challenger pour conna\u00eetre son niveau en fran\u00e7ais<\/i>\u00a0\u00bb, estime Linda, attach\u00e9e territoriale.<\/p>\n<p>L\u2019\u00e9v\u00e9nement a \u00e9galement permis de distribuer des fournitures scolaires\u00a0: trois cahiers, une trousse avec tout le n\u00e9cessaire pour la remplir et un agenda. De quoi all\u00e9ger un peu la facture et pr\u00e9parer au mieux la rentr\u00e9e.<\/p>\n<\/p><\/div>\n","protected":false},"excerpt":{"rendered":"Ce dimanche matin, ils sont nombreux &agrave; avoir pr&eacute;f&eacute;r&eacute; une dict&eacute;e &agrave; une grasse matin&eacute;e. Alors que la rentr&eacute;e scolaire n&rsquo;a pas encore sonn&eacute;, enfants, parents, amis et grands-parents &#8230;","protected":false},"author":1,"featured_media":40842,"comment_status":"open","ping_status":"open","sticky":false,"template":"","format":"standard","meta":{"footnotes":""},"categories":[918,3926,3925,20],"tags":[10,5847,12,3405,3488,16,4720,6311,712],"news-destination":[3944],"news-source":[475],"is_homepage":[],"ta_other":[],"class_list":["post-40841","post","type-post","status-publish","format-standard","has-post-thumbnail","hentry","category-accueil","category-accueil-merge","category-accueil-third","category-societe","tag-bouches-du-rhone","tag-dictee","tag-dimitri-payet","tag-exercice","tag-fournitures","tag-marseille","tag-marseille-1er-arrondissement","tag-record-mondial","tag-rentree-scolaire","news-destination-homepage","news-source-website"],"_links":{"self":[{"href":"https:\/\/euapp01.newsmemory.com\/lamarseillaise\/news\/wp-json\/wp\/v2\/posts\/40841","targetHints":{"allow":["GET"]}}],"collection":[{"href":"https:\/\/euapp01.newsmemory.com\/lamarseillaise\/news\/wp-json\/wp\/v2\/posts"}],"about":[{"href":"https:\/\/euapp01.newsmemory.com\/lamarseillaise\/news\/wp-json\/wp\/v2\/types\/post"}],"author":[{"embeddable":true,"href":"https:\/\/euapp01.newsmemory.com\/lamarseillaise\/news\/wp-json\/wp\/v2\/users\/1"}],"replies":[{"embeddable":true,"href":"https:\/\/euapp01.newsmemory.com\/lamarseillaise\/news\/wp-json\/wp\/v2\/comments?post=40841"}],"version-history":[{"count":2,"href":"https:\/\/euapp01.newsmemory.com\/lamarseillaise\/news\/wp-json\/wp\/v2\/posts\/40841\/revisions"}],"predecessor-version":[{"id":40859,"href":"https:\/\/euapp01.newsmemory.com\/lamarseillaise\/news\/wp-json\/wp\/v2\/posts\/40841\/revisions\/40859"}],"wp:featuredmedia":[{"embeddable":true,"href":"https:\/\/euapp01.newsmemory.com\/lamarseillaise\/news\/wp-json\/wp\/v2\/media\/40842"}],"wp:attachment":[{"href":"https:\/\/euapp01.newsmemory.com\/lamarseillaise\/news\/wp-json\/wp\/v2\/media?parent=40841"}],"wp:term":[{"taxonomy":"category","embeddable":true,"href":"https:\/\/euapp01.newsmemory.com\/lamarseillaise\/news\/wp-json\/wp\/v2\/categories?post=40841"},{"taxonomy":"post_tag","embeddable":true,"href":"https:\/\/euapp01.newsmemory.com\/lamarseillaise\/news\/wp-json\/wp\/v2\/tags?post=40841"},{"taxonomy":"news-destination","embeddable":true,"href":"https:\/\/euapp01.newsmemory.com\/lamarseillaise\/news\/wp-json\/wp\/v2\/news-destination?post=40841"},{"taxonomy":"news-source","embeddable":true,"href":"https:\/\/euapp01.newsmemory.com\/lamarseillaise\/news\/wp-json\/wp\/v2\/news-source?post=40841"},{"taxonomy":"is_homepage","embeddable":true,"href":"https:\/\/euapp01.newsmemory.com\/lamarseillaise\/news\/wp-json\/wp\/v2\/is_homepage?post=40841"},{"taxonomy":"ta_other","embeddable":true,"href":"https:\/\/euapp01.newsmemory.com\/lamarseillaise\/news\/wp-json\/wp\/v2\/ta_other?post=40841"}],"curies":[{"name":"wp","href":"https:\/\/api.w.org\/{rel}","templated":true}]}}