{"id":40835,"date":"2026-08-30T10:36:00","date_gmt":"2026-08-30T08:36:00","guid":{"rendered":"https:\/\/euapp01.newsmemory.com\/lamarseillaise\/news\/?p=40835"},"modified":"2026-08-30T11:04:01","modified_gmt":"2026-08-30T09:04:01","slug":"lexpo-de-ouf-reprend-les-murs-de-nimes","status":"publish","type":"post","link":"https:\/\/euapp01.newsmemory.com\/lamarseillaise\/news\/2026\/08\/30\/lexpo-de-ouf-reprend-les-murs-de-nimes\/","title":{"rendered":"L\u2019Expo de Ouf ! reprend les murs de N\u00eemes"},"content":{"rendered":"<div class=\"paragraph\">\n<p>Depuis ses d\u00e9buts, plus de 200 fresques ont ainsi compos\u00e9 une galerie \u00e0 ciel ouvert, gratuite et visible toute l\u2019ann\u00e9e.<\/p>\n<p>Cette fois, le festival port\u00e9 par le Spot se d\u00e9cline autour du th\u00e8me \u00ab\u00a0Couleurs et ornements\u00a0\u00bb. Une invitation esth\u00e9tique, mais pas seulement.<\/p>\n<p>Face \u00e0 la grisaille et \u00e0 l\u2019uniformit\u00e9, les organisateurs revendiquent la couleur comme un langage et la diversit\u00e9 comme une richesse\u00a0:<i> \u00ab<\/i><i>\u00a0<\/i><i>D\u00e9corons la r\u00e9sistance et colorons nos diff\u00e9rences.<\/i><i>\u00a0<\/i><i>\u00bb<\/i> Huit muralistes investiront les quartiers tandis que 29 artistes fran\u00e7ais et belges r\u00e9uniront pr\u00e8s de 300\u00a0\u0153uvres au Spot.<\/p>\n<p>Avant m\u00eame l\u2019ouverture officielle, la Chauffe de Ouf\u00a0! du 26\u00a0ao\u00fbt a permis de voir les \u0153uvres na\u00eetre sous les bombes et les pinceaux. Petits-d\u00e9jeuners<br \/>et ap\u00e9ritifs au pied des fresques, rencontres avec les artistes, balade guid\u00e9e ou vir\u00e9e \u00e0 v\u00e9lo\u00a0: ici, le public n\u2019est jamais bien loin de la cr\u00e9ation.<\/p>\n<p>Point culminant le 5 septembre, avec une grande inauguration au Spot, rue de l\u2019Enclos-Rey\u00a0: performances, spectacles de rue, musique et s\u00e9rigraphie accompagneront l\u2019ouverture de l\u2019exposition collective. Puis le festival continuera de vivre tout l\u2019automne entre cin\u00e9-concert, rencontres et rendez-vous autour du street art.<br \/>Une bonne raison de lever les yeux en traversant N\u00eemes.<\/p>\n<\/p><\/div>\n","protected":false},"excerpt":{"rendered":"Depuis ses d&eacute;buts, plus de 200 fresques ont ainsi compos&eacute; une galerie &agrave; ciel ouvert, gratuite et visible toute l&rsquo;ann&eacute;e.","protected":false},"author":1,"featured_media":40836,"comment_status":"open","ping_status":"open","sticky":false,"template":"","format":"standard","meta":{"footnotes":""},"categories":[32],"tags":[1236,279,329,238,5208,241,284,3191],"news-destination":[],"news-source":[475],"is_homepage":[],"ta_other":[],"class_list":["post-40835","post","type-post","status-publish","format-standard","has-post-thumbnail","hentry","category-culture","tag-artistes","tag-exposition","tag-festival","tag-gard","tag-graffiti","tag-nimes","tag-occitanie","tag-street-art","news-source-website"],"_links":{"self":[{"href":"https:\/\/euapp01.newsmemory.com\/lamarseillaise\/news\/wp-json\/wp\/v2\/posts\/40835","targetHints":{"allow":["GET"]}}],"collection":[{"href":"https:\/\/euapp01.newsmemory.com\/lamarseillaise\/news\/wp-json\/wp\/v2\/posts"}],"about":[{"href":"https:\/\/euapp01.newsmemory.com\/lamarseillaise\/news\/wp-json\/wp\/v2\/types\/post"}],"author":[{"embeddable":true,"href":"https:\/\/euapp01.newsmemory.com\/lamarseillaise\/news\/wp-json\/wp\/v2\/users\/1"}],"replies":[{"embeddable":true,"href":"https:\/\/euapp01.newsmemory.com\/lamarseillaise\/news\/wp-json\/wp\/v2\/comments?post=40835"}],"version-history":[{"count":1,"href":"https:\/\/euapp01.newsmemory.com\/lamarseillaise\/news\/wp-json\/wp\/v2\/posts\/40835\/revisions"}],"predecessor-version":[{"id":40837,"href":"https:\/\/euapp01.newsmemory.com\/lamarseillaise\/news\/wp-json\/wp\/v2\/posts\/40835\/revisions\/40837"}],"wp:featuredmedia":[{"embeddable":true,"href":"https:\/\/euapp01.newsmemory.com\/lamarseillaise\/news\/wp-json\/wp\/v2\/media\/40836"}],"wp:attachment":[{"href":"https:\/\/euapp01.newsmemory.com\/lamarseillaise\/news\/wp-json\/wp\/v2\/media?parent=40835"}],"wp:term":[{"taxonomy":"category","embeddable":true,"href":"https:\/\/euapp01.newsmemory.com\/lamarseillaise\/news\/wp-json\/wp\/v2\/categories?post=40835"},{"taxonomy":"post_tag","embeddable":true,"href":"https:\/\/euapp01.newsmemory.com\/lamarseillaise\/news\/wp-json\/wp\/v2\/tags?post=40835"},{"taxonomy":"news-destination","embeddable":true,"href":"https:\/\/euapp01.newsmemory.com\/lamarseillaise\/news\/wp-json\/wp\/v2\/news-destination?post=40835"},{"taxonomy":"news-source","embeddable":true,"href":"https:\/\/euapp01.newsmemory.com\/lamarseillaise\/news\/wp-json\/wp\/v2\/news-source?post=40835"},{"taxonomy":"is_homepage","embeddable":true,"href":"https:\/\/euapp01.newsmemory.com\/lamarseillaise\/news\/wp-json\/wp\/v2\/is_homepage?post=40835"},{"taxonomy":"ta_other","embeddable":true,"href":"https:\/\/euapp01.newsmemory.com\/lamarseillaise\/news\/wp-json\/wp\/v2\/ta_other?post=40835"}],"curies":[{"name":"wp","href":"https:\/\/api.w.org\/{rel}","templated":true}]}}