{"id":40832,"date":"2026-08-30T10:14:00","date_gmt":"2026-08-30T08:14:00","guid":{"rendered":"https:\/\/euapp01.newsmemory.com\/lamarseillaise\/news\/?p=40832"},"modified":"2026-08-30T23:16:17","modified_gmt":"2026-08-30T21:16:17","slug":"trottinettes-a-nimes-la-phase-de-prevention-se-poursuit","status":"publish","type":"post","link":"https:\/\/euapp01.newsmemory.com\/lamarseillaise\/news\/2026\/08\/30\/trottinettes-a-nimes-la-phase-de-prevention-se-poursuit\/","title":{"rendered":"Trottinettes \u00e0 N\u00eemes : la phase de pr\u00e9vention se poursuit"},"content":{"rendered":"<div class=\"paragraph\">\n<p>\u00ab <i>N<\/i><i>ous avons r\u00e9alis\u00e9 des centaines de sensibilisations<\/i>\u00a0\u00bb, d\u00e9taille Nicolas Nadal. L\u2019adjoint \u00e0 la s\u00e9curit\u00e9 \u00e0 N\u00eemes se f\u00e9licite \u00e9galement du lien cr\u00e9\u00e9, avec cette phase de pr\u00e9vention, entre les policiers municipaux et la population, loin du tout r\u00e9pressif parfois en vigueur dans d\u2019autres m\u00e9tropoles. Si cette phase devait prendre fin d\u00e9but septembre, elle est finalement prolong\u00e9e d\u2019un mois, au moins jusqu\u2019\u00e0 la fin de la feria des Vendanges. \u00ab\u00a0<i>Les \u00e9tudiants sont partis travailler durant l\u2019\u00e9t\u00e9 donc nous voulions leur rappeler aussi les r\u00e8gles pour qu\u2019ils ne passent pas une partie de l\u2019argent qu\u2019ils ont gagn\u00e9 cet \u00e9t\u00e9 dans des amendes<\/i>\u00a0\u00bb, explique Nicolas Nadal.<\/p>\n<p>L\u2019objectif reste aussi d\u2019informer les utilisateurs de trottinettes qui n\u2019ont jamais re\u00e7u de formation avant d\u2019enfourcher leur v\u00e9hicule \u00e9lectrique. D\u2019autant que les r\u00e8gles ont \u00e9t\u00e9 durcies \u00e0 N\u00eemes\u00a0: tous les utilisateurs doivent d\u00e9sormais porter un casque et une partie du centre-ville est interdite \u00e0 la circulation des trottinettes. \u00ab\u00a0<i>Pour l\u2019instant, les automatismes ne sont pas l\u00e0. Le port du casque n\u2019est pas syst\u00e9matique mais le fait de les sensibiliser est plut\u00f4t appr\u00e9ci\u00e9 de la population. C\u2019est une phase p\u00e9dagogique o\u00f9 nous avons r\u00e9alis\u00e9 des op\u00e9rations chaque semaine avec des policiers qui rappellent la philosophie autour du port du casque, qui rappellent qu\u2019il faut assurer le v\u00e9hicule et respecter les zones o\u00f9 ils peuvent circuler. On voit que les r\u00e8gles de conduite<\/i><i>\u00a0<\/i><i>: le t\u00e9l\u00e9phone, les \u00e9couteurs, le sens interdit, sont plut\u00f4t m\u00e9connues donc le rappel effectu\u00e9 par les policiers est bien accueilli. Nous avons aussi saisi des v\u00e9hicules qui avaient \u00e9t\u00e9 d\u00e9brid\u00e9s car c\u2019est formellement interdit. Bien s\u00fbr ce n\u2019est pas gagn\u00e9, mais nous constatons d\u00e9j\u00e0 que de plus en plus de casques apparaissent dans la ville<\/i>\u00a0\u00bb, s\u2019enthousiasme l\u2019\u00e9lu, qui est \u00e9galement officier de sapeur-pompier.<\/p>\n<\/p><\/div>\n<div class=\"intext\"> Une loi en pr\u00e9paration\n              <\/div>\n<div class=\"paragraph\">\n<p>L\u2019\u00e9lu socialiste a \u00e9galement constat\u00e9 que les r\u00e8gles \u00e9taient moins respect\u00e9es lorsque la nuit commen\u00e7ait \u00e0 tomber. Il a donc d\u00e9cid\u00e9 d\u2019engager en septembre des actions de pr\u00e9vention plus tard dans la journ\u00e9e. \u00ab\u00a0<i>Nous avons fait une tr\u00e8s grosse campagne de communication en recouvrant notamment tous les panneaux de la ville. Ce n\u2019est pas possible qu\u2019un N\u00eemois ne l\u2019ait pas vue. Sur toute la zone interdite aux trottinettes, nous avons aussi mis des panneaux \u00e0 l\u2019entr\u00e9e de chaque rue<\/i>\u00a0\u00bb, ajoute Nicolas Nadal. Les \u00e9lus n\u2019excluent pas non plus d\u2019imposer le port du gilet \u00e0 haute visibilit\u00e9, comme c\u2019est le cas \u00e0 Paris.<\/p>\n<p>Nicolas Nadal annonce \u00e9galement qu\u2019un projet de loi va \u00eatre propos\u00e9 aux parlementaires par la Ville de N\u00eemes et son maire Vincent Bouget (PCF) pour imposer \u00e0 tous les utilisateurs de trottinettes \u00e9lectriques le port du casque\u00a0: \u00ab\u00a0<i>Plusieurs villes imposent le port du casque mais c\u2019est tout de m\u00eame un vrai probl\u00e8me et c\u2019est pour cela que nous aimerions porter ce projet de loi au niveau national<\/i><i>\u00a0<\/i>\u00bb.<\/p>\n<\/p><\/div>\n","protected":false},"excerpt":{"rendered":"&laquo; Nous avons r&eacute;alis&eacute; des centaines de sensibilisations&nbsp;&raquo;, d&eacute;taille Nicolas Nadal. L&rsquo;adjoint &agrave; la s&eacute;curit&eacute; &agrave; N&icirc;mes se f&eacute;licite &eacute;galement du lien &#8230;","protected":false},"author":1,"featured_media":40833,"comment_status":"open","ping_status":"open","sticky":false,"template":"","format":"standard","meta":{"footnotes":""},"categories":[918,3926,3925,20],"tags":[247,238,241,284,250,734,431,543,111,666,1391,2418],"news-destination":[3944],"news-source":[475],"is_homepage":[],"ta_other":[],"class_list":["post-40832","post","type-post","status-publish","format-standard","has-post-thumbnail","hentry","category-accueil","category-accueil-merge","category-accueil-third","category-societe","tag-247","tag-gard","tag-nimes","tag-occitanie","tag-pcf","tag-police-municipale","tag-prevention","tag-ps","tag-securite","tag-transports","tag-trottinettes","tag-vincent-bouget","news-destination-homepage","news-source-website"],"_links":{"self":[{"href":"https:\/\/euapp01.newsmemory.com\/lamarseillaise\/news\/wp-json\/wp\/v2\/posts\/40832","targetHints":{"allow":["GET"]}}],"collection":[{"href":"https:\/\/euapp01.newsmemory.com\/lamarseillaise\/news\/wp-json\/wp\/v2\/posts"}],"about":[{"href":"https:\/\/euapp01.newsmemory.com\/lamarseillaise\/news\/wp-json\/wp\/v2\/types\/post"}],"author":[{"embeddable":true,"href":"https:\/\/euapp01.newsmemory.com\/lamarseillaise\/news\/wp-json\/wp\/v2\/users\/1"}],"replies":[{"embeddable":true,"href":"https:\/\/euapp01.newsmemory.com\/lamarseillaise\/news\/wp-json\/wp\/v2\/comments?post=40832"}],"version-history":[{"count":1,"href":"https:\/\/euapp01.newsmemory.com\/lamarseillaise\/news\/wp-json\/wp\/v2\/posts\/40832\/revisions"}],"predecessor-version":[{"id":40834,"href":"https:\/\/euapp01.newsmemory.com\/lamarseillaise\/news\/wp-json\/wp\/v2\/posts\/40832\/revisions\/40834"}],"wp:featuredmedia":[{"embeddable":true,"href":"https:\/\/euapp01.newsmemory.com\/lamarseillaise\/news\/wp-json\/wp\/v2\/media\/40833"}],"wp:attachment":[{"href":"https:\/\/euapp01.newsmemory.com\/lamarseillaise\/news\/wp-json\/wp\/v2\/media?parent=40832"}],"wp:term":[{"taxonomy":"category","embeddable":true,"href":"https:\/\/euapp01.newsmemory.com\/lamarseillaise\/news\/wp-json\/wp\/v2\/categories?post=40832"},{"taxonomy":"post_tag","embeddable":true,"href":"https:\/\/euapp01.newsmemory.com\/lamarseillaise\/news\/wp-json\/wp\/v2\/tags?post=40832"},{"taxonomy":"news-destination","embeddable":true,"href":"https:\/\/euapp01.newsmemory.com\/lamarseillaise\/news\/wp-json\/wp\/v2\/news-destination?post=40832"},{"taxonomy":"news-source","embeddable":true,"href":"https:\/\/euapp01.newsmemory.com\/lamarseillaise\/news\/wp-json\/wp\/v2\/news-source?post=40832"},{"taxonomy":"is_homepage","embeddable":true,"href":"https:\/\/euapp01.newsmemory.com\/lamarseillaise\/news\/wp-json\/wp\/v2\/is_homepage?post=40832"},{"taxonomy":"ta_other","embeddable":true,"href":"https:\/\/euapp01.newsmemory.com\/lamarseillaise\/news\/wp-json\/wp\/v2\/ta_other?post=40832"}],"curies":[{"name":"wp","href":"https:\/\/api.w.org\/{rel}","templated":true}]}}