{"id":40829,"date":"2026-08-30T10:30:00","date_gmt":"2026-08-30T08:30:00","guid":{"rendered":"https:\/\/euapp01.newsmemory.com\/lamarseillaise\/news\/?p=40829"},"modified":"2026-08-30T23:16:17","modified_gmt":"2026-08-30T21:16:17","slug":"sonia-bellina-lenquete-avance-la-haine-misogyne-eclate","status":"publish","type":"post","link":"https:\/\/euapp01.newsmemory.com\/lamarseillaise\/news\/2026\/08\/30\/sonia-bellina-lenquete-avance-la-haine-misogyne-eclate\/","title":{"rendered":"Sonia Bellina : l\u2019enqu\u00eate avance, la haine misogyne \u00e9clate"},"content":{"rendered":"<div class=\"paragraph\">\n<p>Le 21\u00a0ao\u00fbt, l\u2019enqu\u00eate sur la mort de Sonia Bellina a franchi une \u00e9tape d\u00e9cisive. Un homme de 32 ans, domicili\u00e9 dans le Gard, a \u00e9t\u00e9 mis en examen pour \u00ab\u00a0<i>assassinat<\/i><i>\u00a0<\/i>\u00bb et plac\u00e9 en d\u00e9tention provisoire. Le suspect, pr\u00e9sum\u00e9 innocent, a reconnu avoir rencontr\u00e9 la jeune femme la veille et la nuit des faits dans le cadre d\u2019une relation tarif\u00e9e, mais n\u2019a pas reconnu l\u2019avoir tu\u00e9e et a exerc\u00e9 son droit au silence. Selon le parquet, plusieurs \u00e9l\u00e9ments laissent penser qu\u2019il aurait \u00e9t\u00e9 son dernier contact.<\/p>\n<p>D\u00e9j\u00e0 condamn\u00e9 pour violences conjugales en 2023, il portait un bracelet anti-rapprochement destin\u00e9 \u00e0 prot\u00e9ger son ex-compagne. Un second homme, plac\u00e9 en garde \u00e0 vue, a \u00e9t\u00e9 remis en libert\u00e9 et mis hors de cause \u00e0 ce stade. Pour rappel, le corps de Sonia Bellina, 29\u00a0ans, avait \u00e9t\u00e9 d\u00e9couvert le 12\u00a0ao\u00fbt partiellement carbonis\u00e9 dans des vignes \u00e0 Saint-Gilles. Son identit\u00e9 a \u00e9t\u00e9 confirm\u00e9e une semaine plus tard par ADN. L\u2019information judiciaire doit d\u00e9sormais pr\u00e9ciser le d\u00e9roulement et le mobile du crime.<\/p>\n<\/p><\/div>\n<div class=\"intext\"> La misogynie<br \/>\n               <br \/>jusque dans la mort\n              <\/div>\n<div class=\"paragraph\">\n<p>Si la justice retient \u00e0 ce stade la qualification d\u2019\u00ab\u00a0<i>assassinat<\/i><i>\u00a0<\/i>\u00a0\u00bb, plusieurs associations et responsables politiques parlent d\u00e9j\u00e0 de f\u00e9minicide. Le mobile misogyne n\u2019est pas \u00e9tabli par l\u2019enqu\u00eate. Mais la misogynie s\u2019est manifest\u00e9e avec violence apr\u00e8s sa mort\u00a0: commentaires sur son corps, sa vie priv\u00e9e ou encore son activit\u00e9 suppos\u00e9e d\u2019escort-girl, jusqu\u2019\u00e0 des messages affirmant qu\u2019elle aurait \u00ab\u00a0<i>m\u00e9rit\u00e9<\/i><i>\u00a0<\/i>\u00bb son sort. Une m\u00e9canique bien connue des associations f\u00e9ministes\u00a0: diss\u00e9quer une vie et des choix pour chercher \u00e0 expliquer, relativiser voire excuser la violence subie.<\/p>\n<p>Sa famille, par la voix de son avocat M<sup>e<\/sup> M. Battikha, a d\u00e9nonc\u00e9 une \u00ab\u00a0<i>double peine<\/i>\u00a0\u00bb et annonc\u00e9 vouloir poursuivre les auteurs de ces publications. Au-del\u00e0 de l\u2019enqu\u00eate, l\u2019affaire Sonia Bellina met une nouvelle fois en lumi\u00e8re la persistance d\u2019une culture de culpabilisation des femmes victimes de violences, jusque dans la mort.<\/p>\n<\/p><\/div>\n<div class=\"paragraph\">\n<p><b>\u00ab Un f\u00e9minicide suppl\u00e9mentaire \u00bb<\/b><\/p>\n<p>La section n\u00eemoise du PCF indique dans un communiqu\u00e9 son \u00ab <i>horreur<\/i> \u00bb apr\u00e8s l\u2019assassinat de Sonia Bellina et adresse ses condol\u00e9ances \u00e0 sa famille. Pour son secr\u00e9taire Jacques Chabalier, ce crime constitue \u00ab <i>un f\u00e9minicide suppl\u00e9mentaire<\/i> \u00bb et rappelle l\u2019urgence de faire des violences faites aux femmes une priorit\u00e9 nationale. Le parti d\u00e9nonce aussi les \u00ab <i>logiques masculinistes<\/i> \u00bb et les propos misogynes diffus\u00e9s depuis la mort de la jeune femme sur les r\u00e9seaux sociaux, appelant \u00e0 des plaintes et des condamnations. A.J.<\/p>\n<\/p><\/div>\n","protected":false},"excerpt":{"rendered":"Le 21&nbsp;ao&ucirc;t, l&rsquo;enqu&ecirc;te sur la mort de Sonia Bellina a franchi une &eacute;tape d&eacute;cisive. Un homme de 32 ans, domicili&eacute; dans le Gard, a &eacute;t&eacute; mis en examen pour &laquo;&nbsp;assassinat&nbsp;&raquo; et &#8230;","protected":false},"author":1,"featured_media":40830,"comment_status":"open","ping_status":"open","sticky":false,"template":"","format":"standard","meta":{"footnotes":""},"categories":[918,3926,3925,20],"tags":[2727,1115,1276,3283,387,238,1069,200,5844,284,380,4022,1941,2787,1304],"news-destination":[3944],"news-source":[475],"is_homepage":[],"ta_other":[],"class_list":["post-40829","post","type-post","status-publish","format-standard","has-post-thumbnail","hentry","category-accueil","category-accueil-merge","category-accueil-third","category-societe","tag-assassinat","tag-cyberharcelement","tag-enquete","tag-feminicide","tag-femmes","tag-gard","tag-haine","tag-justice","tag-misogynie","tag-occitanie","tag-reseaux-sociaux","tag-saint-gilles","tag-victimes","tag-violences-faites-aux-femmes","tag-violences-sexuelles","news-destination-homepage","news-source-website"],"_links":{"self":[{"href":"https:\/\/euapp01.newsmemory.com\/lamarseillaise\/news\/wp-json\/wp\/v2\/posts\/40829","targetHints":{"allow":["GET"]}}],"collection":[{"href":"https:\/\/euapp01.newsmemory.com\/lamarseillaise\/news\/wp-json\/wp\/v2\/posts"}],"about":[{"href":"https:\/\/euapp01.newsmemory.com\/lamarseillaise\/news\/wp-json\/wp\/v2\/types\/post"}],"author":[{"embeddable":true,"href":"https:\/\/euapp01.newsmemory.com\/lamarseillaise\/news\/wp-json\/wp\/v2\/users\/1"}],"replies":[{"embeddable":true,"href":"https:\/\/euapp01.newsmemory.com\/lamarseillaise\/news\/wp-json\/wp\/v2\/comments?post=40829"}],"version-history":[{"count":1,"href":"https:\/\/euapp01.newsmemory.com\/lamarseillaise\/news\/wp-json\/wp\/v2\/posts\/40829\/revisions"}],"predecessor-version":[{"id":40831,"href":"https:\/\/euapp01.newsmemory.com\/lamarseillaise\/news\/wp-json\/wp\/v2\/posts\/40829\/revisions\/40831"}],"wp:featuredmedia":[{"embeddable":true,"href":"https:\/\/euapp01.newsmemory.com\/lamarseillaise\/news\/wp-json\/wp\/v2\/media\/40830"}],"wp:attachment":[{"href":"https:\/\/euapp01.newsmemory.com\/lamarseillaise\/news\/wp-json\/wp\/v2\/media?parent=40829"}],"wp:term":[{"taxonomy":"category","embeddable":true,"href":"https:\/\/euapp01.newsmemory.com\/lamarseillaise\/news\/wp-json\/wp\/v2\/categories?post=40829"},{"taxonomy":"post_tag","embeddable":true,"href":"https:\/\/euapp01.newsmemory.com\/lamarseillaise\/news\/wp-json\/wp\/v2\/tags?post=40829"},{"taxonomy":"news-destination","embeddable":true,"href":"https:\/\/euapp01.newsmemory.com\/lamarseillaise\/news\/wp-json\/wp\/v2\/news-destination?post=40829"},{"taxonomy":"news-source","embeddable":true,"href":"https:\/\/euapp01.newsmemory.com\/lamarseillaise\/news\/wp-json\/wp\/v2\/news-source?post=40829"},{"taxonomy":"is_homepage","embeddable":true,"href":"https:\/\/euapp01.newsmemory.com\/lamarseillaise\/news\/wp-json\/wp\/v2\/is_homepage?post=40829"},{"taxonomy":"ta_other","embeddable":true,"href":"https:\/\/euapp01.newsmemory.com\/lamarseillaise\/news\/wp-json\/wp\/v2\/ta_other?post=40829"}],"curies":[{"name":"wp","href":"https:\/\/api.w.org\/{rel}","templated":true}]}}