{"id":40826,"date":"2026-08-30T10:27:00","date_gmt":"2026-08-30T08:27:00","guid":{"rendered":"https:\/\/euapp01.newsmemory.com\/lamarseillaise\/news\/?p=40826"},"modified":"2026-08-30T23:16:17","modified_gmt":"2026-08-30T21:16:17","slug":"le-scum-pointe-une-selection-sociale-et-raciste","status":"publish","type":"post","link":"https:\/\/euapp01.newsmemory.com\/lamarseillaise\/news\/2026\/08\/30\/le-scum-pointe-une-selection-sociale-et-raciste\/","title":{"rendered":"Le Scum pointe une \u00ab&nbsp;s\u00e9lection sociale et raciste&nbsp;\u00bb"},"content":{"rendered":"<div class=\"paragraph\">\n<p>Soixante-douze. C\u2019est le nombre d\u2019\u00e9tudiants dipl\u00f4m\u00e9s (Bac ou licence) sans affectation en licence ou master qui s\u2019\u00e9taient tourn\u00e9s vers le Scum l\u2019an pass\u00e9, apr\u00e8s avoir \u00e9puis\u00e9 tous les records. Avec le coup de main du Syndicat de combat universitaire de Montpellier, 29 avaient fini par obtenir gain de cause dont 14 dans la fili\u00e8re de leur choix.<\/p>\n<p>Cette ann\u00e9e, Ka\u00efs Ait Addi craint une rentr\u00e9e encore plus difficile. <i>\u00ab<\/i><i>\u00a0<\/i><i>Depuis juin, on re\u00e7oit des mails toutes les semaines. On a d\u00e9j\u00e0 plusieurs dizaines de cas d\u2019\u00e9tudiants sans affectation<\/i><i>\u00a0<\/i><i>\u00bb<\/i>, rapporte le porte-parole du Scum.<\/p>\n<p>Il n\u2019est pas \u00e9tonn\u00e9 car cette impasse d\u00e9coule d\u2019une politique nationale qui <i>\u00ab<\/i><i>\u00a0<\/i><i>r\u00e9duit les places en master et ferme des licences<\/i><i>\u00a0<\/i><i>\u00bb<\/i>. Si l\u2019Universit\u00e9 de Montpellier (UM) et surtout Paul Val\u00e9ry sont moins touch\u00e9s, des \u00e9tudiants d\u2019autres villes dont les fili\u00e8res n\u2019existent plus se rabattent dans l\u2019H\u00e9rault, ce qui cr\u00e9e des tensions.<\/p>\n<\/p><\/div>\n<div class=\"intext\"> Dipl\u00f4me d\u00e9valoris\u00e9\n              <\/div>\n<div class=\"paragraph\">\n<p>Les cas port\u00e9s \u00e0 connaissance du Scum ne sont que la partie \u00e9merg\u00e9e de l\u2019iceberg. Car la plateforme MonMaster incite les \u00e9tudiants sans affectation \u00e0 s\u2019inscrire en phase compl\u00e9mentaire. Une sorte de liste d\u2019attente avec faible chance de succ\u00e8s (si d\u00e9sistement) qui les fait poiroter jusqu\u2019en octobre voire novembre. <i>\u00ab<\/i><i>\u00a0<\/i><i>C\u2019est une mani\u00e8re de couper nos actions de contestation, de nous emp\u00eacher de lancer des proc\u00e9dures. \u00c7a pousse aussi les \u00e9tudiants \u00e0 rester dans la ville o\u00f9 ils esp\u00e8rent \u00e9tudier donc \u00e0 garder leur logement<\/i><i>\u00a0<\/i><i>\u00bb<\/i>, pr\u00e9cise Ka\u00efs Ait Addi. Ce qui n\u2019est pas sans cons\u00e9quence, une ann\u00e9e perdue pouvant \u00eatre synonyme de perte de bourses par exemple.<\/p>\n<p>Le porte-parole du Scum d\u00e9nonce un syst\u00e8me de s\u00e9lection qui va \u00e0 l\u2019encontre du <i>\u00ab<\/i><i>\u00a0<\/i><i>droit d\u2019\u00e9tudier<\/i><i>\u00a0<\/i><i>\u00bb<\/i> et qualifi\u00e9 par ailleurs <i>\u00ab<\/i><i>\u00a0<\/i><i>d\u2019anti-sociale et raciste<\/i><i>\u00a0<\/i><i>\u00bb.<\/i> <i>\u00ab<\/i><i>\u00a0<\/i><i>Une \u00e9tude <\/i>[de l\u2019Observatoire national des discriminations et de l\u2019\u00e9galit\u00e9 dans le sup\u00e9rieur, Ndlr]<i> d\u00e9montre qu\u2019avec un patronyme \u00e0 consonance maghr\u00e9bine ou subsaharienne, un \u00e9tudiant a 8% de chance de moins de se voir proposer un master. Parfois, il n\u2019a m\u00eame pas de r\u00e9ponse<\/i><i>\u00a0<\/i><i>\u00bb<\/i>.<\/p>\n<p>Ka\u00efs Ait Addi d\u00e9plore que ce syst\u00e8me jug\u00e9 discriminant, instaur\u00e9 en 2018 avec Parcoursup, soit devenu la norme. <i>\u00ab<\/i><i>\u00a0<\/i><i>Les \u00e9tudiants se font de plus en plus \u00e0 cette s\u00e9lection ill\u00e9gale qui d\u00e9valorise le dipl\u00f4me.<\/i><i>\u00a0<\/i><i>\u00bb<\/i> Pour leur rappeler leurs droits, le Scum organise deux r\u00e9unions d\u2019information \u00e0 l\u2019UM (jeudi 10\u00a0septembre \u00e0 18h salle 2.3.04 b\u00e2timent 2) et \u00e0 Paul Val\u00e9ry (vendredi 11).<\/p>\n<\/p><\/div>\n","protected":false},"excerpt":{"rendered":"Soixante-douze. C&rsquo;est le nombre d&rsquo;&eacute;tudiants dipl&ocirc;m&eacute;s (Bac ou licence) sans affectation en licence ou master qui s&rsquo;&eacute;taient tourn&eacute;s vers le Scum l&rsquo;an pass&eacute;, apr&egrave;s avoir &#8230;","protected":false},"author":1,"featured_media":40827,"comment_status":"open","ping_status":"open","sticky":false,"template":"","format":"standard","meta":{"footnotes":""},"categories":[918,3926,3925,331,20],"tags":[1668,1125,2192,4612,2326,1518,239,1599,240,284,857,712,2005,1615,2520],"news-destination":[3944],"news-source":[475],"is_homepage":[],"ta_other":[],"class_list":["post-40826","post","type-post","status-publish","format-standard","has-post-thumbnail","hentry","category-accueil","category-accueil-merge","category-accueil-third","category-social","category-societe","tag-academie-de-montpellier","tag-baccalaureat","tag-bourses","tag-enseignement-superieur","tag-etudes","tag-etudiants","tag-herault","tag-licence","tag-montpellier","tag-occitanie","tag-racisme","tag-rentree-scolaire","tag-scum","tag-universite","tag-universites","news-destination-homepage","news-source-website"],"_links":{"self":[{"href":"https:\/\/euapp01.newsmemory.com\/lamarseillaise\/news\/wp-json\/wp\/v2\/posts\/40826","targetHints":{"allow":["GET"]}}],"collection":[{"href":"https:\/\/euapp01.newsmemory.com\/lamarseillaise\/news\/wp-json\/wp\/v2\/posts"}],"about":[{"href":"https:\/\/euapp01.newsmemory.com\/lamarseillaise\/news\/wp-json\/wp\/v2\/types\/post"}],"author":[{"embeddable":true,"href":"https:\/\/euapp01.newsmemory.com\/lamarseillaise\/news\/wp-json\/wp\/v2\/users\/1"}],"replies":[{"embeddable":true,"href":"https:\/\/euapp01.newsmemory.com\/lamarseillaise\/news\/wp-json\/wp\/v2\/comments?post=40826"}],"version-history":[{"count":1,"href":"https:\/\/euapp01.newsmemory.com\/lamarseillaise\/news\/wp-json\/wp\/v2\/posts\/40826\/revisions"}],"predecessor-version":[{"id":40828,"href":"https:\/\/euapp01.newsmemory.com\/lamarseillaise\/news\/wp-json\/wp\/v2\/posts\/40826\/revisions\/40828"}],"wp:featuredmedia":[{"embeddable":true,"href":"https:\/\/euapp01.newsmemory.com\/lamarseillaise\/news\/wp-json\/wp\/v2\/media\/40827"}],"wp:attachment":[{"href":"https:\/\/euapp01.newsmemory.com\/lamarseillaise\/news\/wp-json\/wp\/v2\/media?parent=40826"}],"wp:term":[{"taxonomy":"category","embeddable":true,"href":"https:\/\/euapp01.newsmemory.com\/lamarseillaise\/news\/wp-json\/wp\/v2\/categories?post=40826"},{"taxonomy":"post_tag","embeddable":true,"href":"https:\/\/euapp01.newsmemory.com\/lamarseillaise\/news\/wp-json\/wp\/v2\/tags?post=40826"},{"taxonomy":"news-destination","embeddable":true,"href":"https:\/\/euapp01.newsmemory.com\/lamarseillaise\/news\/wp-json\/wp\/v2\/news-destination?post=40826"},{"taxonomy":"news-source","embeddable":true,"href":"https:\/\/euapp01.newsmemory.com\/lamarseillaise\/news\/wp-json\/wp\/v2\/news-source?post=40826"},{"taxonomy":"is_homepage","embeddable":true,"href":"https:\/\/euapp01.newsmemory.com\/lamarseillaise\/news\/wp-json\/wp\/v2\/is_homepage?post=40826"},{"taxonomy":"ta_other","embeddable":true,"href":"https:\/\/euapp01.newsmemory.com\/lamarseillaise\/news\/wp-json\/wp\/v2\/ta_other?post=40826"}],"curies":[{"name":"wp","href":"https:\/\/api.w.org\/{rel}","templated":true}]}}