{"id":40819,"date":"2026-08-29T21:54:00","date_gmt":"2026-08-29T19:54:00","guid":{"rendered":"https:\/\/euapp01.newsmemory.com\/lamarseillaise\/news\/?p=40819"},"modified":"2026-08-30T23:16:17","modified_gmt":"2026-08-30T21:16:17","slug":"ligue-europa-lom-debutera-a-besiktas","status":"publish","type":"post","link":"https:\/\/euapp01.newsmemory.com\/lamarseillaise\/news\/2026\/08\/29\/ligue-europa-lom-debutera-a-besiktas\/","title":{"rendered":"Ligue Europa : L\u2019OM d\u00e9butera \u00e0 Besiktas"},"content":{"rendered":"<div class=\"paragraph\">\n<p>Les Marseillais vont pouvoir se pr\u00e9parer aux joutes europ\u00e9ennes, avec un premier voyage \u00e0 Istanbul, quatre jours avant la r\u00e9ception du PSG au V\u00e9lodrome.<\/p>\n<p>J1 : 17 septembre 2026, contre Besiktas (TUR), \u00e0 l\u2019ext\u00e9rieur (21 heures).<\/p>\n<p>J2 : 15 octobre 2026, contre Olympiakos (GRE), \u00e0 domicile (21 heures).<\/p>\n<p>J3 : 22 octobre 2026, contre le Sturm Graz (AUT), \u00e0 l\u2019ext\u00e9rieur (18h45).<\/p>\n<p>J4 : 5 novembre 2026, contre le Bayer Leverkusen (ALL), \u00e0 l\u2019ext\u00e9rieur (21 heures).<\/p>\n<p>J5 : 26 novembre 2026, contre le Levski Sofia (BUL), \u00e0 domicile (18h45).<\/p>\n<p>J6 : 10 d\u00e9cembre 2026, contre le Celta Vigo (ESP), \u00e0 domicile (18h45).<\/p>\n<p>J7 : 2 janvier 2027, contre le Celtic (ECO), \u00e0 l\u2019ext\u00e9rieur (21 heures).<\/p>\n<p>J8 : 28 janvier 2027, contre Anderlecht (BEL), \u00e0 domicile (21 heures).<\/p>\n<\/p><\/div>\n","protected":false},"excerpt":{"rendered":"Les Marseillais vont pouvoir se pr&eacute;parer aux joutes europ&eacute;ennes, avec un premier voyage &agrave; Istanbul, quatre jours avant la r&eacute;ception du PSG au V&eacute;lodrome.J1 : 17 septembre 2026, contre Besiktas (TUR), &agrave; &#8230;","protected":false},"author":1,"featured_media":40820,"comment_status":"open","ping_status":"open","sticky":false,"template":"","format":"standard","meta":{"footnotes":""},"categories":[918,3926,3925,7],"tags":[598,13,3170,14,2385],"news-destination":[3944],"news-source":[475],"is_homepage":[],"ta_other":[],"class_list":["post-40819","post","type-post","status-publish","format-standard","has-post-thumbnail","hentry","category-accueil","category-accueil-merge","category-accueil-third","category-sports","tag-europe","tag-football","tag-ligue-europa","tag-om","tag-turquie","news-destination-homepage","news-source-website"],"_links":{"self":[{"href":"https:\/\/euapp01.newsmemory.com\/lamarseillaise\/news\/wp-json\/wp\/v2\/posts\/40819","targetHints":{"allow":["GET"]}}],"collection":[{"href":"https:\/\/euapp01.newsmemory.com\/lamarseillaise\/news\/wp-json\/wp\/v2\/posts"}],"about":[{"href":"https:\/\/euapp01.newsmemory.com\/lamarseillaise\/news\/wp-json\/wp\/v2\/types\/post"}],"author":[{"embeddable":true,"href":"https:\/\/euapp01.newsmemory.com\/lamarseillaise\/news\/wp-json\/wp\/v2\/users\/1"}],"replies":[{"embeddable":true,"href":"https:\/\/euapp01.newsmemory.com\/lamarseillaise\/news\/wp-json\/wp\/v2\/comments?post=40819"}],"version-history":[{"count":1,"href":"https:\/\/euapp01.newsmemory.com\/lamarseillaise\/news\/wp-json\/wp\/v2\/posts\/40819\/revisions"}],"predecessor-version":[{"id":40821,"href":"https:\/\/euapp01.newsmemory.com\/lamarseillaise\/news\/wp-json\/wp\/v2\/posts\/40819\/revisions\/40821"}],"wp:featuredmedia":[{"embeddable":true,"href":"https:\/\/euapp01.newsmemory.com\/lamarseillaise\/news\/wp-json\/wp\/v2\/media\/40820"}],"wp:attachment":[{"href":"https:\/\/euapp01.newsmemory.com\/lamarseillaise\/news\/wp-json\/wp\/v2\/media?parent=40819"}],"wp:term":[{"taxonomy":"category","embeddable":true,"href":"https:\/\/euapp01.newsmemory.com\/lamarseillaise\/news\/wp-json\/wp\/v2\/categories?post=40819"},{"taxonomy":"post_tag","embeddable":true,"href":"https:\/\/euapp01.newsmemory.com\/lamarseillaise\/news\/wp-json\/wp\/v2\/tags?post=40819"},{"taxonomy":"news-destination","embeddable":true,"href":"https:\/\/euapp01.newsmemory.com\/lamarseillaise\/news\/wp-json\/wp\/v2\/news-destination?post=40819"},{"taxonomy":"news-source","embeddable":true,"href":"https:\/\/euapp01.newsmemory.com\/lamarseillaise\/news\/wp-json\/wp\/v2\/news-source?post=40819"},{"taxonomy":"is_homepage","embeddable":true,"href":"https:\/\/euapp01.newsmemory.com\/lamarseillaise\/news\/wp-json\/wp\/v2\/is_homepage?post=40819"},{"taxonomy":"ta_other","embeddable":true,"href":"https:\/\/euapp01.newsmemory.com\/lamarseillaise\/news\/wp-json\/wp\/v2\/ta_other?post=40819"}],"curies":[{"name":"wp","href":"https:\/\/api.w.org\/{rel}","templated":true}]}}