{"id":40815,"date":"2026-08-29T20:02:00","date_gmt":"2026-08-29T18:02:00","guid":{"rendered":"https:\/\/euapp01.newsmemory.com\/lamarseillaise\/news\/?p=40815"},"modified":"2026-08-30T23:16:17","modified_gmt":"2026-08-30T21:16:17","slug":"le-coin-bd-falstaff-le-bouffon-de-shakespeare-passe-des-planches-aux-cases","status":"publish","type":"post","link":"https:\/\/euapp01.newsmemory.com\/lamarseillaise\/news\/2026\/08\/29\/le-coin-bd-falstaff-le-bouffon-de-shakespeare-passe-des-planches-aux-cases\/","title":{"rendered":"[Le coin BD] Falstaff, le bouffon de Shakespeare, passe des planches aux cases"},"content":{"rendered":"<div class=\"paragraph\">\n<p>Roi de la vantardise, prince des d\u00e9bauch\u00e9s, voleur, menteur et magouilleur, le gros et gras personnage de Falstaff parviendra-t-il \u00e0 corrompre l\u2019h\u00e9ritier mal aim\u00e9 de la couronne d\u2019Angleterre. H\u00e2bleur incorrigible, le chevalier John Falstaff brille pourtant d\u2019avantage dans les auberges malfam\u00e9es de Londres que sur les champs de bataille o\u00f9 il pr\u00e9tend pourtant contre toute \u00e9vidence briller. Il prend sous son aile de voleur Hal, prince de Galles et h\u00e9ritier de la couronne d\u2019Angleterre, mal aim\u00e9 de son p\u00e8re Henri IV. Le prince est s\u00e9duit par le bagout qui ne craint jamais le ridicule de ce roi des voleurs. Mais la guerre civile est de retour en Grande-Bretagne, le tr\u00f4ne d\u2019Henri IV est aussi chancelant que sa sant\u00e9 et le prince h\u00e9ritier ne pourra plus \u00e9chapper \u00e0 ses responsabilit\u00e9s. Quant \u00e0 Falstaff, personnage plus que jamais actuel, manipulateur \u00e9go\u00efste sans aucune vergogne, \u00ab\u00a0<i>parvenu pr\u00eat \u00e0 marcher sur son prochain pour se frayer un chemin vers les sommets<\/i>\u00a0\u00bb, selon le sc\u00e9nariste, \u00ab\u00a0<i>il ne d\u00e9parerait pas dans une soci\u00e9t\u00e9 trumpienne, mais lui le fait avec dr\u00f4lerie<\/i>\u00a0\u00bb.<\/p>\n<p>Le personnage le plus populaire de Shakespeare, comique, ambigu, aussi excessif qu\u2019attachant, est superbement mis en sc\u00e8ne dans cette adaptation par Pierre Boisserie au sc\u00e9nario, Goho au dessin et Isabelle Merlet \u00e0 la couleur, une tragi-com\u00e9die toujours aussi irr\u00e9sistible.<\/p>\n<\/p><\/div>\n<div class=\"paragraph\">\n<p><b>ET AUSSI&#8230;<\/b><\/p>\n<p><b>Dumas \u00e0 Naples<\/b><\/p>\n<\/p><\/div>\n<div class=\"paragraph\">\n<p>Quelle belle id\u00e9e de Marcello Onzo et Fiamma Luzzati de plonger dans les ruelles de Naples en compagnie du truculent Alexandre Dumas. L\u2019autrice en terrasse chez Gambrinus, le c\u00e9l\u00e8bre caf\u00e9 napolitain, y lit le <i>Voyage en Italie<\/i> de Goethe avec pour projet de l\u2019adapter. Mais l\u2019auteur des <i>Trois mousquetaires<\/i> va l\u2019entra\u00eener dans le pass\u00e9 de la ville pour lui faire oublier l\u2019ennuyeux allemand. Elle y croisera Rossini, le dey d\u2019Alger et son harem, bourgeois et voleurs et le terrible V\u00e9suve. Un must pour les amoureux de cette cit\u00e9 unique et \u00e9ternelle.<\/p>\n<p><i>Chez Actes Sud BD, 18,90 \u20ac<\/i><\/p>\n<p><b>L\u2019homme qui vendit la tour Eiffel<\/b><\/p>\n<\/p><\/div>\n<div class=\"paragraph\">\n<p>\u00ab <i>D\u2019apr\u00e8s une histoire presque vraie <\/i>\u00bb, cette tr\u00e9pidante com\u00e9die suit le personnage r\u00e9el L\u00e9o Lustig, escroc qui en 1925 r\u00e9ussit \u00e0 vendre rubis sur l\u2019ongle la tour Eiffel \u00e0 un ferrailleur cr\u00e9dule. Servi par le dessin \u00e9lastique de Joseph Falzon, le sc\u00e9nario de St\u00e9phane Marchetti nous rappelle que \u00ab <i>plus c\u2019est gros, plus \u00e7a passe <\/i>\u00bb. Fiction et r\u00e9alit\u00e9 se m\u00ealent dans cette BD o\u00f9 l\u2019on sourit et o\u00f9 l\u2019on rit des bobards qui vont arnaquer le pigeon alors que les polices fran\u00e7aises et am\u00e9ricaines sont sur les dents. Une r\u00e9ussite.<\/p>\n<p><i>Chez Dargaud, 19,95 \u20ac<\/i><\/p>\n<p><b>Saperlache<\/b><\/p>\n<\/p><\/div>\n<div class=\"paragraph\">\n<p>Un tr\u00e8s beau conte sur la folie et l\u2019enfance sign\u00e9 du montpelli\u00e9rain Sylvain Escalon autour du combat entre l\u2019innocence et le mal chez un enfant d\u00e9laiss\u00e9 par des parents que la conjoncture \u00e9conomique a ruin\u00e9s. Pour fuir ce p\u00e8re autoritaire, il va errer \u00e0 travers champs et se r\u00e9fugier dans l\u2019imaginaire pour fuir la violence des adultes. Mais il y d\u00e9couvrira une autre violence, celle des cr\u00e9atures qui lui parlent dans la for\u00eat, l\u2019accueillent et jouent avec lui. Avant de l\u2019encourager \u00e0 voler, \u00e0 d\u00e9truire et \u00e0 faire du mal. Uns superbe BD totalement originale.<\/p>\n<p><i>Chez Sarbacane, 26,00 \u20ac<\/i><\/p>\n<p><b>llah n\u2019est pas oblig\u00e9<\/b><\/p>\n<\/p><\/div>\n<div class=\"paragraph\">\n<p>Du chef-d\u2019\u0153uvre de l\u2019ivoirien Ahmadou Kourouma, prix Renaudot et Goncourt des lyc\u00e9ens \u00e0 sa sortie, Zaven Najjar et Karine Winczura tirent une percutante BD, en plus du film d\u2019animation sorti en mars dernier. Comme dans le roman, le lecteur suit de destin de Birahima, jeune gar\u00e7on insolent et attachent devenu enfant-soldat dans les guerres civiles qui ont d\u00e9chir\u00e9 entre 1991 et 2002 le Liberia et la Sierra Leone. L\u2019histoire de cette d\u00e9rive vue \u00e0 hauteur et avec des mots d\u2019enfant manipul\u00e9 par des adultes ultra-violents est toujours aussi poignante.<\/p>\n<p><i>Chez Dupuis, 21,95 \u20ac<\/i><\/p>\n<p><b>La premi\u00e8re guerre mondiale en BD<\/b><\/p>\n<\/p><\/div>\n<div class=\"paragraph\">\n<p>Arnaud de la Croix et Vincente Cifuentes Martinez leur vision du premier conflit mondial. De mani\u00e8re tr\u00e8s p\u00e9dagogique, ils abordent les causes et personnages de cette guerre qui a impliqu\u00e9 plus de soldats, provoqu\u00e9 plus de morts, de bless\u00e9s et de disparus, caus\u00e9 plus de destructions qu\u2019aucune autre confrontation militaire jusqu\u2019alors. Cette entr\u00e9e hyperviolente dans un XXe si\u00e8cle qui saura repousser encore plus loin les fronti\u00e8res de l\u2019horreur causera la chute de quatre empires et lancera la puissance am\u00e9ricaine tout autant que la r\u00e9volution bolchevique.<\/p>\n<p><i>Chez Le Lombard, 29,90 \u20ac<\/i><\/p>\n<p><b>L\u2019\u00e9vasion de Colditz<\/b><\/p>\n<\/p><\/div>\n<div class=\"paragraph\">\n<p>Les Espagnols Salva Rubio et Alejandro Gonzales \u00e9voquent dans ce premier tome d\u2019un diptyque l\u2019histoire vraie d\u2019une \u00e9vasion aussi l\u00e9gendaire qu\u2019incroyable durant la Seconde Guerre mondiale. Officiers prisonniers fran\u00e7ais, anglais et venus de toute l\u2019Europe se retrouvent dans la forteresse de Colditz, un ch\u00e2teau que les nazis ont transform\u00e9 en prison inviolable. Mais le devoir d\u2019un officier est de s\u2019\u00e9vader et tous les plans, des plus farfelus aux plus fous, vont \u00eatre tent\u00e9s, avec succ\u00e8s ou non. Car chaque tentative d\u2019\u00e9vasion est un acte de r\u00e9sistance et de guerre.<\/p>\n<p><i>Chez Gl\u00e9nat, 19,00 \u20ac<\/i><\/p>\n<\/p><\/div>\n","protected":false},"excerpt":{"rendered":"Roi de la vantardise, prince des d&eacute;bauch&eacute;s, voleur, menteur et magouilleur, le gros et gras personnage de Falstaff parviendra-t-il &agrave; corrompre l&rsquo;h&eacute;ritier mal aim&eacute; de la couronne d&rsquo;Angleterre. &#8230;","protected":false},"author":1,"featured_media":40816,"comment_status":"open","ping_status":"open","sticky":false,"template":"","format":"standard","meta":{"footnotes":""},"categories":[918,3926,3925,32],"tags":[1262,2859,572,1293,1248,1244,988,2001],"news-destination":[3944],"news-source":[475],"is_homepage":[],"ta_other":[],"class_list":["post-40815","post","type-post","status-publish","format-standard","has-post-thumbnail","hentry","category-accueil","category-accueil-merge","category-accueil-third","category-culture","tag-bande-dessinee","tag-bd","tag-france","tag-lecture","tag-livre","tag-livres","tag-week-end","tag-weekend","news-destination-homepage","news-source-website"],"_links":{"self":[{"href":"https:\/\/euapp01.newsmemory.com\/lamarseillaise\/news\/wp-json\/wp\/v2\/posts\/40815","targetHints":{"allow":["GET"]}}],"collection":[{"href":"https:\/\/euapp01.newsmemory.com\/lamarseillaise\/news\/wp-json\/wp\/v2\/posts"}],"about":[{"href":"https:\/\/euapp01.newsmemory.com\/lamarseillaise\/news\/wp-json\/wp\/v2\/types\/post"}],"author":[{"embeddable":true,"href":"https:\/\/euapp01.newsmemory.com\/lamarseillaise\/news\/wp-json\/wp\/v2\/users\/1"}],"replies":[{"embeddable":true,"href":"https:\/\/euapp01.newsmemory.com\/lamarseillaise\/news\/wp-json\/wp\/v2\/comments?post=40815"}],"version-history":[{"count":1,"href":"https:\/\/euapp01.newsmemory.com\/lamarseillaise\/news\/wp-json\/wp\/v2\/posts\/40815\/revisions"}],"predecessor-version":[{"id":40817,"href":"https:\/\/euapp01.newsmemory.com\/lamarseillaise\/news\/wp-json\/wp\/v2\/posts\/40815\/revisions\/40817"}],"wp:featuredmedia":[{"embeddable":true,"href":"https:\/\/euapp01.newsmemory.com\/lamarseillaise\/news\/wp-json\/wp\/v2\/media\/40816"}],"wp:attachment":[{"href":"https:\/\/euapp01.newsmemory.com\/lamarseillaise\/news\/wp-json\/wp\/v2\/media?parent=40815"}],"wp:term":[{"taxonomy":"category","embeddable":true,"href":"https:\/\/euapp01.newsmemory.com\/lamarseillaise\/news\/wp-json\/wp\/v2\/categories?post=40815"},{"taxonomy":"post_tag","embeddable":true,"href":"https:\/\/euapp01.newsmemory.com\/lamarseillaise\/news\/wp-json\/wp\/v2\/tags?post=40815"},{"taxonomy":"news-destination","embeddable":true,"href":"https:\/\/euapp01.newsmemory.com\/lamarseillaise\/news\/wp-json\/wp\/v2\/news-destination?post=40815"},{"taxonomy":"news-source","embeddable":true,"href":"https:\/\/euapp01.newsmemory.com\/lamarseillaise\/news\/wp-json\/wp\/v2\/news-source?post=40815"},{"taxonomy":"is_homepage","embeddable":true,"href":"https:\/\/euapp01.newsmemory.com\/lamarseillaise\/news\/wp-json\/wp\/v2\/is_homepage?post=40815"},{"taxonomy":"ta_other","embeddable":true,"href":"https:\/\/euapp01.newsmemory.com\/lamarseillaise\/news\/wp-json\/wp\/v2\/ta_other?post=40815"}],"curies":[{"name":"wp","href":"https:\/\/api.w.org\/{rel}","templated":true}]}}