{"id":40811,"date":"2026-08-29T19:40:00","date_gmt":"2026-08-29T17:40:00","guid":{"rendered":"https:\/\/euapp01.newsmemory.com\/lamarseillaise\/news\/?p=40811"},"modified":"2026-08-30T23:16:17","modified_gmt":"2026-08-30T21:16:17","slug":"week-end-lesprit-de-1936-une-issue-victorieuse","status":"publish","type":"post","link":"https:\/\/euapp01.newsmemory.com\/lamarseillaise\/news\/2026\/08\/29\/week-end-lesprit-de-1936-une-issue-victorieuse\/","title":{"rendered":"[Week-end] L\u2019esprit de 1936 : Une issue victorieuse"},"content":{"rendered":"<div class=\"paragraph\">\n<p><b>Si la victoire \u00e9lectorale a lieu le 3 mai, le gouvernement Blum n\u2019entrera en fonction qu\u2019un mois plus tard. Ce temps de latence va \u00eatre marqu\u00e9 par de grandes gr\u00e8ves qui vont d\u00e9boucher sur les avanc\u00e9es m\u00e9morables des accords de Matignon dans la nuit du 7 au 8 juin.<\/b><\/p>\n<\/p><\/div>\n<div class=\"paragraph\">\n<p>Rappelons tout d\u2019abord que le Front populaire gagne les \u00e9lections l\u00e9gislatives le 3\u00a0mai 1936 et que le gouvernement Blum ne se mettra en place que le 4 juin. Il y a donc un mois entre les deux moments. C\u2019est dans cet entre-deux que commence la grande vague de gr\u00e8ves. On cite souvent la gr\u00e8ve du 11\u00a0mai chez Breguet au Havre comme point de d\u00e9part. Le 13\u00a0mai, c\u2019est Lat\u00e9co\u00e8re \u00e0 Toulouse, puis l\u2019usine Bloch \u00e0 Courbevoie. Apr\u00e8s le 25\u00a0mai, c\u2019est toute la m\u00e9tallurgie de la r\u00e9gion parisienne qui entre dans la gr\u00e8ve. D\u00e9but juin, d\u2019autres corporations se joignent au mouvement (industrie, commerce, banques&#8230;). Au total, on comptera pr\u00e8s de deux millions de gr\u00e9vistes, du priv\u00e9 essentiellement, les services publics \u00e9tant rest\u00e9s \u00e0 l\u2019\u00e9cart du mouvement. Dans une grande majorit\u00e9 des cas, les gr\u00e9vistes vont occuper leur entreprise, ce qui va peser lourdement dans le rapport de force avec le patronat.\u00a0\u00bb Directeur de l\u2019Institut CGT d\u2019histoire sociale, David Chaurand r\u00e9sume l\u2019importance de l\u2019immense et historique mouvement de gr\u00e8ve qui va toucher l\u2019ensemble du pays en ce printemps 1936 et va d\u00e9boucher sur des conqu\u00eates sociales dont nous b\u00e9n\u00e9ficions tous encore aujourd\u2019hui. Car ces gr\u00e8ves, souvent spontan\u00e9es mais encadr\u00e9es par la CGT r\u00e9unifi\u00e9e, vont jouer dans les n\u00e9gociations qui vont d\u00e9boucher sur les fameux \u00ab\u00a0Accords de Matignon\u00a0\u00bb dans la nuit du 7 au 8\u00a0juin.<\/p>\n<p>\u00ab\u00a0<i>Au moment o\u00f9 les gr\u00e8ves battent leur plein, le gouvernement Blum d\u00e9cide de r\u00e9unir \u00e0 l\u2019h\u00f4tel Matignon, le 7<\/i><i>\u00a0<\/i><i>juin, la Conf\u00e9d\u00e9ration g\u00e9n\u00e9rale de la production fran\u00e7aise (le patronat<\/i><i>\u00a0<\/i><i>!) et la CGT. Au niveau national, une telle r\u00e9union est une premi\u00e8re. Apr\u00e8s plusieurs heures de n\u00e9gociation, un accord en sept points est sign\u00e9 qui comprend notamment l\u2019augmentation des salaires, la g\u00e9n\u00e9ralisation des conventions collectives et l\u2019\u00e9lection de d\u00e9l\u00e9gu\u00e9s ouvriers dans les \u00e9tablissements de plus de dix salari\u00e9s<\/i><i>\u00a0<\/i>\u00bb, poursuit David Chaurand. \u00ab\u00a0<i>Plusieurs lois sociales interviennent dans la foul\u00e9e de l\u2019accord Matignon<\/i><i>\u00a0<\/i><i>: deux semaines de cong\u00e9s pay\u00e9s (20<\/i><i>\u00a0<\/i><i>juin), semaine de quarante heures (21<\/i><i>\u00a0<\/i><i>juin) et conventions collectives (24<\/i><i>\u00a0<\/i><i>juin).<\/i><i>\u00a0<\/i>\u00bb<\/p>\n<p>Dans nos r\u00e9gions, la mobilisation est elle aussi massive. \u00ab\u00a0<i>Dans les Bouches-du-Rh\u00f4ne, ce sont les ouvriers m\u00e9tallurgistes de l\u2019usine Coder qui ouvrent le banc. Le 29<\/i><i>\u00a0<\/i><i>mai, ils se mettent en gr\u00e8ve pour protester contre le licenciement de sept ouvriers ayant ch\u00f4m\u00e9 le 1<\/i><i><sup>er<\/sup><\/i><i>\u00a0<\/i><i>mai, tous des militants chevronn\u00e9s formant l\u2019ossature du syndicat CGT de l\u2019usine. Ils demandent, en outre, une augmentation de 2<\/i><i>\u00a0<\/i><i>francs par jour et l\u2019application du contrat collectif. Non seulement la gr\u00e8ve est suivie par la quasi-totalit\u00e9 des 950<\/i><i>\u00a0<\/i><i>ouvriers du site<\/i><i>, mais il s\u2019agit d\u2019une gr\u00e8ve sur le tas, la &#8220;gr\u00e8ve des bras crois\u00e9s&#8221; pour reprendre la formulation du Petit Proven\u00e7al<\/i><i>\u00a0<\/i>\u00bb, rapporte l\u2019historien Jean Domenichino. Comme dans la r\u00e9gion parisienne, l\u2019issue du conflit est rapide, la direction ayant acc\u00e9d\u00e9 \u00e0 toutes les revendications. Pour beaucoup, tout semble rentrer dans l\u2019ordre. La suite des \u00e9v\u00e9nements ne tarde pas \u00e0 d\u00e9montrer le contraire. \u00c0 partir de juin, la chronologie des conflits m\u00e9ridionaux n\u2019a plus d\u2019autonomie. Comme partout ailleurs, la noria des gr\u00e8ves <br \/>recommence\u00a0: le 3\u00a0juin, aux Forges et Chantiers de la M\u00e9diterran\u00e9e\u00a0; le lendemain, les chantiers de construction navale sont occup\u00e9s par pr\u00e8s de 2\u00a0000\u00a0ouvriers. Pour la premi\u00e8re fois, les gr\u00e8ves sortent de Marseille. Le mouvement gagne aussi d\u2019autres branches comme l\u2019huilerie et la savonnerie avec les \u00e9tablissements Fournier-Ferrier, et le b\u00e2timent avec la Soci\u00e9t\u00e9 des bitumes d\u2019asphaltes.<\/p>\n<\/p><\/div>\n<div class=\"paragraph\">\n<p><b>Remerciements<\/b><\/p>\n<p>Ce magazine a re\u00e7u l\u2019aide et le soutien sans faille et bienveillant de l\u2019association Prom\u00e9mo et de son pr\u00e9sident G\u00e9rard Leidet. Ouverte \u00e0 toutes les sensibilit\u00e9s associatives, syndicales et politiques li\u00e9es au monde du travail, comptant dans ses rangs aussi bien des universitaires que des militants des mouvements sociaux et associatifs, l\u2019association Provence, M\u00e9moire et Monde ouvrier (Prom\u00e9mo), cr\u00e9\u00e9e en 1999 a pour objet de contribuer \u00e0 l\u2019\u00e9laboration, la r\u00e9daction et la diffusion du Dictionnaire biographique du mouvement ouvrier et du mouvement social, l\u2019\u0153uvre immense commenc\u00e9e en 1955 par Jean Maitron ; d\u2019encourager et de d\u00e9velopper les recherches scientifiques autour de l\u2019histoire du monde et du mouvement ouvriers en Provence et de favoriser la conservation des documents et archives les concernant. Remerciements \u00e9galement \u00e0 Yann Bertolone des archives de la f\u00e9d\u00e9ration du PCF des Bouches-du-Rh\u00f4ne, \u00e0 Fr\u00e9d\u00e9ric Rosmini de la f\u00e9d\u00e9ration L\u00e9o Lagrange et de Parcours, \u00e0 l\u2019Institut d\u2019Histoire Sociale (IHS) au niveau national et dans tous les d\u00e9partements et \u00e0 la Fondation Gabriel Peri.<\/p>\n<p><b>Lire la suite ainsi que de nombreuses interviews d\u2019historiens prestigieux dans notre hors-s\u00e9rie.<\/b><\/p>\n<\/p><\/div>\n","protected":false},"excerpt":{"rendered":"Si la victoire &eacute;lectorale a lieu le 3 mai, le gouvernement Blum n&rsquo;entrera en fonction qu&rsquo;un mois plus tard. Ce temps de latence va &ecirc;tre marqu&eacute; par de grandes gr&egrave;ves qui vont d&eacute;boucher sur les &#8230;","protected":false},"author":1,"featured_media":40812,"comment_status":"open","ping_status":"open","sticky":false,"template":"","format":"standard","meta":{"footnotes":""},"categories":[918,3926,3925,20],"tags":[2892,433,572,3111,528,876,4224,280,852,2938,988,2001],"news-destination":[3944],"news-source":[475],"is_homepage":[],"ta_other":[],"class_list":["post-40811","post","type-post","status-publish","format-standard","has-post-thumbnail","hentry","category-accueil","category-accueil-merge","category-accueil-third","category-societe","tag-conges","tag-elections","tag-france","tag-front-populaire","tag-gouvernement","tag-greve","tag-greve-generale","tag-histoire","tag-mouvement-social","tag-recit","tag-week-end","tag-weekend","news-destination-homepage","news-source-website"],"_links":{"self":[{"href":"https:\/\/euapp01.newsmemory.com\/lamarseillaise\/news\/wp-json\/wp\/v2\/posts\/40811","targetHints":{"allow":["GET"]}}],"collection":[{"href":"https:\/\/euapp01.newsmemory.com\/lamarseillaise\/news\/wp-json\/wp\/v2\/posts"}],"about":[{"href":"https:\/\/euapp01.newsmemory.com\/lamarseillaise\/news\/wp-json\/wp\/v2\/types\/post"}],"author":[{"embeddable":true,"href":"https:\/\/euapp01.newsmemory.com\/lamarseillaise\/news\/wp-json\/wp\/v2\/users\/1"}],"replies":[{"embeddable":true,"href":"https:\/\/euapp01.newsmemory.com\/lamarseillaise\/news\/wp-json\/wp\/v2\/comments?post=40811"}],"version-history":[{"count":1,"href":"https:\/\/euapp01.newsmemory.com\/lamarseillaise\/news\/wp-json\/wp\/v2\/posts\/40811\/revisions"}],"predecessor-version":[{"id":40813,"href":"https:\/\/euapp01.newsmemory.com\/lamarseillaise\/news\/wp-json\/wp\/v2\/posts\/40811\/revisions\/40813"}],"wp:featuredmedia":[{"embeddable":true,"href":"https:\/\/euapp01.newsmemory.com\/lamarseillaise\/news\/wp-json\/wp\/v2\/media\/40812"}],"wp:attachment":[{"href":"https:\/\/euapp01.newsmemory.com\/lamarseillaise\/news\/wp-json\/wp\/v2\/media?parent=40811"}],"wp:term":[{"taxonomy":"category","embeddable":true,"href":"https:\/\/euapp01.newsmemory.com\/lamarseillaise\/news\/wp-json\/wp\/v2\/categories?post=40811"},{"taxonomy":"post_tag","embeddable":true,"href":"https:\/\/euapp01.newsmemory.com\/lamarseillaise\/news\/wp-json\/wp\/v2\/tags?post=40811"},{"taxonomy":"news-destination","embeddable":true,"href":"https:\/\/euapp01.newsmemory.com\/lamarseillaise\/news\/wp-json\/wp\/v2\/news-destination?post=40811"},{"taxonomy":"news-source","embeddable":true,"href":"https:\/\/euapp01.newsmemory.com\/lamarseillaise\/news\/wp-json\/wp\/v2\/news-source?post=40811"},{"taxonomy":"is_homepage","embeddable":true,"href":"https:\/\/euapp01.newsmemory.com\/lamarseillaise\/news\/wp-json\/wp\/v2\/is_homepage?post=40811"},{"taxonomy":"ta_other","embeddable":true,"href":"https:\/\/euapp01.newsmemory.com\/lamarseillaise\/news\/wp-json\/wp\/v2\/ta_other?post=40811"}],"curies":[{"name":"wp","href":"https:\/\/api.w.org\/{rel}","templated":true}]}}