{"id":40808,"date":"2026-08-29T19:47:00","date_gmt":"2026-08-29T17:47:00","guid":{"rendered":"https:\/\/euapp01.newsmemory.com\/lamarseillaise\/news\/?p=40808"},"modified":"2026-08-29T20:01:31","modified_gmt":"2026-08-29T18:01:31","slug":"week-end-a-bedoin-la-reserve-de-biosphere-du-mont-ventoux","status":"publish","type":"post","link":"https:\/\/euapp01.newsmemory.com\/lamarseillaise\/news\/2026\/08\/29\/week-end-a-bedoin-la-reserve-de-biosphere-du-mont-ventoux\/","title":{"rendered":"[Week-end] \u00c0 B\u00e9doin, la r\u00e9serve de biosph\u00e8re du Mont-Ventoux"},"content":{"rendered":"<div class=\"paragraph\">\n<p><i><span class=\"mln_small-caps_mln\">Unesco, les sites class\u00e9s en r\u00e9gion<\/span><\/i><\/p>\n<\/p><\/div>\n<div class=\"paragraph\">\n<p>Cette r\u00e9serve naturelle de biosph\u00e8re couvre 90\u00a0000 hectares et rassemble 38\u00a0000 habitants sur 34 communes autour du massif. On y retrouve une v\u00e9g\u00e9tation typique du climat m\u00e9diterran\u00e9en avec une grande richesse floristique dont une soixantaine d\u2019esp\u00e8ces rares, bien que ce soit une terre de contraste de par son altitude. Il est possible d\u2019y faire de nombreuses balades.<\/p>\n<\/p><\/div>\n","protected":false},"excerpt":{"rendered":"Unesco, les sites class&eacute;s en r&eacute;gionCette r&eacute;serve naturelle de biosph&egrave;re couvre 90&nbsp;000 hectares et rassemble 38&nbsp;000 habitants sur 34 communes autour du massif. On y retrouve une v&eacute;g&eacute;tation typique &#8230;","protected":false},"author":1,"featured_media":40809,"comment_status":"open","ping_status":"open","sticky":false,"template":"","format":"standard","meta":{"footnotes":""},"categories":[20],"tags":[1290,948,128,97,1439,3808,171,160,988,2001],"news-destination":[],"news-source":[475],"is_homepage":[],"ta_other":[],"class_list":["post-40808","post","type-post","status-publish","format-standard","has-post-thumbnail","hentry","category-societe","tag-balades","tag-diversite","tag-mediterranee","tag-patrimoine","tag-reserve-naturelle","tag-unesco","tag-vaucluse","tag-vegetation","tag-week-end","tag-weekend","news-source-website"],"_links":{"self":[{"href":"https:\/\/euapp01.newsmemory.com\/lamarseillaise\/news\/wp-json\/wp\/v2\/posts\/40808","targetHints":{"allow":["GET"]}}],"collection":[{"href":"https:\/\/euapp01.newsmemory.com\/lamarseillaise\/news\/wp-json\/wp\/v2\/posts"}],"about":[{"href":"https:\/\/euapp01.newsmemory.com\/lamarseillaise\/news\/wp-json\/wp\/v2\/types\/post"}],"author":[{"embeddable":true,"href":"https:\/\/euapp01.newsmemory.com\/lamarseillaise\/news\/wp-json\/wp\/v2\/users\/1"}],"replies":[{"embeddable":true,"href":"https:\/\/euapp01.newsmemory.com\/lamarseillaise\/news\/wp-json\/wp\/v2\/comments?post=40808"}],"version-history":[{"count":1,"href":"https:\/\/euapp01.newsmemory.com\/lamarseillaise\/news\/wp-json\/wp\/v2\/posts\/40808\/revisions"}],"predecessor-version":[{"id":40810,"href":"https:\/\/euapp01.newsmemory.com\/lamarseillaise\/news\/wp-json\/wp\/v2\/posts\/40808\/revisions\/40810"}],"wp:featuredmedia":[{"embeddable":true,"href":"https:\/\/euapp01.newsmemory.com\/lamarseillaise\/news\/wp-json\/wp\/v2\/media\/40809"}],"wp:attachment":[{"href":"https:\/\/euapp01.newsmemory.com\/lamarseillaise\/news\/wp-json\/wp\/v2\/media?parent=40808"}],"wp:term":[{"taxonomy":"category","embeddable":true,"href":"https:\/\/euapp01.newsmemory.com\/lamarseillaise\/news\/wp-json\/wp\/v2\/categories?post=40808"},{"taxonomy":"post_tag","embeddable":true,"href":"https:\/\/euapp01.newsmemory.com\/lamarseillaise\/news\/wp-json\/wp\/v2\/tags?post=40808"},{"taxonomy":"news-destination","embeddable":true,"href":"https:\/\/euapp01.newsmemory.com\/lamarseillaise\/news\/wp-json\/wp\/v2\/news-destination?post=40808"},{"taxonomy":"news-source","embeddable":true,"href":"https:\/\/euapp01.newsmemory.com\/lamarseillaise\/news\/wp-json\/wp\/v2\/news-source?post=40808"},{"taxonomy":"is_homepage","embeddable":true,"href":"https:\/\/euapp01.newsmemory.com\/lamarseillaise\/news\/wp-json\/wp\/v2\/is_homepage?post=40808"},{"taxonomy":"ta_other","embeddable":true,"href":"https:\/\/euapp01.newsmemory.com\/lamarseillaise\/news\/wp-json\/wp\/v2\/ta_other?post=40808"}],"curies":[{"name":"wp","href":"https:\/\/api.w.org\/{rel}","templated":true}]}}