{"id":40805,"date":"2026-08-29T18:52:00","date_gmt":"2026-08-29T16:52:00","guid":{"rendered":"https:\/\/euapp01.newsmemory.com\/lamarseillaise\/news\/?p=40805"},"modified":"2026-08-30T23:16:17","modified_gmt":"2026-08-30T21:16:17","slug":"chroniques-mediterraneennes-la-diada-rassemble-le-peuple-catalan","status":"publish","type":"post","link":"https:\/\/euapp01.newsmemory.com\/lamarseillaise\/news\/2026\/08\/29\/chroniques-mediterraneennes-la-diada-rassemble-le-peuple-catalan\/","title":{"rendered":"[Chroniques m\u00e9diterran\u00e9ennes] La \u00ab&nbsp;Diada&nbsp;\u00bb rassemble le peuple catalan"},"content":{"rendered":"<div class=\"paragraph\">\n<p>Par Eloy Martinez Monegal<\/p>\n<\/p><\/div>\n<div class=\"paragraph\">\n<p>Ce 11\u00a0septembre, la Catalogne va se parer des couleurs sang et or de son drapeau \u00ab\u00a0la senyera\u00a0\u00bb, les rues et les places des villes et villages vont s\u2019emplir de monde, de sardanes, de castellers. La f\u00eate nationale de Catalogne, c\u00e9l\u00e9br\u00e9e toujours \u00e0 cette date, est appel\u00e9e en catalan \u00ab\u00a0la Diada\u00a0\u00bb.<\/p>\n<p>La Generalitat de Catalogne, depuis 2024, dont le pr\u00e9sident est Salvador Illa, un proche du chef de gouvernement Pedro Sanchez, est dirig\u00e9e par le Parti Socialiste Catalan, succ\u00e9dant au pr\u00e9c\u00e9dent ex\u00e9cutif ind\u00e9pendantiste, aura pour la deuxi\u00e8me ann\u00e9e de sa gouvernance, la t\u00e2che d\u2019organiser les activit\u00e9s institutionnelles de cette \u00ab\u00a0Diada\u00a0\u00bb 2026.<\/p>\n<p>Cette journ\u00e9e, \u00e0 laquelle est fortement attach\u00e9 le peuple catalan dans son ensemble, est depuis quelques ann\u00e9es r\u00e9cup\u00e9r\u00e9e par les ind\u00e9pendantistes de droite et extr\u00eame droite, tels Carles Puigdemont de Junts, et Silvia Orriols la maire de Ripoll et leader du mouvement Allian\u00e7a Catalana (AC) connu comme parti raciste et x\u00e9nophobe, l\u2019\u00e9quivalent de Vox au niveau de la Catalogne.<\/p>\n<p>Il convient de rappeler l\u2019origine historique de cette journ\u00e9e\u00a0: c\u2019est en 1886 qu\u2019il est d\u00e9cid\u00e9 de faire du 11\u00a0septembre, le jour de la comm\u00e9moration de la chute de Barcelone en 1714, au terme de la guerre de succession d\u2019Espagne. \u00c0 l\u2019\u00e9poque Philippe V fut intronis\u00e9 roi d\u2019Espagne. Les Catalans s\u2019\u00e9taient soulev\u00e9s contre lui. Philippe V d\u00e9cide alors d\u2019assi\u00e9ger Barcelone. Les Catalans finiront par se rendre le 11\u00a0septembre 1714. Aussit\u00f4t Philippe V fera abolir les institutions et interdire la langue catalane.<\/p>\n<p>Cette journ\u00e9e de f\u00eate n\u2019est pas la c\u00e9l\u00e9bration d\u2019une victoire, mais plut\u00f4t de la r\u00e9sistance du peuple catalan qui s\u2019est battu pour d\u00e9fendre sa culture et ses valeurs. C\u2019est aussi le jour, o\u00f9 s\u2019expriment les revendications de plus d\u2019autonomie et d\u2019ind\u00e9pendance. Cette journ\u00e9e avait \u00e9t\u00e9 interdite sous la dictature de Primo de Rivera, puis r\u00e9tablie avec la R\u00e9publique en 1931, en 1932 le Statut de N\u00faria fut approuv\u00e9, accordant pour la premi\u00e8re fois une autonomie \u00e0 la Catalogne. En 1934, Llu\u00eds Companys proclama \u00ab\u00a0<i>l\u2019\u00c9tat catalan de la R\u00e9publique f\u00e9d\u00e9rale espagnole<\/i>\u00a0\u00bb, ce qui entra\u00eena son arrestation et la suspension de l\u2019autonomie.<\/p>\n<p>Sous Franco, la journ\u00e9e fut de nouveau interdite. R\u00e9tablie apr\u00e8s la mort du dictateur, en 1980 elle devient officiellement la \u00ab\u00a0Diada\u00a0\u00bb\u00a0: la journ\u00e9e nationale de la Catalogne. Au vu de cette histoire on comprend, le fort attachement des Catalans \u00e0 la \u00ab\u00a0Diada\u00a0\u00bb. Salvador Illa, le pr\u00e9sident socialiste de la Generalitat revendique \u00e0 cette occasion \u00ab\u00a0<i>une nation catalane<\/i><i>\u00a0<\/i>\u00bb et affirme que \u00ab\u00a0<i>cette f\u00eate appartient \u00e0 tous les Catalans<\/i><i>\u00a0<\/i>\u00bb.<\/p>\n<p>Les communistes du PSUC consid\u00e8rent qu\u2019il faut continuer \u00ab\u00a0<i>\u00e0 poser \u00e0 l\u2019occasion de cette journ\u00e9e un discours de classe, clair et sans complexe, d\u00e9fendre les politiques sociales et les services publics, avec comme colonne vert\u00e9brale une Catalogne dans une Espagne f\u00e9d\u00e9rale, r\u00e9publicaine et solidaire<\/i>\u00a0\u00bb.<\/p>\n<p>Pour sa part, l\u2019Assembl\u00e9e nationale catalane (ANC) entit\u00e9 rassemblant les ind\u00e9pendantistes qui souhaitent cr\u00e9er un \u00c9tat catalan, ont pr\u00e9vu cette ann\u00e9e de manifester avec des tee-shirts o\u00f9 il est inscrit \u00ab\u00a0<i>Hi soc<\/i><i>\u00a0<\/i>\u00bb, \u00ab\u00a0<i>Hi som<\/i> <i>Independencia<\/i><i>\u00a0<\/i><i>!<\/i><i>\u00a0<\/i>\u00bb c\u2019est-\u00e0-dire \u00ab\u00a0<i>j\u2019y suis<\/i>\u00a0\u00bb, \u00ab\u00a0<i>nous y sommes<\/i> <i>ind\u00e9pendance<\/i><i>\u00a0<\/i><i>!<\/i><i>\u00a0<\/i>\u00bb<\/p>\n<p>Esquerra Republicana de Catalunya (ERC) participera aux diff\u00e9rentes manifestations comme le feront tous les Catalans disent-ils \u00ab\u00a0<i>nous irons \u00e0 la manifestation pour d\u00e9fendre le meilleur de la Catalogne qui est une nation qui d\u00e9fend la libert\u00e9, la d\u00e9mocratie et la convivialit\u00e9<\/i>&#8230;\u00a0\u00bb.<\/p>\n<p>Le 11\u00a0septembre, le peuple catalan sera donc rassembl\u00e9 pour c\u00e9l\u00e9brer sa culture, son identit\u00e9 et ses valeurs, malgr\u00e9 des visions souvent radicalement oppos\u00e9es sur l\u2019avenir de la Catalogne.<\/p>\n<\/p><\/div>\n<div class=\"paragraph\">\n<p><i>Journaliste, pr\u00e9sident de l\u2019Association pour le souvenir de l\u2019exil r\u00e9publicain espagnol (Aseref)<\/i><\/p>\n<\/p><\/div>\n","protected":false},"excerpt":{"rendered":"Par Eloy Martinez MonegalCe 11&nbsp;septembre, la Catalogne va se parer des couleurs sang et or de son drapeau &laquo;&nbsp;la senyera&nbsp;&raquo;, les rues et les places des villes et villages vont s&rsquo;emplir de monde, de sardanes, de &#8230;","protected":false},"author":1,"featured_media":40806,"comment_status":"open","ping_status":"open","sticky":false,"template":"","format":"standard","meta":{"footnotes":""},"categories":[918,3926,3925,337,330,20],"tags":[3136,1220,6088,280,3110,988,2001],"news-destination":[3944],"news-source":[475],"is_homepage":[],"ta_other":[],"class_list":["post-40805","post","type-post","status-publish","format-standard","has-post-thumbnail","hentry","category-accueil","category-accueil-merge","category-accueil-third","category-international","category-politique","category-societe","tag-catalans","tag-espagne","tag-guerre-despagne","tag-histoire","tag-republicains-espagnols","tag-week-end","tag-weekend","news-destination-homepage","news-source-website"],"_links":{"self":[{"href":"https:\/\/euapp01.newsmemory.com\/lamarseillaise\/news\/wp-json\/wp\/v2\/posts\/40805","targetHints":{"allow":["GET"]}}],"collection":[{"href":"https:\/\/euapp01.newsmemory.com\/lamarseillaise\/news\/wp-json\/wp\/v2\/posts"}],"about":[{"href":"https:\/\/euapp01.newsmemory.com\/lamarseillaise\/news\/wp-json\/wp\/v2\/types\/post"}],"author":[{"embeddable":true,"href":"https:\/\/euapp01.newsmemory.com\/lamarseillaise\/news\/wp-json\/wp\/v2\/users\/1"}],"replies":[{"embeddable":true,"href":"https:\/\/euapp01.newsmemory.com\/lamarseillaise\/news\/wp-json\/wp\/v2\/comments?post=40805"}],"version-history":[{"count":1,"href":"https:\/\/euapp01.newsmemory.com\/lamarseillaise\/news\/wp-json\/wp\/v2\/posts\/40805\/revisions"}],"predecessor-version":[{"id":40807,"href":"https:\/\/euapp01.newsmemory.com\/lamarseillaise\/news\/wp-json\/wp\/v2\/posts\/40805\/revisions\/40807"}],"wp:featuredmedia":[{"embeddable":true,"href":"https:\/\/euapp01.newsmemory.com\/lamarseillaise\/news\/wp-json\/wp\/v2\/media\/40806"}],"wp:attachment":[{"href":"https:\/\/euapp01.newsmemory.com\/lamarseillaise\/news\/wp-json\/wp\/v2\/media?parent=40805"}],"wp:term":[{"taxonomy":"category","embeddable":true,"href":"https:\/\/euapp01.newsmemory.com\/lamarseillaise\/news\/wp-json\/wp\/v2\/categories?post=40805"},{"taxonomy":"post_tag","embeddable":true,"href":"https:\/\/euapp01.newsmemory.com\/lamarseillaise\/news\/wp-json\/wp\/v2\/tags?post=40805"},{"taxonomy":"news-destination","embeddable":true,"href":"https:\/\/euapp01.newsmemory.com\/lamarseillaise\/news\/wp-json\/wp\/v2\/news-destination?post=40805"},{"taxonomy":"news-source","embeddable":true,"href":"https:\/\/euapp01.newsmemory.com\/lamarseillaise\/news\/wp-json\/wp\/v2\/news-source?post=40805"},{"taxonomy":"is_homepage","embeddable":true,"href":"https:\/\/euapp01.newsmemory.com\/lamarseillaise\/news\/wp-json\/wp\/v2\/is_homepage?post=40805"},{"taxonomy":"ta_other","embeddable":true,"href":"https:\/\/euapp01.newsmemory.com\/lamarseillaise\/news\/wp-json\/wp\/v2\/ta_other?post=40805"}],"curies":[{"name":"wp","href":"https:\/\/api.w.org\/{rel}","templated":true}]}}