{"id":40802,"date":"2026-08-29T17:37:00","date_gmt":"2026-08-29T15:37:00","guid":{"rendered":"https:\/\/euapp01.newsmemory.com\/lamarseillaise\/news\/?p=40802"},"modified":"2026-08-30T23:16:17","modified_gmt":"2026-08-30T21:16:17","slug":"tour-despagne-tadej-pogacar-abandonne","status":"publish","type":"post","link":"https:\/\/euapp01.newsmemory.com\/lamarseillaise\/news\/2026\/08\/29\/tour-despagne-tadej-pogacar-abandonne\/","title":{"rendered":"Tour d\u2019Espagne : Tadej Pogacar abandonne"},"content":{"rendered":"<div class=\"paragraph\">\n<p>Stupeur dans le peloton de la Vuelta. A 33 kilom\u00e8tres de l\u2018arriv\u00e9e de la huiti\u00e8me \u00e9tape, entre Pu\u00e7ol et Xeraco, Tadej Pogacar a lourdement chut\u00e9 dans la mont\u00e9e du col de Brax. Le Slov\u00e8ne, porteur du maillot rouge de leader, vainqueur du dernier Tour de France et qui comptait pr\u00e8s de quatre minutes d\u2019avance sur son dauphin, l\u2019Espagnol Enric Mas, a tent\u00e9 de remont\u00e9 sur son v\u00e9lo. Mais son \u00e9paule gauche en sang ne lui a pas permis de poursuivre la course. Il a d\u00fb se r\u00e9soudre \u00e0 monter dans une ambulance, direction l\u2019h\u00f4pital.<\/p>\n<\/p><\/div>\n","protected":false},"excerpt":{"rendered":"Stupeur dans le peloton de la Vuelta. A 33 kilom&egrave;tres de l&lsquo;arriv&eacute;e de la huiti&egrave;me &eacute;tape, entre Pu&ccedil;ol et Xeraco, Tadej Pogacar a lourdement chut&eacute; dans la mont&eacute;e du col de Brax. Le Slov&egrave;ne, &#8230;","protected":false},"author":1,"featured_media":40803,"comment_status":"open","ping_status":"open","sticky":false,"template":"","format":"standard","meta":{"footnotes":""},"categories":[918,3926,3925,7],"tags":[1149,1144,1220,6165,807],"news-destination":[3944],"news-source":[475],"is_homepage":[],"ta_other":[],"class_list":["post-40802","post","type-post","status-publish","format-standard","has-post-thumbnail","hentry","category-accueil","category-accueil-merge","category-accueil-third","category-sports","tag-course","tag-cyclisme","tag-espagne","tag-tadej-pogacar","tag-velo","news-destination-homepage","news-source-website"],"_links":{"self":[{"href":"https:\/\/euapp01.newsmemory.com\/lamarseillaise\/news\/wp-json\/wp\/v2\/posts\/40802","targetHints":{"allow":["GET"]}}],"collection":[{"href":"https:\/\/euapp01.newsmemory.com\/lamarseillaise\/news\/wp-json\/wp\/v2\/posts"}],"about":[{"href":"https:\/\/euapp01.newsmemory.com\/lamarseillaise\/news\/wp-json\/wp\/v2\/types\/post"}],"author":[{"embeddable":true,"href":"https:\/\/euapp01.newsmemory.com\/lamarseillaise\/news\/wp-json\/wp\/v2\/users\/1"}],"replies":[{"embeddable":true,"href":"https:\/\/euapp01.newsmemory.com\/lamarseillaise\/news\/wp-json\/wp\/v2\/comments?post=40802"}],"version-history":[{"count":1,"href":"https:\/\/euapp01.newsmemory.com\/lamarseillaise\/news\/wp-json\/wp\/v2\/posts\/40802\/revisions"}],"predecessor-version":[{"id":40804,"href":"https:\/\/euapp01.newsmemory.com\/lamarseillaise\/news\/wp-json\/wp\/v2\/posts\/40802\/revisions\/40804"}],"wp:featuredmedia":[{"embeddable":true,"href":"https:\/\/euapp01.newsmemory.com\/lamarseillaise\/news\/wp-json\/wp\/v2\/media\/40803"}],"wp:attachment":[{"href":"https:\/\/euapp01.newsmemory.com\/lamarseillaise\/news\/wp-json\/wp\/v2\/media?parent=40802"}],"wp:term":[{"taxonomy":"category","embeddable":true,"href":"https:\/\/euapp01.newsmemory.com\/lamarseillaise\/news\/wp-json\/wp\/v2\/categories?post=40802"},{"taxonomy":"post_tag","embeddable":true,"href":"https:\/\/euapp01.newsmemory.com\/lamarseillaise\/news\/wp-json\/wp\/v2\/tags?post=40802"},{"taxonomy":"news-destination","embeddable":true,"href":"https:\/\/euapp01.newsmemory.com\/lamarseillaise\/news\/wp-json\/wp\/v2\/news-destination?post=40802"},{"taxonomy":"news-source","embeddable":true,"href":"https:\/\/euapp01.newsmemory.com\/lamarseillaise\/news\/wp-json\/wp\/v2\/news-source?post=40802"},{"taxonomy":"is_homepage","embeddable":true,"href":"https:\/\/euapp01.newsmemory.com\/lamarseillaise\/news\/wp-json\/wp\/v2\/is_homepage?post=40802"},{"taxonomy":"ta_other","embeddable":true,"href":"https:\/\/euapp01.newsmemory.com\/lamarseillaise\/news\/wp-json\/wp\/v2\/ta_other?post=40802"}],"curies":[{"name":"wp","href":"https:\/\/api.w.org\/{rel}","templated":true}]}}