{"id":40792,"date":"2026-08-29T16:30:00","date_gmt":"2026-08-29T14:30:00","guid":{"rendered":"https:\/\/euapp01.newsmemory.com\/lamarseillaise\/news\/?p=40792"},"modified":"2026-08-30T23:16:17","modified_gmt":"2026-08-30T21:16:17","slug":"week-end-au-camping-les-auches-dancelle-soixante-ans-de-tourisme-alpin","status":"publish","type":"post","link":"https:\/\/euapp01.newsmemory.com\/lamarseillaise\/news\/2026\/08\/29\/week-end-au-camping-les-auches-dancelle-soixante-ans-de-tourisme-alpin\/","title":{"rendered":"[Week-end] Au camping les Auches d\u2019Ancelle, soixante ans de tourisme alpin"},"content":{"rendered":"<div class=\"paragraph\">\n<p>\u00ab <i>O<\/i><i>n vient ici parce que c\u2019est familial et puis, on est des fans de rando, on passe la journ\u00e9e \u00e0 la montagne<\/i><i>\u00a0<\/i><i>!<\/i><i>\u00a0<\/i><i>\u00bb<\/i> Pour Mme Roche, qui vient avec ses enfants puis ses petits-enfants, depuis plusieurs d\u00e9cennies au camping les Auches \u00e0 Ancelle, les vacances d\u2019\u00e9t\u00e9, c\u2019est \u00e0 la montagne. <i>\u00ab<\/i><i>\u00a0<\/i><i>Et puis de toute fa\u00e7on, \u00e0 Marseille, on crame<\/i><i>\u00a0<\/i><i>\u00bb<\/i>, soupire un de ses petits-enfants. Avec les chaleurs toujours plus nombreuses et plus intenses chaque \u00e9t\u00e9, les Hautes-Alpes, o\u00f9 les canicules demeurent moins s\u00e9v\u00e8res que sur le littoral, deviennent un v\u00e9ritable refuge estival. Pour les campings locaux, cela renforce une demande grandissante du public pour la saison estivale, l\u00e0 o\u00f9, longtemps, l\u2019hiver et ses sports de neige \u00e9taient le c\u0153ur de leur activit\u00e9.<\/p>\n<p>Une \u00e9volution que Laure Pellissier, g\u00e9rante du camping fond\u00e9 par ses parents en 1968, a observ\u00e9e avec le temps<i>. \u00ab<\/i><i>\u00a0<\/i><i>Les quatre ou cinq premi\u00e8res ann\u00e9es, le camping \u00e9tait seulement un caravaneige, ouvert uniquement l\u2019hiver, puisque la station d\u2019Ancelle \u00e9tait \u00e0 son apog\u00e9e. C\u2019\u00e9tait une client\u00e8le du littoral, de Marseille, qui venait installer la caravaneige \u00e0 la Toussaint et montait tous les week-ends faire du ski jusqu\u2019\u00e0 P\u00e2ques<\/i><i>\u00a0<\/i><i>\u00bb<\/i>, se rem\u00e9more-t-elle. Au fil du temps, l\u2019offre du camping s\u2019est diversifi\u00e9e, priorisant \u00e0 partir de 2010 les \u00ab\u00a0<i>emplacements nus<\/i>\u00a0\u00bb, pour les tentes, vans ou camping-car et les activit\u00e9s de nature. <i>\u00ab<\/i><i>\u00a0<\/i><i>Avant cela, il n\u2019y avait pas la demande. Au d\u00e9but, les gens qui aimaient la montagne<br \/>l\u2019aimaient surtout solo. Aujourd\u2019hui, \u00e7a se fait plus dans le partage et le panel d\u2019activit\u00e9s possibles dans la vall\u00e9e est \u00e9norme. En une semaine, on n\u2019a pas le temps de tout faire<\/i><i>\u00a0<\/i><i>\u00bb<\/i>, assure Laure. Une tendance que l\u2019\u00e9quipe du camping a bien identifi\u00e9e, en partenariat avec les accompagnateurs du Champsaur, elle propose quatre randonn\u00e9es par semaine incluses dans la r\u00e9servation.<\/p>\n<p><b>L\u2019appel de la nature et du portefeuille<\/b><\/p>\n<p><i>\u00ab<\/i><i>\u00a0<\/i><i>Il y a un retour \u00e0 la montagne depuis cinq, six ans c\u2019est clair<\/i><i>\u00a0<\/i><i>! Et la canicule cette ann\u00e9e nous a fortement aid\u00e9s \u00e0 avoir un taux de remplissage exceptionnel, <\/i>affirme Laure P\u00e9lissier. <i>J\u2019ai envie de dire d\u2019un c\u00f4t\u00e9 merci \u00e0 Instagram<\/i><i>\u00a0<\/i><i>! On a jamais vu autant de choses sur la montagne. Apr\u00e8s, il y aura le revers de \u00e7a, forc\u00e9ment, on voit qu\u2019il y a des gens qui viennent parce qu\u2019ils ont vu des vid\u00e9os TikTok mais qui, clairement, ne sont pas pr\u00eats pour la montagne&#8230;<\/i>\u00a0\u00bb<\/p>\n<p>\u00c0 cette tendance s\u2019ajoute l\u2019argument \u00e9conomique, la montagne en \u00e9t\u00e9 est souvent moins on\u00e9reuse qu\u2019en hiver. <i>\u00ab<\/i><i>\u00a0<\/i><i>Le mod\u00e8le de la semaine au ski, du samedi au samedi, a pris un gros coup, maintenant c\u2019est quatre-cinq jours<\/i>, constate Laure. <i>Cette tendance, honn\u00eatement, c\u2019est aussi une question de budget. On est en crise.<\/i><i>\u00a0<\/i><i>\u00bb <\/i>L\u00e0 o\u00f9 une semaine en mobile home dans le Var oscille en g\u00e9n\u00e9ral entre 700\u20ac et 1 100\u20ac, la m\u00eame dur\u00e9e co\u00fbte facilement 200 \u00e0 300\u20ac de moins dans les Hautes-Alpes. Mais les deux destinations n\u2019offrent pas les m\u00eames vacances<i>. \u00ab<\/i><i>\u00a0<\/i><i>En juillet, de 11h du matin \u00e0 16h l\u2019apr\u00e8s-midi, je suis seule dans le camping, les gens sont tous en activit\u00e9 en ext\u00e9rieur,<\/i> rapporte Laure. <i>Alors certes, il faut aimer la montagne et \u00eatre un peu sportif. Chez nous, ce ne sont pas vraiment les vacances transat<\/i><i>\u00a0<\/i><i>\u00bb<\/i>, pr\u00e9vient-elle.<\/p>\n<\/p><\/div>\n","protected":false},"excerpt":{"rendered":"&laquo; On vient ici parce que c&rsquo;est familial et puis, on est des fans de rando, on passe la journ&eacute;e &agrave; la montagne&nbsp;!&nbsp;&raquo; Pour Mme Roche, qui vient avec ses enfants puis ses petits-enfants, depuis plusieurs &#8230;","protected":false},"author":1,"featured_media":40793,"comment_status":"open","ping_status":"open","sticky":false,"template":"","format":"standard","meta":{"footnotes":""},"categories":[918,3926,3925,5237,20],"tags":[4768,430,6085,5238,336,58,3415,938,1393,2258,394,347,2709,1361,988,2001],"news-destination":[3944],"news-source":[475],"is_homepage":[],"ta_other":[],"class_list":["post-40792","post","type-post","status-publish","format-standard","has-post-thumbnail","hentry","category-accueil","category-accueil-merge","category-accueil-third","category-locale","category-societe","tag-alpes","tag-budget","tag-cest-lete","tag-camping","tag-ete","tag-famille","tag-montagne","tag-nature","tag-randonnee","tag-ski","tag-sport","tag-tourisme","tag-tourisme-durable","tag-vacances","tag-week-end","tag-weekend","news-destination-homepage","news-source-website"],"_links":{"self":[{"href":"https:\/\/euapp01.newsmemory.com\/lamarseillaise\/news\/wp-json\/wp\/v2\/posts\/40792","targetHints":{"allow":["GET"]}}],"collection":[{"href":"https:\/\/euapp01.newsmemory.com\/lamarseillaise\/news\/wp-json\/wp\/v2\/posts"}],"about":[{"href":"https:\/\/euapp01.newsmemory.com\/lamarseillaise\/news\/wp-json\/wp\/v2\/types\/post"}],"author":[{"embeddable":true,"href":"https:\/\/euapp01.newsmemory.com\/lamarseillaise\/news\/wp-json\/wp\/v2\/users\/1"}],"replies":[{"embeddable":true,"href":"https:\/\/euapp01.newsmemory.com\/lamarseillaise\/news\/wp-json\/wp\/v2\/comments?post=40792"}],"version-history":[{"count":1,"href":"https:\/\/euapp01.newsmemory.com\/lamarseillaise\/news\/wp-json\/wp\/v2\/posts\/40792\/revisions"}],"predecessor-version":[{"id":40794,"href":"https:\/\/euapp01.newsmemory.com\/lamarseillaise\/news\/wp-json\/wp\/v2\/posts\/40792\/revisions\/40794"}],"wp:featuredmedia":[{"embeddable":true,"href":"https:\/\/euapp01.newsmemory.com\/lamarseillaise\/news\/wp-json\/wp\/v2\/media\/40793"}],"wp:attachment":[{"href":"https:\/\/euapp01.newsmemory.com\/lamarseillaise\/news\/wp-json\/wp\/v2\/media?parent=40792"}],"wp:term":[{"taxonomy":"category","embeddable":true,"href":"https:\/\/euapp01.newsmemory.com\/lamarseillaise\/news\/wp-json\/wp\/v2\/categories?post=40792"},{"taxonomy":"post_tag","embeddable":true,"href":"https:\/\/euapp01.newsmemory.com\/lamarseillaise\/news\/wp-json\/wp\/v2\/tags?post=40792"},{"taxonomy":"news-destination","embeddable":true,"href":"https:\/\/euapp01.newsmemory.com\/lamarseillaise\/news\/wp-json\/wp\/v2\/news-destination?post=40792"},{"taxonomy":"news-source","embeddable":true,"href":"https:\/\/euapp01.newsmemory.com\/lamarseillaise\/news\/wp-json\/wp\/v2\/news-source?post=40792"},{"taxonomy":"is_homepage","embeddable":true,"href":"https:\/\/euapp01.newsmemory.com\/lamarseillaise\/news\/wp-json\/wp\/v2\/is_homepage?post=40792"},{"taxonomy":"ta_other","embeddable":true,"href":"https:\/\/euapp01.newsmemory.com\/lamarseillaise\/news\/wp-json\/wp\/v2\/ta_other?post=40792"}],"curies":[{"name":"wp","href":"https:\/\/api.w.org\/{rel}","templated":true}]}}