{"id":40789,"date":"2026-08-29T15:11:00","date_gmt":"2026-08-29T13:11:00","guid":{"rendered":"https:\/\/euapp01.newsmemory.com\/lamarseillaise\/news\/?p=40789"},"modified":"2026-08-31T09:56:21","modified_gmt":"2026-08-31T07:56:21","slug":"memoire-ouvriere-lucien-molino-la-grande-colere-des-travailleurs","status":"publish","type":"post","link":"https:\/\/euapp01.newsmemory.com\/lamarseillaise\/news\/2026\/08\/29\/memoire-ouvriere-lucien-molino-la-grande-colere-des-travailleurs\/","title":{"rendered":"[M\u00e9moire ouvri\u00e8re] Lucien Molino. La grande col\u00e8re des travailleurs"},"content":{"rendered":"<div class=\"paragraph\">\n<p>En conseil des ministres, le sinistre Jules Moch plaida pour une politique plus autoritaire et fit alors parler les matraques et organisa les arrestations. Pourtant, ces gr\u00e8ves \u00e9taient revendicatives et les complots d\u00e9nonc\u00e9s par Jules Moch n\u2019\u00e9taient que dans sa t\u00eate ou celles de Ramadier et L\u00e9on Blum qui ob\u00e9issaient aux injonctions am\u00e9ricaines. L\u2019aide du plan Marshall \u00e9tait accord\u00e9e \u00e0 la France \u00e0 condition que des mesures soient prises contre le Parti communiste et la CGT. Ils ont ob\u00e9i. Ils ont sur la conscience des morts comme Voulant et Bettini abattu \u00e0 l\u2019Estaque par un policier, des poursuites contre les travailleurs et leurs dirigeants. Moi-m\u00eame, sur les ordres du pr\u00e9fet Beylot, je fus poursuivi pour une affiche diffamatoire accusant le gouvernement\u00a0: \u00ab\u00a0les chiens aboient, la caravane passe\u00a0\u00bb.<\/p>\n<p><b>La mise \u00e0 sac de l\u2019Alcazar<\/b><\/p>\n<p>Je me souviens aussi de la venue \u00e0 Marseille, \u00e0 la pr\u00e9fecture, de Daniel Mayer, ministre du travail, socialiste. Les raffineries de sucre de Saint-Louis \u00e9taient alors en gr\u00e8ve pour les salaires et les conditions de travail, contre les licenciements. Il accepta une rencontre avec une d\u00e9l\u00e9gation du bureau syndical que je conduisais. Je lui pr\u00e9sentai la d\u00e9l\u00e9gation en lui faisant conna\u00eetre les raisons de la gr\u00e8ve. Il m\u2019\u00e9couta, puis, s\u2019adressant en particulier aux membres de la d\u00e9l\u00e9gation, il s\u2019exprima en ces termes\u00a0: \u00ab\u00a0<i>Savez-vous que les ordres de gr\u00e8ve viennent du comit\u00e9 central du Parti dont Molino est le repr\u00e9sentant \u00e0 Marseille. Je n\u2019accepte pas vos revendications et votre gr\u00e8ve est politique et vous demande de quitter le bureau imm\u00e9diatement<\/i><i>\u00a0<\/i>\u00bb. M\u00e9contente et en col\u00e8re, la d\u00e9l\u00e9gation d\u00e9cida de faire une assembl\u00e9e g\u00e9n\u00e9rale des travailleurs de raffineries de sucre en gr\u00e8ve \u00e0 100%.<\/p>\n<p>Je leur sugg\u00e9rai : \u00ab<i>Daniel Mayer et Gaston Defferre organisent un meeting ce soir \u00e0 18 heures \u00e0 l\u2019Alcazar, je vous propose d\u2019occuper la salle une heure avant et j\u2019apporterai la contradiction.<\/i><i>\u00a0<\/i>\u00bb Le soir, la salle de l\u2019Alcazar \u00e9tait pleine \u00e0 craquer. Des milliers de personnes se trouvaient \u00e0 l\u2019ext\u00e9rieur. Le premier orateur fut Gaston Defferre qui fut accueilli par 40 000 travailleurs mains en l\u2019air. Elles font les \u00ab\u00a0<i>petites marionnettes<\/i><i>\u00a0<\/i>\u00bb ne pouvant s\u2019expliquer\u00a0! Daniel Mayer s\u2019avan\u00e7a rageusement vers le micro des travailleurs qui scandaient \u00ab\u00a0<i>Molino<\/i><i>\u00a0<\/i><i>!<\/i><i>\u00a0<\/i>\u00bb. J\u2019attendais le moment, \u00e9tant pr\u00e9sent au bar de l\u2019Alcazar o\u00f9 nous avions d\u00e9cid\u00e9 que je porterai la contradiction \u00e0 Daniel Mayer. Arriv\u00e9 dans la salle, je fus propuls\u00e9 sur la tribune pour prendre la parole, les socialistes m\u2019agress\u00e8rent ce qui d\u00e9cha\u00eena la col\u00e8re des travailleurs.<\/p>\n<p>Daniel Mayer, ministre du travail, et Gaston Defferre ne durent leur salut qu\u2019\u00e0 une fuite par la porte de secours entour\u00e9s de policiers. Quant aux travailleurs des raffineries, d\u00e9cha\u00een\u00e9s par l\u2019attitude de ces deux dirigeants socialistes, ils s\u2019en prirent au mat\u00e9riel, arrachant les fauteuils, brisant les glaces, etc. et ils mirent l\u2019Alcazar \u00e0 sac. Le directeur engagea des poursuites qui se retourn\u00e8rent contre les organisateurs du meeting, c\u2019est-\u00e0-dire le Parti socialiste.<\/p>\n<p><i>\u00e0 suivre la semaine prochaine&#8230;<\/i><\/p>\n<\/p><\/div>\n","protected":false},"excerpt":{"rendered":"En conseil des ministres, le sinistre Jules Moch plaida pour une politique plus autoritaire et fit alors parler les matraques et organisa les arrestations. Pourtant, ces gr&egrave;ves &eacute;taient revendicatives et les complots &#8230;","protected":false},"author":1,"featured_media":40790,"comment_status":"open","ping_status":"open","sticky":false,"template":"","format":"standard","meta":{"footnotes":""},"categories":[918,3926,3925,20],"tags":[2922,10,113,618,280,2630,16,920,5199,580,250,2938,1729,2629,988,2001],"news-destination":[3944],"news-source":[475],"is_homepage":[],"ta_other":[],"class_list":["post-40789","post","type-post","status-publish","format-standard","has-post-thumbnail","hentry","category-accueil","category-accueil-merge","category-accueil-third","category-societe","tag-alcazar","tag-bouches-du-rhone","tag-cgt","tag-devoir-de-memoire","tag-histoire","tag-lucien-molino","tag-marseille","tag-memoire","tag-memoire-ouvriere","tag-parti-socialiste","tag-pcf","tag-recit","tag-resistance","tag-resistant","tag-week-end","tag-weekend","news-destination-homepage","news-source-website"],"_links":{"self":[{"href":"https:\/\/euapp01.newsmemory.com\/lamarseillaise\/news\/wp-json\/wp\/v2\/posts\/40789","targetHints":{"allow":["GET"]}}],"collection":[{"href":"https:\/\/euapp01.newsmemory.com\/lamarseillaise\/news\/wp-json\/wp\/v2\/posts"}],"about":[{"href":"https:\/\/euapp01.newsmemory.com\/lamarseillaise\/news\/wp-json\/wp\/v2\/types\/post"}],"author":[{"embeddable":true,"href":"https:\/\/euapp01.newsmemory.com\/lamarseillaise\/news\/wp-json\/wp\/v2\/users\/1"}],"replies":[{"embeddable":true,"href":"https:\/\/euapp01.newsmemory.com\/lamarseillaise\/news\/wp-json\/wp\/v2\/comments?post=40789"}],"version-history":[{"count":1,"href":"https:\/\/euapp01.newsmemory.com\/lamarseillaise\/news\/wp-json\/wp\/v2\/posts\/40789\/revisions"}],"predecessor-version":[{"id":40791,"href":"https:\/\/euapp01.newsmemory.com\/lamarseillaise\/news\/wp-json\/wp\/v2\/posts\/40789\/revisions\/40791"}],"wp:featuredmedia":[{"embeddable":true,"href":"https:\/\/euapp01.newsmemory.com\/lamarseillaise\/news\/wp-json\/wp\/v2\/media\/40790"}],"wp:attachment":[{"href":"https:\/\/euapp01.newsmemory.com\/lamarseillaise\/news\/wp-json\/wp\/v2\/media?parent=40789"}],"wp:term":[{"taxonomy":"category","embeddable":true,"href":"https:\/\/euapp01.newsmemory.com\/lamarseillaise\/news\/wp-json\/wp\/v2\/categories?post=40789"},{"taxonomy":"post_tag","embeddable":true,"href":"https:\/\/euapp01.newsmemory.com\/lamarseillaise\/news\/wp-json\/wp\/v2\/tags?post=40789"},{"taxonomy":"news-destination","embeddable":true,"href":"https:\/\/euapp01.newsmemory.com\/lamarseillaise\/news\/wp-json\/wp\/v2\/news-destination?post=40789"},{"taxonomy":"news-source","embeddable":true,"href":"https:\/\/euapp01.newsmemory.com\/lamarseillaise\/news\/wp-json\/wp\/v2\/news-source?post=40789"},{"taxonomy":"is_homepage","embeddable":true,"href":"https:\/\/euapp01.newsmemory.com\/lamarseillaise\/news\/wp-json\/wp\/v2\/is_homepage?post=40789"},{"taxonomy":"ta_other","embeddable":true,"href":"https:\/\/euapp01.newsmemory.com\/lamarseillaise\/news\/wp-json\/wp\/v2\/ta_other?post=40789"}],"curies":[{"name":"wp","href":"https:\/\/api.w.org\/{rel}","templated":true}]}}