{"id":40783,"date":"2026-08-29T14:47:00","date_gmt":"2026-08-29T12:47:00","guid":{"rendered":"https:\/\/euapp01.newsmemory.com\/lamarseillaise\/news\/?p=40783"},"modified":"2026-08-31T09:56:21","modified_gmt":"2026-08-31T07:56:21","slug":"pour-bruno-genesio-une-eventuelle-demission-nest-pas-dactualite","status":"publish","type":"post","link":"https:\/\/euapp01.newsmemory.com\/lamarseillaise\/news\/2026\/08\/29\/pour-bruno-genesio-une-eventuelle-demission-nest-pas-dactualite\/","title":{"rendered":"Pour Bruno Genesio, une \u00ab \u00e9ventuelle d\u00e9mission n\u2019est pas d\u2019actualit\u00e9 !\u00bb"},"content":{"rendered":"<div class=\"paragraph\">\n<p>Igor Paix\u00e3o ne s\u2019est pas entra\u00een\u00e9 de la semaine. Il n\u2019en fallait pas plus pour raviver les rumeurs d\u2019un d\u00e9part de l\u2019OM. D\u2019autant plus que Sunderland annon\u00e7ait avoir l\u2019accord du Br\u00e9silien pour qu\u2019il s\u2019engage chez les \u00ab Black Cats \u00bb anglais. Bruno Genesio a tenu \u00e0 apporter des pr\u00e9cisions. \u00ab <i>Il a un probl\u00e8me \u00e0 la cuisse. Il a jou\u00e9 avec la douleur \u00e0 Strasbourg. Il est en soins<\/i> \u00bb, a-t-il confi\u00e9 en conf\u00e9rence de presse. Pr\u00e9cisant que l\u2019ailier gauche \u00ab <i>ne sera pas dans le groupe \u00e0 Monaco<\/i> \u00bb.<\/p>\n<p>Autre absence confirm\u00e9e, celle de Leo Balerdi. \u00c0 demi-mot, Bruno Genesio a confirm\u00e9 que l\u2019Argentin allait quitter le club. \u00ab<i> Des discussions sont en cours<\/i> \u00bb. La Roma devrait le r\u00e9cup\u00e9rer dans les prochaines heures.<\/p>\n<p>Interrog\u00e9 sur la gestion de sa semaine, entre rumeurs, tirage au sort de la Ligue Europa et pr\u00e9paration du d\u00e9placement \u00e0 Monaco, l\u2019entra\u00eeneur a salu\u00e9 \u00ab <i>l\u2019investissement des joueurs qui restent concentr\u00e9s sur l\u2019entra\u00eenement. Nous avons pu pr\u00e9parer ce qui sera notre premier gros test \u00e0 l\u2019ext\u00e9rieur. Je n\u2019ai song\u00e9 qu\u2019\u00e0 cela sur le terrain.<\/i> \u00bb Reconnaissant n\u00e9anmoins avoir eu \u00ab <i>d\u2019autres \u00e9l\u00e9ments \u00e0 g\u00e9rer, hors entra\u00eenement <\/i>\u00bb. Quant \u00e0 une \u00e9ventuelle d\u00e9mission de sa part, due au manque de moyens pour constituer son groupe, Bruno Genesio a tenu \u00e0 tordre le cou \u00e0 la rumeur. \u00ab <i>Mon \u00e9ventuelle d\u00e9mission n\u2019est pas d\u2019actualit\u00e9 !<\/i> \u00bb Quant \u00e0 d\u00e9terminer des objectifs sportifs, il insiste que \u00ab <i>ce ne sera pas \u00e0 moi d\u2019en parler. Il n\u2019est d\u2019ailleurs pas possible d\u2019en fixer avec autant d\u2019incertitudes sur l\u2019effectif. <\/i>\u00bb<\/p>\n<p>Bruno Genesio a \u00e9galement abord\u00e9 la Ligue Europa. \u00ab <i>Les matches diront si nous avons un bon tirage ou non. Nous allons rencontrer de belles \u00e9quipes, des habitu\u00e9es de la Ligue des Champions, de belles ambiances au Celtic ou \u00e0 Istanbul. Avec une possibilit\u00e9 d\u2019en sortir. Il nous faudra bien g\u00e9rer et \u00e9quilibrer les temps de jeu et les d\u00e9placements <\/i>\u00bb.<\/p>\n<\/p><\/div>\n","protected":false},"excerpt":{"rendered":"Igor Paix&atilde;o ne s&rsquo;est pas entra&icirc;n&eacute; de la semaine. Il n&rsquo;en fallait pas plus pour raviver les rumeurs d&rsquo;un d&eacute;part de l&rsquo;OM. D&rsquo;autant plus que Sunderland annon&ccedil;ait avoir l&rsquo;accord du &#8230;","protected":false},"author":1,"featured_media":40784,"comment_status":"open","ping_status":"open","sticky":false,"template":"","format":"standard","meta":{"footnotes":""},"categories":[918,3926,3925,7],"tags":[10,13,1153,3170,16,1152,14],"news-destination":[3944],"news-source":[475],"is_homepage":[],"ta_other":[],"class_list":["post-40783","post","type-post","status-publish","format-standard","has-post-thumbnail","hentry","category-accueil","category-accueil-merge","category-accueil-third","category-sports","tag-bouches-du-rhone","tag-football","tag-ligue-1","tag-ligue-europa","tag-marseille","tag-mercato","tag-om","news-destination-homepage","news-source-website"],"_links":{"self":[{"href":"https:\/\/euapp01.newsmemory.com\/lamarseillaise\/news\/wp-json\/wp\/v2\/posts\/40783","targetHints":{"allow":["GET"]}}],"collection":[{"href":"https:\/\/euapp01.newsmemory.com\/lamarseillaise\/news\/wp-json\/wp\/v2\/posts"}],"about":[{"href":"https:\/\/euapp01.newsmemory.com\/lamarseillaise\/news\/wp-json\/wp\/v2\/types\/post"}],"author":[{"embeddable":true,"href":"https:\/\/euapp01.newsmemory.com\/lamarseillaise\/news\/wp-json\/wp\/v2\/users\/1"}],"replies":[{"embeddable":true,"href":"https:\/\/euapp01.newsmemory.com\/lamarseillaise\/news\/wp-json\/wp\/v2\/comments?post=40783"}],"version-history":[{"count":1,"href":"https:\/\/euapp01.newsmemory.com\/lamarseillaise\/news\/wp-json\/wp\/v2\/posts\/40783\/revisions"}],"predecessor-version":[{"id":40785,"href":"https:\/\/euapp01.newsmemory.com\/lamarseillaise\/news\/wp-json\/wp\/v2\/posts\/40783\/revisions\/40785"}],"wp:featuredmedia":[{"embeddable":true,"href":"https:\/\/euapp01.newsmemory.com\/lamarseillaise\/news\/wp-json\/wp\/v2\/media\/40784"}],"wp:attachment":[{"href":"https:\/\/euapp01.newsmemory.com\/lamarseillaise\/news\/wp-json\/wp\/v2\/media?parent=40783"}],"wp:term":[{"taxonomy":"category","embeddable":true,"href":"https:\/\/euapp01.newsmemory.com\/lamarseillaise\/news\/wp-json\/wp\/v2\/categories?post=40783"},{"taxonomy":"post_tag","embeddable":true,"href":"https:\/\/euapp01.newsmemory.com\/lamarseillaise\/news\/wp-json\/wp\/v2\/tags?post=40783"},{"taxonomy":"news-destination","embeddable":true,"href":"https:\/\/euapp01.newsmemory.com\/lamarseillaise\/news\/wp-json\/wp\/v2\/news-destination?post=40783"},{"taxonomy":"news-source","embeddable":true,"href":"https:\/\/euapp01.newsmemory.com\/lamarseillaise\/news\/wp-json\/wp\/v2\/news-source?post=40783"},{"taxonomy":"is_homepage","embeddable":true,"href":"https:\/\/euapp01.newsmemory.com\/lamarseillaise\/news\/wp-json\/wp\/v2\/is_homepage?post=40783"},{"taxonomy":"ta_other","embeddable":true,"href":"https:\/\/euapp01.newsmemory.com\/lamarseillaise\/news\/wp-json\/wp\/v2\/ta_other?post=40783"}],"curies":[{"name":"wp","href":"https:\/\/api.w.org\/{rel}","templated":true}]}}