{"id":40777,"date":"2026-08-29T12:58:00","date_gmt":"2026-08-29T10:58:00","guid":{"rendered":"https:\/\/euapp01.newsmemory.com\/lamarseillaise\/news\/?p=40777"},"modified":"2026-08-29T20:27:15","modified_gmt":"2026-08-29T18:27:15","slug":"leurodepute-renaissance-gregory-allione-soutientedouard-philippe","status":"publish","type":"post","link":"https:\/\/euapp01.newsmemory.com\/lamarseillaise\/news\/2026\/08\/29\/leurodepute-renaissance-gregory-allione-soutientedouard-philippe\/","title":{"rendered":"L\u2019eurod\u00e9put\u00e9 Renaissance Gr\u00e9gory Allione soutient \u00c9douard Philippe"},"content":{"rendered":"<div class=\"paragraph\">\n<p>\u00ab\u00a0<i>Je suis convaincu que la France a besoin d\u2019un leader d\u2019exp\u00e9rience et d\u2019une majorit\u00e9 de gouvernement capable de guider notre pays sur le chemin d\u2019une France forte, souveraine, protectrice et confiante en son avenir<\/i><i>\u00a0<\/i>\u00bb, justifie celui qui affirme se reconna\u00eetre dans \u00ab\u00a0<i>une ligne de droite r\u00e9publicaine, sociale, exigeante et profond\u00e9ment attach\u00e9e \u00e0 l\u2019autorit\u00e9 de l\u2019\u00c9tat<\/i><i>\u00a0<\/i>\u00bb et qui avait rejoint en 2025 le mouvement Populaires fond\u00e9 par G\u00e9rald Darmanin, lequel s\u2019est ralli\u00e9 le 17\u00a0ao\u00fbt au maire du\u00a0Havre. Et de former le v\u0153u que ses id\u00e9es \u00ab\u00a0<i>soient pr\u00e9sentes au second tour de l\u2019\u00e9lection pr\u00e9sidentielle et qu\u2019elles puissent l\u2019emporter<\/i><i>\u00a0<\/i>\u00bb.<\/p>\n<\/p><\/div>\n","protected":false},"excerpt":{"rendered":"&laquo;&nbsp;Je suis convaincu que la France a besoin d&rsquo;un leader d&rsquo;exp&eacute;rience et d&rsquo;une majorit&eacute; de gouvernement capable de guider notre pays sur le chemin d&rsquo;une France forte, souveraine, protectrice et &#8230;","protected":false},"author":1,"featured_media":40778,"comment_status":"open","ping_status":"open","sticky":false,"template":"","format":"standard","meta":{"footnotes":""},"categories":[330],"tags":[556,10,850,433,528,4915,434,4107,644,393],"news-destination":[],"news-source":[475],"is_homepage":[],"ta_other":[],"class_list":["post-40777","post","type-post","status-publish","format-standard","has-post-thumbnail","hentry","category-politique","tag-aix-en-provence","tag-bouches-du-rhone","tag-edouard-philippe","tag-elections","tag-gouvernement","tag-gregory-allione","tag-horizons","tag-parlement-europeen","tag-renaissance","tag-soutien","news-source-website"],"_links":{"self":[{"href":"https:\/\/euapp01.newsmemory.com\/lamarseillaise\/news\/wp-json\/wp\/v2\/posts\/40777","targetHints":{"allow":["GET"]}}],"collection":[{"href":"https:\/\/euapp01.newsmemory.com\/lamarseillaise\/news\/wp-json\/wp\/v2\/posts"}],"about":[{"href":"https:\/\/euapp01.newsmemory.com\/lamarseillaise\/news\/wp-json\/wp\/v2\/types\/post"}],"author":[{"embeddable":true,"href":"https:\/\/euapp01.newsmemory.com\/lamarseillaise\/news\/wp-json\/wp\/v2\/users\/1"}],"replies":[{"embeddable":true,"href":"https:\/\/euapp01.newsmemory.com\/lamarseillaise\/news\/wp-json\/wp\/v2\/comments?post=40777"}],"version-history":[{"count":2,"href":"https:\/\/euapp01.newsmemory.com\/lamarseillaise\/news\/wp-json\/wp\/v2\/posts\/40777\/revisions"}],"predecessor-version":[{"id":40814,"href":"https:\/\/euapp01.newsmemory.com\/lamarseillaise\/news\/wp-json\/wp\/v2\/posts\/40777\/revisions\/40814"}],"wp:featuredmedia":[{"embeddable":true,"href":"https:\/\/euapp01.newsmemory.com\/lamarseillaise\/news\/wp-json\/wp\/v2\/media\/40778"}],"wp:attachment":[{"href":"https:\/\/euapp01.newsmemory.com\/lamarseillaise\/news\/wp-json\/wp\/v2\/media?parent=40777"}],"wp:term":[{"taxonomy":"category","embeddable":true,"href":"https:\/\/euapp01.newsmemory.com\/lamarseillaise\/news\/wp-json\/wp\/v2\/categories?post=40777"},{"taxonomy":"post_tag","embeddable":true,"href":"https:\/\/euapp01.newsmemory.com\/lamarseillaise\/news\/wp-json\/wp\/v2\/tags?post=40777"},{"taxonomy":"news-destination","embeddable":true,"href":"https:\/\/euapp01.newsmemory.com\/lamarseillaise\/news\/wp-json\/wp\/v2\/news-destination?post=40777"},{"taxonomy":"news-source","embeddable":true,"href":"https:\/\/euapp01.newsmemory.com\/lamarseillaise\/news\/wp-json\/wp\/v2\/news-source?post=40777"},{"taxonomy":"is_homepage","embeddable":true,"href":"https:\/\/euapp01.newsmemory.com\/lamarseillaise\/news\/wp-json\/wp\/v2\/is_homepage?post=40777"},{"taxonomy":"ta_other","embeddable":true,"href":"https:\/\/euapp01.newsmemory.com\/lamarseillaise\/news\/wp-json\/wp\/v2\/ta_other?post=40777"}],"curies":[{"name":"wp","href":"https:\/\/api.w.org\/{rel}","templated":true}]}}