{"id":40774,"date":"2026-08-29T12:29:00","date_gmt":"2026-08-29T10:29:00","guid":{"rendered":"https:\/\/euapp01.newsmemory.com\/lamarseillaise\/news\/?p=40774"},"modified":"2026-08-30T23:16:17","modified_gmt":"2026-08-30T21:16:17","slug":"toulon-la-resistante-se-souvient-et-poursuit-le-combat","status":"publish","type":"post","link":"https:\/\/euapp01.newsmemory.com\/lamarseillaise\/news\/2026\/08\/29\/toulon-la-resistante-se-souvient-et-poursuit-le-combat\/","title":{"rendered":"Toulon, la r\u00e9sistante, se souvient et poursuit le combat"},"content":{"rendered":"<div class=\"paragraph\">\n<p>Il y a 82\u00a0ans, Toulon retrouvait sa libert\u00e9 apr\u00e8s des combats acharn\u00e9s men\u00e9s de concert du 20\u00a0au 27\u00a0ao\u00fbt 1944 par les soldats de l\u2019Arm\u00e9e B du g\u00e9n\u00e9ral de Lattre de Tassigny <br \/>&#8211;\u00a0dont beaucoup d\u2019Alg\u00e9riens, Marocains, S\u00e9n\u00e9galais&#8230; &#8211; et la R\u00e9sistance qui la premi\u00e8re fait le coup de feu au centre-ville et guide l\u2019avanc\u00e9e des troupes. Une insurrection int\u00e9rieure men\u00e9e par des hommes et des femmes qui tr\u00e8s t\u00f4t, comme les cr\u00e9ateurs de notre journal, ont choisi de ne pas se coucher et de mener clandestinement la lutte contre le fascisme et l\u2019occupant.<\/p>\n<p>Une comm\u00e9moration qui porte ici une valeur hautement p\u00e9dagogique, le Port du Levant \u00e9tant toujours le lieu aujourd\u2019hui o\u00f9 on se bat avec force contre l\u2019extr\u00eame droite, et cela dans un d\u00e9partement presque tout entier acquis au niveau de la repr\u00e9sentation nationale au RN. Ici le parti \u00e0 la flamme a \u00e9chou\u00e9 aux l\u00e9gislatives, la seule circo du Var \u00e0 \u00eatre rest\u00e9e debout, et aux municipales o\u00f9 il se voyait victorieux.<\/p>\n<p>La maire sans \u00e9tiquette de Toulon Jos\u00e9e Massi a rappel\u00e9 vendredi soir place Gabriel P\u00e9ri que le temps ne doit jamais effacer le souvenir.<\/p>\n<p>Et de lancer : \u00ab<i>\u00a0<\/i><i>Nous nous souvenons des 350<\/i><i>\u00a0<\/i><i>000<\/i><i>\u00a0<\/i><i>soldats, dont 230<\/i><i>\u00a0<\/i><i>000<\/i><i>\u00a0<\/i><i>Fran\u00e7ais, qui ont d\u00e9barqu\u00e9 en Provence. De l\u2019arm\u00e9e fran\u00e7aise du g\u00e9n\u00e9ral de Lattre de Tassigny, des divisions blind\u00e9es, des commandos<\/i> <i>d\u2019Afrique, des tirailleurs d\u2019Afrique du Nord et d\u2019Afrique subsaharienne, des goumiers, des tabors, des marsouins<\/i> [&#8230;] <i>Nous nous souvenons de la R\u00e9sistance int\u00e9rieure, de ces femmes et de ces hommes de l\u2019ombre qui se sont engag\u00e9s au p\u00e9ril de leur vie et pour refuser le totalitarisme.<\/i>\u00a0\u00bb<\/p>\n<\/p><\/div>\n<div class=\"intext\"> Un outil pour agir\n              <\/div>\n<div class=\"paragraph\">\n<p>La premi\u00e8re magistrate a insist\u00e9 sur le fait que, les derniers t\u00e9moins disparaissant, et avec eux \u00ab\u00a0<i>la m\u00e9moire vive de ce qu\u2019ils ont endur\u00e9<\/i>\u00a0\u00bb, il ne suffit pas de comm\u00e9morer mais de prendre le relais. \u00ab\u00a0<i>Il nous revient, \u00e0 nous qui restons, de transmettre avec force les dangers, les m\u00e9canismes, les<\/i> <i>renoncements et les l\u00e2chet\u00e9s qui ont laiss\u00e9 prosp\u00e9rer l\u2019inacceptable<\/i><i>\u00a0<\/i>\u00bb, mart\u00e8le-t-elle avec la force de l\u2019engagement. Il s\u2019agit donc aussi tout en rendant justice \u00e0 ceux qui se sont lev\u00e9s contre la barbarie de \u00ab\u00a0<i>donner aux g\u00e9n\u00e9rations pr\u00e9sentes et futures les moyens de reconna\u00eetre, \u00e0 temps, les signes avant-coureurs du pire<\/i><i>\u00a0<\/i>\u00bb. Et faire donc du souvenir \u00ab\u00a0<i>un outil pour agir<\/i><i>\u00a0<\/i>\u00bb.<\/p>\n<p>Il s\u2019agit donc pour honorer justement nos lib\u00e9rateurs, \u00ab<i>\u00a0<\/i><i>de faire notre leur combat<\/i><i>\u00a0<\/i>\u00bb \u00ab\u00a0<i>pour que l\u2019horreur ne revienne pas, pour que le nazisme et toutes les id\u00e9ologies mortif\u00e8res, ne puissent plus jamais prosp\u00e9rer<\/i>.\u00a0\u00bb<\/p>\n<p>\u00c9tant bien entendu que personne ne peut croire lucidement, ajoute-t-elle, que le monde d\u2019aujourd\u2019hui est \u00e0 l\u2019abri des d\u00e9rives d\u2019hier. Et de pr\u00e9venir\u00a0: \u00ab\u00a0<i>La haine, l\u2019intol\u00e9rance, les discours de division trouvent encore un terreau fertile, amplifi\u00e9 par les r\u00e9seaux sociaux o\u00f9 les rumeurs circulent plus vite que les faits<\/i>.\u00a0\u00bb Un devoir de m\u00e9moire qui invite donc \u00e0 la vigilance et \u00e0 l\u2019action. Et se d\u00e9finit \u00ab\u00a0<i>par notre capacit\u00e9 \u00e0 lutter contre les petites et les grandes l\u00e2chet\u00e9s<\/i><i>\u00a0<\/i><i>: celles qui banalisent l\u2019injustice, celles qui ferment les yeux, celles qui alimentent les discours de haine<\/i><i>\u00a0<\/i>\u00bb.<\/p>\n<p>Bref, par l\u2019engagement \u00e0 prot\u00e9ger les fondements de la R\u00e9publique, \u00ab\u00a0<i>car la d\u00e9mocratie n\u2019est jamais acquise<\/i><i>\u00a0<\/i><i>: ni dans nos institutions ni dans nos comportements<\/i><i>\u00a0<\/i>\u00bb. Le genre de discours d\u2019un \u00e9lu de la R\u00e9publique responsable dont on peut tous \u00eatre fiers. Sauf bien s\u00fbr ceux qui se seraient sentis vis\u00e9s comme incarnation de la menace, leurs pr\u00e9d\u00e9cesseurs n\u2019ayant pas choisi, eux, de se situer du bon c\u00f4t\u00e9 de l\u2019Histoire. L\u2019ann\u00e9e derni\u00e8re, ils s\u2019en \u00e9taient plaints en conseil municipal.<\/p>\n<\/p><\/div>\n<div class=\"paragraph\">\n<p><b>Jos\u00e9e Massi re\u00e7oit la m\u00e9daille de bronze de la S\u00e9curit\u00e9 int\u00e9rieure<\/b><\/p>\n<p>\u00c0 l\u2019occasion de la c\u00e9r\u00e9monie de c\u00e9l\u00e9bration du 82e anniversaire de la lib\u00e9ration du Port du Levant, la maire sans \u00e9tiquette de Toulon Jos\u00e9e a re\u00e7u par le pr\u00e9fet du Var Simon Babre la M\u00e9daille de bronze de la S\u00e9curit\u00e9 int\u00e9rieure &#8211; avec agrafe \u00ab 80e anniversaire du D\u00e9barquement \u00bb &#8211; \u00ab <i>r\u00e9compensant son investissement personnel dans la transmission de la m\u00e9moire<\/i> \u00bb. Une distinction honorifique qui vient saluer les services particuli\u00e8rement honorables rendus \u00e0 la s\u00e9curit\u00e9 du pays.<\/p>\n<\/p><\/div>\n","protected":false},"excerpt":{"rendered":"Il y a 82&nbsp;ans, Toulon retrouvait sa libert&eacute; apr&egrave;s des combats acharn&eacute;s men&eacute;s de concert du 20&nbsp;au 27&nbsp;ao&ucirc;t 1944 par les soldats de l&rsquo;Arm&eacute;e B du g&eacute;n&eacute;ral de Lattre de Tassigny &#8230;","protected":false},"author":1,"featured_media":40775,"comment_status":"open","ping_status":"open","sticky":false,"template":"","format":"standard","meta":{"footnotes":""},"categories":[918,3926,3925,20],"tags":[2346,3613,148,6015,389,4190,3182,200,1647,439,597,31],"news-destination":[3944],"news-source":[475],"is_homepage":[],"ta_other":[],"class_list":["post-40774","post","type-post","status-publish","format-standard","has-post-thumbnail","hentry","category-accueil","category-accueil-merge","category-accueil-third","category-societe","tag-ceremonie","tag-commemorations","tag-conseil-municipal","tag-debarquement-de-provence","tag-hommage","tag-jean-moulin","tag-josee-massi","tag-justice","tag-liberation","tag-rn","tag-toulon","tag-var","news-destination-homepage","news-source-website"],"_links":{"self":[{"href":"https:\/\/euapp01.newsmemory.com\/lamarseillaise\/news\/wp-json\/wp\/v2\/posts\/40774","targetHints":{"allow":["GET"]}}],"collection":[{"href":"https:\/\/euapp01.newsmemory.com\/lamarseillaise\/news\/wp-json\/wp\/v2\/posts"}],"about":[{"href":"https:\/\/euapp01.newsmemory.com\/lamarseillaise\/news\/wp-json\/wp\/v2\/types\/post"}],"author":[{"embeddable":true,"href":"https:\/\/euapp01.newsmemory.com\/lamarseillaise\/news\/wp-json\/wp\/v2\/users\/1"}],"replies":[{"embeddable":true,"href":"https:\/\/euapp01.newsmemory.com\/lamarseillaise\/news\/wp-json\/wp\/v2\/comments?post=40774"}],"version-history":[{"count":1,"href":"https:\/\/euapp01.newsmemory.com\/lamarseillaise\/news\/wp-json\/wp\/v2\/posts\/40774\/revisions"}],"predecessor-version":[{"id":40776,"href":"https:\/\/euapp01.newsmemory.com\/lamarseillaise\/news\/wp-json\/wp\/v2\/posts\/40774\/revisions\/40776"}],"wp:featuredmedia":[{"embeddable":true,"href":"https:\/\/euapp01.newsmemory.com\/lamarseillaise\/news\/wp-json\/wp\/v2\/media\/40775"}],"wp:attachment":[{"href":"https:\/\/euapp01.newsmemory.com\/lamarseillaise\/news\/wp-json\/wp\/v2\/media?parent=40774"}],"wp:term":[{"taxonomy":"category","embeddable":true,"href":"https:\/\/euapp01.newsmemory.com\/lamarseillaise\/news\/wp-json\/wp\/v2\/categories?post=40774"},{"taxonomy":"post_tag","embeddable":true,"href":"https:\/\/euapp01.newsmemory.com\/lamarseillaise\/news\/wp-json\/wp\/v2\/tags?post=40774"},{"taxonomy":"news-destination","embeddable":true,"href":"https:\/\/euapp01.newsmemory.com\/lamarseillaise\/news\/wp-json\/wp\/v2\/news-destination?post=40774"},{"taxonomy":"news-source","embeddable":true,"href":"https:\/\/euapp01.newsmemory.com\/lamarseillaise\/news\/wp-json\/wp\/v2\/news-source?post=40774"},{"taxonomy":"is_homepage","embeddable":true,"href":"https:\/\/euapp01.newsmemory.com\/lamarseillaise\/news\/wp-json\/wp\/v2\/is_homepage?post=40774"},{"taxonomy":"ta_other","embeddable":true,"href":"https:\/\/euapp01.newsmemory.com\/lamarseillaise\/news\/wp-json\/wp\/v2\/ta_other?post=40774"}],"curies":[{"name":"wp","href":"https:\/\/api.w.org\/{rel}","templated":true}]}}