{"id":40771,"date":"2026-08-29T12:16:00","date_gmt":"2026-08-29T10:16:00","guid":{"rendered":"https:\/\/euapp01.newsmemory.com\/lamarseillaise\/news\/?p=40771"},"modified":"2026-08-29T12:37:33","modified_gmt":"2026-08-29T10:37:33","slug":"senatoriales-les-progressistes-du-var-en-resistance","status":"publish","type":"post","link":"https:\/\/euapp01.newsmemory.com\/lamarseillaise\/news\/2026\/08\/29\/senatoriales-les-progressistes-du-var-en-resistance\/","title":{"rendered":"[S\u00e9natoriales] Les progressistes du Var en r\u00e9sistance"},"content":{"rendered":"<div class=\"paragraph\">\n<p>Cette fois, avec le faible nombre de grands \u00e9lecteurs dont elle dispose la gauche, qui part en plus en ordre dispers\u00e9, peut difficilement pr\u00e9tendre pouvoir renouveler l\u2019exploit. \u00c0 moins que la maire sans \u00e9tiquette de Toulon Jos\u00e9e Massi, et ceux d\u2019autres grandes municipalit\u00e9s, comme Hy\u00e8res, fassent le choix de privil\u00e9gier la pluralit\u00e9 d\u00e9mocratique contre l\u2019extr\u00eame droite en embuscade. Le RN a ici de grandes ambitions qu\u2019il va falloir en toute responsabilit\u00e9 r\u00e9fr\u00e9ner pour \u00e9viter qu\u2019il n\u2019envoie deux des siens au Palais du Luxembourg. La liste PCF sera conduite par la secr\u00e9taire de la f\u00e9d\u00e9ration Sylvie Vinceneux.<\/p>\n<\/p><\/div>\n","protected":false},"excerpt":{"rendered":"","protected":false},"author":1,"featured_media":40772,"comment_status":"open","ping_status":"open","sticky":false,"template":"","format":"standard","meta":{"footnotes":""},"categories":[330],"tags":[789,1628,433,540,3182,580,250,543,544,439,1920,1033,5195,3310,31],"news-destination":[],"news-source":[475],"is_homepage":[],"ta_other":[],"class_list":["post-40771","post","type-post","status-publish","format-standard","has-post-thumbnail","hentry","category-politique","tag-campagne-electorale","tag-candidats","tag-elections","tag-gauche","tag-josee-massi","tag-parti-socialiste","tag-pcf","tag-ps","tag-rassemblement-national","tag-rn","tag-senat","tag-senateurs","tag-senatoriales","tag-sylvie-vinceneux","tag-var","news-source-website"],"_links":{"self":[{"href":"https:\/\/euapp01.newsmemory.com\/lamarseillaise\/news\/wp-json\/wp\/v2\/posts\/40771","targetHints":{"allow":["GET"]}}],"collection":[{"href":"https:\/\/euapp01.newsmemory.com\/lamarseillaise\/news\/wp-json\/wp\/v2\/posts"}],"about":[{"href":"https:\/\/euapp01.newsmemory.com\/lamarseillaise\/news\/wp-json\/wp\/v2\/types\/post"}],"author":[{"embeddable":true,"href":"https:\/\/euapp01.newsmemory.com\/lamarseillaise\/news\/wp-json\/wp\/v2\/users\/1"}],"replies":[{"embeddable":true,"href":"https:\/\/euapp01.newsmemory.com\/lamarseillaise\/news\/wp-json\/wp\/v2\/comments?post=40771"}],"version-history":[{"count":1,"href":"https:\/\/euapp01.newsmemory.com\/lamarseillaise\/news\/wp-json\/wp\/v2\/posts\/40771\/revisions"}],"predecessor-version":[{"id":40773,"href":"https:\/\/euapp01.newsmemory.com\/lamarseillaise\/news\/wp-json\/wp\/v2\/posts\/40771\/revisions\/40773"}],"wp:featuredmedia":[{"embeddable":true,"href":"https:\/\/euapp01.newsmemory.com\/lamarseillaise\/news\/wp-json\/wp\/v2\/media\/40772"}],"wp:attachment":[{"href":"https:\/\/euapp01.newsmemory.com\/lamarseillaise\/news\/wp-json\/wp\/v2\/media?parent=40771"}],"wp:term":[{"taxonomy":"category","embeddable":true,"href":"https:\/\/euapp01.newsmemory.com\/lamarseillaise\/news\/wp-json\/wp\/v2\/categories?post=40771"},{"taxonomy":"post_tag","embeddable":true,"href":"https:\/\/euapp01.newsmemory.com\/lamarseillaise\/news\/wp-json\/wp\/v2\/tags?post=40771"},{"taxonomy":"news-destination","embeddable":true,"href":"https:\/\/euapp01.newsmemory.com\/lamarseillaise\/news\/wp-json\/wp\/v2\/news-destination?post=40771"},{"taxonomy":"news-source","embeddable":true,"href":"https:\/\/euapp01.newsmemory.com\/lamarseillaise\/news\/wp-json\/wp\/v2\/news-source?post=40771"},{"taxonomy":"is_homepage","embeddable":true,"href":"https:\/\/euapp01.newsmemory.com\/lamarseillaise\/news\/wp-json\/wp\/v2\/is_homepage?post=40771"},{"taxonomy":"ta_other","embeddable":true,"href":"https:\/\/euapp01.newsmemory.com\/lamarseillaise\/news\/wp-json\/wp\/v2\/ta_other?post=40771"}],"curies":[{"name":"wp","href":"https:\/\/api.w.org\/{rel}","templated":true}]}}