{"id":40768,"date":"2026-08-29T12:22:00","date_gmt":"2026-08-29T10:22:00","guid":{"rendered":"https:\/\/euapp01.newsmemory.com\/lamarseillaise\/news\/?p=40768"},"modified":"2026-08-29T12:37:33","modified_gmt":"2026-08-29T10:37:33","slug":"senatoriales-lavenir-de-la-gauche-incertain-dans-les-alpes-de-haute-provence","status":"publish","type":"post","link":"https:\/\/euapp01.newsmemory.com\/lamarseillaise\/news\/2026\/08\/29\/senatoriales-lavenir-de-la-gauche-incertain-dans-les-alpes-de-haute-provence\/","title":{"rendered":"[S\u00e9natoriales] L\u2019avenir de la gauche incertain dans les Alpes-de-Haute-Provence"},"content":{"rendered":"<div class=\"paragraph\">\n<p>La candidate DVD, issue de LR, St\u00e9phanie Colombero semble rassembler nombre d\u2019\u00e9lus de droite autour d\u2019elle, et est notamment soutenue par la pr\u00e9sidente du d\u00e9partement, Eliane Barreille (DVD), et le maire de Manosque, Camille Galtier (DVD). Si la candidate insiste sur le fait qu\u2019elle si\u00e8gerait dans la majorit\u00e9 au S\u00e9nat et pourrait ainsi \u00ab\u00a0<i>permettre d\u2019avoir plus de poids<\/i><i>\u00a0<\/i>\u00bb, Jean-Yves Roux lui r\u00e9pond\u00a0: \u00ab\u00a0<i>C\u2019est pas parce que vous allez appartenir aux R\u00e9publicains que vous allez arriver \u00e0 faire passer plus de choses<\/i><i>\u00a0<\/i>\u00bb. De son c\u00f4t\u00e9, LFI a annonc\u00e9 un bin\u00f4me candidat avec Marianne Mougey, mara\u00eech\u00e8re et conseill\u00e8re municipale de Thoard, et Maxime Mazi, responsable d\u2019une biscuiterie-chocolaterie \u00e0 Volx, mais le faible nombre de grands \u00e9lecteurs de gauche laisse douter de leur succ\u00e8s. C\u00f4t\u00e9 extr\u00eame droite, il y a deux candidats\u00a0: Fabrice Durnerin (UDR-RN), candidat malheureux aux municipales de Manosque et suppl\u00e9ant de la d\u00e9put\u00e9e UDR-RN Sophie Vaginay; et St\u00e9phane Durbec, ancien \u00e9lu FN et ancien proche de Jean-Marie Le Pen.<\/p>\n<\/p><\/div>\n","protected":false},"excerpt":{"rendered":"La candidate DVD, issue de LR, St&eacute;phanie Colombero semble rassembler nombre d&rsquo;&eacute;lus de droite autour d&rsquo;elle, et est notamment soutenue par la pr&eacute;sidente du d&eacute;partement, Eliane Barreille (DVD), et le maire de &#8230;","protected":false},"author":1,"featured_media":40769,"comment_status":"open","ping_status":"open","sticky":false,"template":"","format":"standard","meta":{"footnotes":""},"categories":[330],"tags":[4768,4467,1628,642,433,441,540,435,541,191,3256,439,1920,1033,5195,4973],"news-destination":[],"news-source":[475],"is_homepage":[],"ta_other":[],"class_list":["post-40768","post","type-post","status-publish","format-standard","has-post-thumbnail","hentry","category-politique","tag-alpes","tag-alpes-de-haute-provence","tag-candidats","tag-droite","tag-elections","tag-extreme-droite","tag-gauche","tag-les-republicains","tag-lfi","tag-politique","tag-prg","tag-rn","tag-senat","tag-senateurs","tag-senatoriales","tag-sophie-vaginay","news-source-website"],"_links":{"self":[{"href":"https:\/\/euapp01.newsmemory.com\/lamarseillaise\/news\/wp-json\/wp\/v2\/posts\/40768","targetHints":{"allow":["GET"]}}],"collection":[{"href":"https:\/\/euapp01.newsmemory.com\/lamarseillaise\/news\/wp-json\/wp\/v2\/posts"}],"about":[{"href":"https:\/\/euapp01.newsmemory.com\/lamarseillaise\/news\/wp-json\/wp\/v2\/types\/post"}],"author":[{"embeddable":true,"href":"https:\/\/euapp01.newsmemory.com\/lamarseillaise\/news\/wp-json\/wp\/v2\/users\/1"}],"replies":[{"embeddable":true,"href":"https:\/\/euapp01.newsmemory.com\/lamarseillaise\/news\/wp-json\/wp\/v2\/comments?post=40768"}],"version-history":[{"count":1,"href":"https:\/\/euapp01.newsmemory.com\/lamarseillaise\/news\/wp-json\/wp\/v2\/posts\/40768\/revisions"}],"predecessor-version":[{"id":40770,"href":"https:\/\/euapp01.newsmemory.com\/lamarseillaise\/news\/wp-json\/wp\/v2\/posts\/40768\/revisions\/40770"}],"wp:featuredmedia":[{"embeddable":true,"href":"https:\/\/euapp01.newsmemory.com\/lamarseillaise\/news\/wp-json\/wp\/v2\/media\/40769"}],"wp:attachment":[{"href":"https:\/\/euapp01.newsmemory.com\/lamarseillaise\/news\/wp-json\/wp\/v2\/media?parent=40768"}],"wp:term":[{"taxonomy":"category","embeddable":true,"href":"https:\/\/euapp01.newsmemory.com\/lamarseillaise\/news\/wp-json\/wp\/v2\/categories?post=40768"},{"taxonomy":"post_tag","embeddable":true,"href":"https:\/\/euapp01.newsmemory.com\/lamarseillaise\/news\/wp-json\/wp\/v2\/tags?post=40768"},{"taxonomy":"news-destination","embeddable":true,"href":"https:\/\/euapp01.newsmemory.com\/lamarseillaise\/news\/wp-json\/wp\/v2\/news-destination?post=40768"},{"taxonomy":"news-source","embeddable":true,"href":"https:\/\/euapp01.newsmemory.com\/lamarseillaise\/news\/wp-json\/wp\/v2\/news-source?post=40768"},{"taxonomy":"is_homepage","embeddable":true,"href":"https:\/\/euapp01.newsmemory.com\/lamarseillaise\/news\/wp-json\/wp\/v2\/is_homepage?post=40768"},{"taxonomy":"ta_other","embeddable":true,"href":"https:\/\/euapp01.newsmemory.com\/lamarseillaise\/news\/wp-json\/wp\/v2\/ta_other?post=40768"}],"curies":[{"name":"wp","href":"https:\/\/api.w.org\/{rel}","templated":true}]}}