{"id":40765,"date":"2026-08-29T12:25:00","date_gmt":"2026-08-29T10:25:00","guid":{"rendered":"https:\/\/euapp01.newsmemory.com\/lamarseillaise\/news\/?p=40765"},"modified":"2026-08-29T12:37:33","modified_gmt":"2026-08-29T10:37:33","slug":"senatoriales-un-quatuor-en-lice-dans-les-hautes-alpes","status":"publish","type":"post","link":"https:\/\/euapp01.newsmemory.com\/lamarseillaise\/news\/2026\/08\/29\/senatoriales-un-quatuor-en-lice-dans-les-hautes-alpes\/","title":{"rendered":"[S\u00e9natoriales] Un quatuor en lice dans les Hautes-Alpes"},"content":{"rendered":"<div class=\"paragraph\">\n<p>Si\u00e9geant au sein du groupe Union centriste (centre-droit) au S\u00e9nat, il avait devanc\u00e9 de neuf voix la s\u00e9natrice LR Patricia Morhet-Richaud lors du scrutin de 2020.<\/p>\n<\/p><\/div>\n<div class=\"intext\"> Deux candidats \u00e0 gauche et un RN\n              <\/div>\n<div class=\"paragraph\">\n<p>Il se pr\u00e9sente cette fois en favori logique alors que les deux principales villes du d\u00e9partement, Gap et Brian\u00e7on sont dirig\u00e9es par des \u00e9quipes municipales de droite, lui fournissant ainsi le vote quasi certain de la majorit\u00e9 des grands \u00e9lecteurs.<\/p>\n<p>Face \u00e0 lui, \u00e0 gauche, Jean-Fan\u00e7ois Baudin, conseiller municipal de Guillestre, sera candidat pour l\u2019union des \u00c9cologistes, du PS et du PCF, avec Joelle Vattain pour suppl\u00e9ante. De son c\u00f4t\u00e9, Michel Pons, conseiller municipal de la ville de Manteyer, sera le candidat investi par La France Insoumise. Enfin, J\u00e9r\u00f4me Sainte-Marie, cadre local du Rassemblement National, avait d\u00e8s le mois de mai annonc\u00e9 sa candidature pour le parti d\u2019extr\u00eame droite au poste de s\u00e9nateur.<\/p>\n<\/p><\/div>\n","protected":false},"excerpt":{"rendered":"Si&eacute;geant au sein du groupe Union centriste (centre-droit) au S&eacute;nat, il avait devanc&eacute; de neuf voix la s&eacute;natrice LR Patricia Morhet-Richaud lors du scrutin de 2020. Il se pr&eacute;sente cette fois en favori logique alors &#8230;","protected":false},"author":1,"featured_media":40766,"comment_status":"open","ping_status":"open","sticky":false,"template":"","format":"standard","meta":{"footnotes":""},"categories":[330],"tags":[4768,789,1628,642,433,435,541,665,580,250,543,613,439,1920,1033,5195],"news-destination":[],"news-source":[475],"is_homepage":[],"ta_other":[],"class_list":["post-40765","post","type-post","status-publish","format-standard","has-post-thumbnail","hentry","category-politique","tag-alpes","tag-campagne-electorale","tag-candidats","tag-droite","tag-elections","tag-les-republicains","tag-lfi","tag-lr","tag-parti-socialiste","tag-pcf","tag-ps","tag-rassemblement","tag-rn","tag-senat","tag-senateurs","tag-senatoriales","news-source-website"],"_links":{"self":[{"href":"https:\/\/euapp01.newsmemory.com\/lamarseillaise\/news\/wp-json\/wp\/v2\/posts\/40765","targetHints":{"allow":["GET"]}}],"collection":[{"href":"https:\/\/euapp01.newsmemory.com\/lamarseillaise\/news\/wp-json\/wp\/v2\/posts"}],"about":[{"href":"https:\/\/euapp01.newsmemory.com\/lamarseillaise\/news\/wp-json\/wp\/v2\/types\/post"}],"author":[{"embeddable":true,"href":"https:\/\/euapp01.newsmemory.com\/lamarseillaise\/news\/wp-json\/wp\/v2\/users\/1"}],"replies":[{"embeddable":true,"href":"https:\/\/euapp01.newsmemory.com\/lamarseillaise\/news\/wp-json\/wp\/v2\/comments?post=40765"}],"version-history":[{"count":1,"href":"https:\/\/euapp01.newsmemory.com\/lamarseillaise\/news\/wp-json\/wp\/v2\/posts\/40765\/revisions"}],"predecessor-version":[{"id":40767,"href":"https:\/\/euapp01.newsmemory.com\/lamarseillaise\/news\/wp-json\/wp\/v2\/posts\/40765\/revisions\/40767"}],"wp:featuredmedia":[{"embeddable":true,"href":"https:\/\/euapp01.newsmemory.com\/lamarseillaise\/news\/wp-json\/wp\/v2\/media\/40766"}],"wp:attachment":[{"href":"https:\/\/euapp01.newsmemory.com\/lamarseillaise\/news\/wp-json\/wp\/v2\/media?parent=40765"}],"wp:term":[{"taxonomy":"category","embeddable":true,"href":"https:\/\/euapp01.newsmemory.com\/lamarseillaise\/news\/wp-json\/wp\/v2\/categories?post=40765"},{"taxonomy":"post_tag","embeddable":true,"href":"https:\/\/euapp01.newsmemory.com\/lamarseillaise\/news\/wp-json\/wp\/v2\/tags?post=40765"},{"taxonomy":"news-destination","embeddable":true,"href":"https:\/\/euapp01.newsmemory.com\/lamarseillaise\/news\/wp-json\/wp\/v2\/news-destination?post=40765"},{"taxonomy":"news-source","embeddable":true,"href":"https:\/\/euapp01.newsmemory.com\/lamarseillaise\/news\/wp-json\/wp\/v2\/news-source?post=40765"},{"taxonomy":"is_homepage","embeddable":true,"href":"https:\/\/euapp01.newsmemory.com\/lamarseillaise\/news\/wp-json\/wp\/v2\/is_homepage?post=40765"},{"taxonomy":"ta_other","embeddable":true,"href":"https:\/\/euapp01.newsmemory.com\/lamarseillaise\/news\/wp-json\/wp\/v2\/ta_other?post=40765"}],"curies":[{"name":"wp","href":"https:\/\/api.w.org\/{rel}","templated":true}]}}