{"id":40759,"date":"2026-08-29T12:02:00","date_gmt":"2026-08-29T10:02:00","guid":{"rendered":"https:\/\/euapp01.newsmemory.com\/lamarseillaise\/news\/?p=40759"},"modified":"2026-08-30T23:16:17","modified_gmt":"2026-08-30T21:16:17","slug":"a-istres-la-rentree-sous-le-signe-de-linclusion","status":"publish","type":"post","link":"https:\/\/euapp01.newsmemory.com\/lamarseillaise\/news\/2026\/08\/29\/a-istres-la-rentree-sous-le-signe-de-linclusion\/","title":{"rendered":"\u00c0 Istres, la rentr\u00e9e sous le signe de l\u2019inclusion"},"content":{"rendered":"<div class=\"paragraph\">\n<p>Dans l\u2019urgence, au mois de juin, la Ville d\u2019Istres avait d\u00e9ploy\u00e9 un plan de rafra\u00eechissement dans ses 13\u00a0groupes scolaires. Les deux mois d\u2019\u00e9t\u00e9 ont \u00e9t\u00e9 l\u2019occasion de poursuivre la trajectoire entam\u00e9e par la pr\u00e9c\u00e9dente mandature pour une meilleure adaptation des \u00e9coles au changement climatique, notamment avec le march\u00e9 global de performance \u00e9nerg\u00e9tique (MGPE) \u00ab\u00a0<i>avec un double objectif<\/i><i>\u00a0<\/i><i>: am\u00e9liorer le confort et r\u00e9aliser des \u00e9conomies, dans le respect de l\u2019environnement<\/i><i>\u00a0<\/i>\u00bb, d\u00e9taille le maire (LR) Robin Pr\u00e9tot. \u00c0 Jule-Ferry, dans le quartier du Pr\u00e9paou, une subvention de 900\u00a0000\u00a0euros du fonds europ\u00e9en Feder a permis de r\u00e9aliser la r\u00e9novation thermique du b\u00e2timent.<\/p>\n<p>La promesse de campagne de climatiser toutes les salles de classe avant l\u2019\u00e9t\u00e9\u00a02027 \u00ab\u00a0<i>sera tenue<\/i><i>\u00a0<\/i>\u00bb, assure l\u2019\u00e9dile. Un emprunt de 2,5\u00a0millions d\u2019euros a d\u00fb \u00eatre contract\u00e9 par la nouvelle majorit\u00e9 pour financer le march\u00e9, qui \u00e9tait pass\u00e9 mais dont le budget n\u2019\u00e9tait pas pr\u00e9vu. Quatre premiers groupes scolaires seront \u00e9quip\u00e9s avant la fin de l\u2019ann\u00e9e 2026\u00a0: Jean-Moulin, Mend\u00e8s-France, Cl\u00e9 des Champs et Clos de la Roche. \u00ab\u00a0<i>Forc\u00e9ment \u00e7a va faire grimper la facture d\u2019\u00e9lectricit\u00e9, mais tout l\u2019int\u00e9r\u00eat de poursuivre le MGPE est de la faire baisser par ailleurs en chauffage l\u2019hiver, gr\u00e2ce \u00e0 une meilleure isolation<\/i>\u00a0\u00bb, souligne Robin Pr\u00e9tot.<\/p>\n<\/p><\/div>\n<div class=\"intext\"> Une bulle sensorielle\n              <\/div>\n<div class=\"paragraph\">\n<p>Une autre promesse de campagne s\u2019est concr\u00e9tis\u00e9e lors de cette rentr\u00e9e\u00a0: celle de faire de l\u2019inclusion la cause du mandat. Une premi\u00e8re bulle sensorielle est d\u00e9j\u00e0 op\u00e9rationnelle dans l\u2019\u00e9cole Reine Marie Casimir Gouin, une deuxi\u00e8me ouvrira \u00e0 Mend\u00e8s-France apr\u00e8s les vacances d\u2019automne. Ce nouvel espace, peint en bleu, est d\u00e9di\u00e9 \u00e0 l\u2019apaisement, au calme et au repos et s\u2019adresse aux enfants porteurs de handicap, ou ayant des troubles du comportement ou de l\u2019apprentissage (dys). \u00ab\u00a0<i>L\u2019id\u00e9e c\u2019est d\u2019avoir un petit coin de r\u00e9pit, un petit sas de d\u00e9compression, pour les \u00e9l\u00e8ves en crise<\/i>\u00a0\u00bb, d\u00e9taille Sophie Declercq, adjointe au maire d\u00e9l\u00e9gu\u00e9e \u00e0 l\u2019\u00e9ducation.<\/p>\n<p>C\u00e9cile Tivoli, conseill\u00e8re municipale d\u00e9l\u00e9gu\u00e9e au handicap et aux solidarit\u00e9s, ajoute\u00a0: \u00ab\u00a0<i>Le but c\u2019est que l\u2019\u00e9cole s\u2019adapte \u00e0 eux. Ces \u00e9l\u00e8ves ont des besoins particuliers, ils peuvent \u00eatre sur stimul\u00e9s par le bruit, ou par un temps de concentration trop long. Avec cette bulle, on d\u00e9sengorge les classes perturb\u00e9es par des crises en offrant une solution p\u00e9dagogique qui favorise le retour en cours.<\/i><i>\u00a0<\/i>\u00bb<\/p>\n<\/p><\/div>\n","protected":false},"excerpt":{"rendered":"Dans l&rsquo;urgence, au mois de juin, la Ville d&rsquo;Istres avait d&eacute;ploy&eacute; un plan de rafra&icirc;chissement dans ses 13&nbsp;groupes scolaires. Les deux mois d&rsquo;&eacute;t&eacute; ont &eacute;t&eacute; l&rsquo;occasion de &#8230;","protected":false},"author":1,"featured_media":40760,"comment_status":"open","ping_status":"open","sticky":false,"template":"","format":"standard","meta":{"footnotes":""},"categories":[918,3926,3925,330,20],"tags":[10,207,977,411,412,1022,4108,1066,534,731,1126,419,1546,716,5793],"news-destination":[3944],"news-source":[475],"is_homepage":[],"ta_other":[],"class_list":["post-40759","post","type-post","status-publish","format-standard","has-post-thumbnail","hentry","category-accueil","category-accueil-merge","category-accueil-third","category-politique","category-societe","tag-bouches-du-rhone","tag-changement-climatique","tag-classes","tag-ecoles","tag-eleves","tag-energie","tag-fonds-europeen","tag-handicap","tag-istres","tag-mandat","tag-pedagogique","tag-rechauffement-climatique","tag-renovation-thermique","tag-rentree","tag-robin-pretot","news-destination-homepage","news-source-website"],"_links":{"self":[{"href":"https:\/\/euapp01.newsmemory.com\/lamarseillaise\/news\/wp-json\/wp\/v2\/posts\/40759","targetHints":{"allow":["GET"]}}],"collection":[{"href":"https:\/\/euapp01.newsmemory.com\/lamarseillaise\/news\/wp-json\/wp\/v2\/posts"}],"about":[{"href":"https:\/\/euapp01.newsmemory.com\/lamarseillaise\/news\/wp-json\/wp\/v2\/types\/post"}],"author":[{"embeddable":true,"href":"https:\/\/euapp01.newsmemory.com\/lamarseillaise\/news\/wp-json\/wp\/v2\/users\/1"}],"replies":[{"embeddable":true,"href":"https:\/\/euapp01.newsmemory.com\/lamarseillaise\/news\/wp-json\/wp\/v2\/comments?post=40759"}],"version-history":[{"count":1,"href":"https:\/\/euapp01.newsmemory.com\/lamarseillaise\/news\/wp-json\/wp\/v2\/posts\/40759\/revisions"}],"predecessor-version":[{"id":40761,"href":"https:\/\/euapp01.newsmemory.com\/lamarseillaise\/news\/wp-json\/wp\/v2\/posts\/40759\/revisions\/40761"}],"wp:featuredmedia":[{"embeddable":true,"href":"https:\/\/euapp01.newsmemory.com\/lamarseillaise\/news\/wp-json\/wp\/v2\/media\/40760"}],"wp:attachment":[{"href":"https:\/\/euapp01.newsmemory.com\/lamarseillaise\/news\/wp-json\/wp\/v2\/media?parent=40759"}],"wp:term":[{"taxonomy":"category","embeddable":true,"href":"https:\/\/euapp01.newsmemory.com\/lamarseillaise\/news\/wp-json\/wp\/v2\/categories?post=40759"},{"taxonomy":"post_tag","embeddable":true,"href":"https:\/\/euapp01.newsmemory.com\/lamarseillaise\/news\/wp-json\/wp\/v2\/tags?post=40759"},{"taxonomy":"news-destination","embeddable":true,"href":"https:\/\/euapp01.newsmemory.com\/lamarseillaise\/news\/wp-json\/wp\/v2\/news-destination?post=40759"},{"taxonomy":"news-source","embeddable":true,"href":"https:\/\/euapp01.newsmemory.com\/lamarseillaise\/news\/wp-json\/wp\/v2\/news-source?post=40759"},{"taxonomy":"is_homepage","embeddable":true,"href":"https:\/\/euapp01.newsmemory.com\/lamarseillaise\/news\/wp-json\/wp\/v2\/is_homepage?post=40759"},{"taxonomy":"ta_other","embeddable":true,"href":"https:\/\/euapp01.newsmemory.com\/lamarseillaise\/news\/wp-json\/wp\/v2\/ta_other?post=40759"}],"curies":[{"name":"wp","href":"https:\/\/api.w.org\/{rel}","templated":true}]}}