{"id":40756,"date":"2026-08-29T12:03:00","date_gmt":"2026-08-29T10:03:00","guid":{"rendered":"https:\/\/euapp01.newsmemory.com\/lamarseillaise\/news\/?p=40756"},"modified":"2026-08-30T23:16:17","modified_gmt":"2026-08-30T21:16:17","slug":"repondre-a-la-precarite-etudiante-grandissante","status":"publish","type":"post","link":"https:\/\/euapp01.newsmemory.com\/lamarseillaise\/news\/2026\/08\/29\/repondre-a-la-precarite-etudiante-grandissante\/","title":{"rendered":"R\u00e9pondre \u00e0 la pr\u00e9carit\u00e9 \u00e9tudiante grandissante"},"content":{"rendered":"<div class=\"paragraph\">\n<p>\u00ab <i>S<\/i><i>elon une enqu\u00eate d\u2019Aix Marseille Universit\u00e9 (AMU) sur un panel de 1<\/i><i>\u00a0<\/i><i>200<\/i><i>\u00a0<\/i><i>\u00e9tudiants, 37% d\u2019entre eux ont du mal \u00e0 satisfaire leurs besoins vitaux<\/i>\u00a0\u00bb expose Nicolas Mascret vice pr\u00e9sident AMU. Et de poursuivre\u00a0: \u00ab\u00a0<i>Il nous fallait agir, et d\u00e9passer la distribution de colis alimentaire d\u00e9gradante et stigmatisante, pour un \u00e9tudiant dans une file d\u2019attente.<\/i>\u00a0\u00bb<\/p>\n<p>Depuis janvier\u00a02026, la facult\u00e9 Saint-Charles b\u00e9n\u00e9ficie d\u2019un espace de 120\u00a0m<sup>2<\/sup>, compos\u00e9 de 5\u00a0conteneurs, offert par la Fondation CMA-CGM. Une \u00e9picerie solidaire et sociale (ESS) s\u2019est ouverte, l\u2019\u00e9tudiant fait d\u00e9sormais ses courses lui-m\u00eame. Il dispose d\u2019une cagnotte d\u00e9finie sur crit\u00e8res. \u00ab\u00a0<i>Il y a une r\u00e9duction de 90% pour les denr\u00e9es alimentaires et de 70% pour les produits d\u2019hygi\u00e8nes. Avec 300<\/i><i>\u00a0<\/i><i>\u00e9tudiants par mois, la demande croissante. En 6<\/i><i>\u00a0<\/i><i>mois, 7,3<\/i><i>\u00a0<\/i><i>tonnes de denr\u00e9es ont \u00e9t\u00e9 vendues<\/i>\u00a0\u00bb explique Nicolas Mascret.<\/p>\n<\/p><\/div>\n<div class=\"intext\"> \u00c9tendre le dispositif\n              <\/div>\n<div class=\"paragraph\">\n<p>Avec 54\u00a0sites universitaires, sur 10\u00a0villes et 4\u00a0d\u00e9partements, une ESS \u00e9tudiante itin\u00e9rante est devenue une \u00e9vidence en R\u00e9gion sud Paca. \u00ab\u00a0<i>L\u2019id\u00e9e est de mobiliser notre r\u00e9seau sur tout le territoire pour favoriser des r\u00e9ponses concr\u00e8tes pour que la pr\u00e9carit\u00e9 ne soit plus un frein \u00e0 la r\u00e9ussite<\/i>\u00a0\u00bb explique Lamri Adoui, pr\u00e9sident de France Universit\u00e9. Ainsi, l\u2019universit\u00e9 du\u00a0Havre Normandie devient le prochain campus \u00e9quip\u00e9 de conteneurs \u00ab\u00a0<i>dont l\u2019\u00e9picerie solidaire sera le c\u0153ur<\/i>\u00a0\u00bb<i>,<\/i> confirme P\u00e9dro Lages Dos Santos pr\u00e9sident de cette universit\u00e9. Suivra l\u2019Universit\u00e9 de Mayotte toujours selon le m\u00eame mod\u00e8le partenarial. \u00ab\u00a0<i>Nous avons l\u2019ambition de r\u00e9pondre \u00e0 un besoin concret en apportant des solutions qui le sont tout autant<\/i>\u00a0\u00bb<i> <\/i>conclut Zo\u00e9 Waldmann responsable communication de la Fondation.<\/p>\n<\/p><\/div>\n","protected":false},"excerpt":{"rendered":"&laquo; Selon une enqu&ecirc;te d&rsquo;Aix Marseille Universit&eacute; (AMU) sur un panel de 1&nbsp;200&nbsp;&eacute;tudiants, 37% d&rsquo;entre eux ont du mal &agrave; satisfaire leurs besoins vitaux&nbsp;&raquo; expose Nicolas Mascret vice &#8230;","protected":false},"author":1,"featured_media":40757,"comment_status":"open","ping_status":"open","sticky":false,"template":"","format":"standard","meta":{"footnotes":""},"categories":[918,3926,3925,331,20],"tags":[1617,10,1682,586,3100,132,2934,4487,1518,16,6313,271,1720,222,3818,1325,1615,3221],"news-destination":[3944],"news-source":[475],"is_homepage":[],"ta_other":[],"class_list":["post-40756","post","type-post","status-publish","format-standard","has-post-thumbnail","hentry","category-accueil","category-accueil-merge","category-accueil-third","category-social","category-societe","tag-amu","tag-bouches-du-rhone","tag-campus","tag-cma-cgm","tag-collaboration","tag-communication","tag-epicerie-solidaire","tag-ess","tag-etudiants","tag-marseille","tag-mayotte","tag-precarite","tag-precarite-etudiante","tag-region-sud-paca","tag-saint-charles","tag-solutions","tag-universite","tag-universite-aix-marseille","news-destination-homepage","news-source-website"],"_links":{"self":[{"href":"https:\/\/euapp01.newsmemory.com\/lamarseillaise\/news\/wp-json\/wp\/v2\/posts\/40756","targetHints":{"allow":["GET"]}}],"collection":[{"href":"https:\/\/euapp01.newsmemory.com\/lamarseillaise\/news\/wp-json\/wp\/v2\/posts"}],"about":[{"href":"https:\/\/euapp01.newsmemory.com\/lamarseillaise\/news\/wp-json\/wp\/v2\/types\/post"}],"author":[{"embeddable":true,"href":"https:\/\/euapp01.newsmemory.com\/lamarseillaise\/news\/wp-json\/wp\/v2\/users\/1"}],"replies":[{"embeddable":true,"href":"https:\/\/euapp01.newsmemory.com\/lamarseillaise\/news\/wp-json\/wp\/v2\/comments?post=40756"}],"version-history":[{"count":1,"href":"https:\/\/euapp01.newsmemory.com\/lamarseillaise\/news\/wp-json\/wp\/v2\/posts\/40756\/revisions"}],"predecessor-version":[{"id":40758,"href":"https:\/\/euapp01.newsmemory.com\/lamarseillaise\/news\/wp-json\/wp\/v2\/posts\/40756\/revisions\/40758"}],"wp:featuredmedia":[{"embeddable":true,"href":"https:\/\/euapp01.newsmemory.com\/lamarseillaise\/news\/wp-json\/wp\/v2\/media\/40757"}],"wp:attachment":[{"href":"https:\/\/euapp01.newsmemory.com\/lamarseillaise\/news\/wp-json\/wp\/v2\/media?parent=40756"}],"wp:term":[{"taxonomy":"category","embeddable":true,"href":"https:\/\/euapp01.newsmemory.com\/lamarseillaise\/news\/wp-json\/wp\/v2\/categories?post=40756"},{"taxonomy":"post_tag","embeddable":true,"href":"https:\/\/euapp01.newsmemory.com\/lamarseillaise\/news\/wp-json\/wp\/v2\/tags?post=40756"},{"taxonomy":"news-destination","embeddable":true,"href":"https:\/\/euapp01.newsmemory.com\/lamarseillaise\/news\/wp-json\/wp\/v2\/news-destination?post=40756"},{"taxonomy":"news-source","embeddable":true,"href":"https:\/\/euapp01.newsmemory.com\/lamarseillaise\/news\/wp-json\/wp\/v2\/news-source?post=40756"},{"taxonomy":"is_homepage","embeddable":true,"href":"https:\/\/euapp01.newsmemory.com\/lamarseillaise\/news\/wp-json\/wp\/v2\/is_homepage?post=40756"},{"taxonomy":"ta_other","embeddable":true,"href":"https:\/\/euapp01.newsmemory.com\/lamarseillaise\/news\/wp-json\/wp\/v2\/ta_other?post=40756"}],"curies":[{"name":"wp","href":"https:\/\/api.w.org\/{rel}","templated":true}]}}