{"id":40751,"date":"2026-08-29T11:40:00","date_gmt":"2026-08-29T09:40:00","guid":{"rendered":"https:\/\/euapp01.newsmemory.com\/lamarseillaise\/news\/?p=40751"},"modified":"2026-08-30T23:16:17","modified_gmt":"2026-08-30T21:16:17","slug":"week-end-sentinelles-de-provence-418-tresors-reveles","status":"publish","type":"post","link":"https:\/\/euapp01.newsmemory.com\/lamarseillaise\/news\/2026\/08\/29\/week-end-sentinelles-de-provence-418-tresors-reveles\/","title":{"rendered":"[Week-end] Sentinelles de Provence&nbsp;: 418 tr\u00e9sors r\u00e9v\u00e9l\u00e9s"},"content":{"rendered":"<div class=\"paragraph\">\n<p>La R\u00e9gion Sud monte au cr\u00e9neau. Elle vient d\u2019achever l\u2019inventaire th\u00e9matique du patrimoine fortifi\u00e9 en Provence-Alpes-C\u00f4te d\u2019Azur, un vaste travail scientifique lanc\u00e9 il y a quarante ans et d\u00e9sormais <a rel=\"nofollow noopener noreferrer\" href=\"https:\/\/dossiersinventaire.maregionsud.fr\/dossier\/IA00141322\" target=\"_blank\">en ligne \u00e0 la disposition de tous<\/a>.<\/p>\n<p>Cette \u00e9tude exhaustive et richement illustr\u00e9e a d\u00e9marr\u00e9 en 1986 dans le Brian\u00e7onnais \u00e0 l\u2019occasion de l\u2019\u00e9tude topographique de ce territoire au moment o\u00f9 ces ouvrages historiques \u00e9taient devenus sans int\u00e9r\u00eat pour l\u2019arm\u00e9e. \u00ab\u00a0<i>La th\u00e9matique de l\u2019enqu\u00eate s\u2019est centr\u00e9e sur l\u2019architecture fortifi\u00e9e du pouvoir royal, puis national, entre le XVI<\/i><i><sup>e<\/sup><\/i><i> et le XX<\/i><i><sup>e<\/sup><\/i><i> si\u00e8cles, en excluant du corpus les ouvrages de l\u2019\u00e9poque f\u00e9odale et en y englobant les constructions italiennes devenues fran\u00e7aises au gr\u00e9 des fluctuations de la fronti\u00e8re alpine<\/i><i>\u00a0<\/i>\u00bb, d\u00e9crit Marceline Brunet, conservateur du Patrimoine, chef de l\u2019Inventaire g\u00e9n\u00e9ral de PACA, un service qui s\u2019est entour\u00e9 de trois experts : Philippe Truttmann, Christian Corvisier et Bernard Cros.<\/p>\n<p>418 dossiers d\u2019inventaire ont ainsi \u00e9t\u00e9 constitu\u00e9s. Dans les Hautes-Alpes, on retient la place forte de Brian\u00e7on, l\u2019ensemble fortifi\u00e9 italien \u00e0 N\u00e9vache et Montgen\u00e8vre, les places fortes d\u2019Embrun et de Mont-Dauphin, Fort-Queyras. Dans les Alpes-de-Haute-Provence, l\u2019ensemble fortifi\u00e9 de l\u2019Ubaye, les places fortes de Colmars, Seyne, Sisteron et Entrevaux. Chaque ouvrage a sa fiche explicative d\u00e9taill\u00e9e.<\/p>\n<p>Dans les Alpes-Maritimes, les positions de l\u2019Authion et du Mont-Ours, les places fortes de Nice, Antibes, Saint-Paul-de-Vence, Sainte-Marguerite, les fortifications italiennes du Vallo Alpino, la redoute de Menton, etc.<\/p>\n<p>Dans le Var, l\u2019ensemble fortifi\u00e9 des \u00eeles d\u2019Hy\u00e8res, la citadelle de Saint-Tropez, l\u2019ensemble des ouvrages c\u00f4tiers de Carqueiranne, du Pradet et La Seyne-sur-Mer, de Toulon. Pour des raisons de s\u00e9curit\u00e9, l\u2019acc\u00e8s a \u00e9t\u00e9 refus\u00e9 au fort pr\u00e9sidentiel de Br\u00e9gan\u00e7on et au fort sensible de Six-Fours.<\/p>\n<p>Dans les Bouches-du-Rh\u00f4ne, les internautes appr\u00e9cieront de red\u00e9couvrir la place de Marseille, ses batteries c\u00f4ti\u00e8res avec tous les ouvrages du S\u00fcdwall, ceux du Frioul, de Cassis, de La Ciotat et tout au long de la C\u00f4te bleue jusqu\u2019\u00e0 Port-Saint-Louis-du-Rh\u00f4ne.<\/p>\n<p>Ce patrimoine militaire est analys\u00e9 comme \u00ab\u00a0<i>probablement le plus vari\u00e9 en termes de typologies et de p\u00e9riodes de construction, m\u00ealant architecture frontali\u00e8re de montagne et du littoral, du d\u00e9but du 16<\/i><i><sup>e<\/sup><\/i><i> si\u00e8cle \u00e0 1944<\/i><i>\u00a0<\/i>\u00bb. Il a aussi la particularit\u00e9 de rec\u00e9ler des \u00ab\u00a0<i>ouvrages tr\u00e8s remarquables dus aux ing\u00e9nieurs italiens, depuis les forteresses du duch\u00e9 de Savoie au XVI<\/i><i><sup>e<\/sup><\/i><i> si\u00e8cle jusqu\u2019aux lignes fortifi\u00e9es \u00e9difi\u00e9es dans l\u2019Entre-Deux-Guerres par le gouvernement de Mussolini<\/i><i>\u00a0<\/i>\u00bb.<\/p>\n<\/p><\/div>\n","protected":false},"excerpt":{"rendered":"La R&eacute;gion Sud monte au cr&eacute;neau. Elle vient d&rsquo;achever l&rsquo;inventaire th&eacute;matique du patrimoine fortifi&eacute; en Provence-Alpes-C&ocirc;te d&rsquo;Azur, un vaste travail scientifique lanc&eacute; il y a quarante ans et &#8230;","protected":false},"author":1,"featured_media":40752,"comment_status":"open","ping_status":"open","sticky":false,"template":"","format":"standard","meta":{"footnotes":""},"categories":[918,3926,3925,20],"tags":[1346,6170,10,1689,680,2459,2685,3415,80,97,1596,714,222,111,137,53,31,171,988,2001],"news-destination":[3944],"news-source":[475],"is_homepage":[],"ta_other":[],"class_list":["post-40751","post","type-post","status-publish","format-standard","has-post-thumbnail","hentry","category-accueil","category-accueil-merge","category-accueil-third","category-societe","tag-architecture","tag-batterie","tag-bouches-du-rhone","tag-experts","tag-guerres","tag-histoire-de-lart","tag-inventaire","tag-montagne","tag-paca","tag-patrimoine","tag-pouvoir","tag-region-sud","tag-region-sud-paca","tag-securite","tag-territoire","tag-travail","tag-var","tag-vaucluse","tag-week-end","tag-weekend","news-destination-homepage","news-source-website"],"_links":{"self":[{"href":"https:\/\/euapp01.newsmemory.com\/lamarseillaise\/news\/wp-json\/wp\/v2\/posts\/40751","targetHints":{"allow":["GET"]}}],"collection":[{"href":"https:\/\/euapp01.newsmemory.com\/lamarseillaise\/news\/wp-json\/wp\/v2\/posts"}],"about":[{"href":"https:\/\/euapp01.newsmemory.com\/lamarseillaise\/news\/wp-json\/wp\/v2\/types\/post"}],"author":[{"embeddable":true,"href":"https:\/\/euapp01.newsmemory.com\/lamarseillaise\/news\/wp-json\/wp\/v2\/users\/1"}],"replies":[{"embeddable":true,"href":"https:\/\/euapp01.newsmemory.com\/lamarseillaise\/news\/wp-json\/wp\/v2\/comments?post=40751"}],"version-history":[{"count":1,"href":"https:\/\/euapp01.newsmemory.com\/lamarseillaise\/news\/wp-json\/wp\/v2\/posts\/40751\/revisions"}],"predecessor-version":[{"id":40753,"href":"https:\/\/euapp01.newsmemory.com\/lamarseillaise\/news\/wp-json\/wp\/v2\/posts\/40751\/revisions\/40753"}],"wp:featuredmedia":[{"embeddable":true,"href":"https:\/\/euapp01.newsmemory.com\/lamarseillaise\/news\/wp-json\/wp\/v2\/media\/40752"}],"wp:attachment":[{"href":"https:\/\/euapp01.newsmemory.com\/lamarseillaise\/news\/wp-json\/wp\/v2\/media?parent=40751"}],"wp:term":[{"taxonomy":"category","embeddable":true,"href":"https:\/\/euapp01.newsmemory.com\/lamarseillaise\/news\/wp-json\/wp\/v2\/categories?post=40751"},{"taxonomy":"post_tag","embeddable":true,"href":"https:\/\/euapp01.newsmemory.com\/lamarseillaise\/news\/wp-json\/wp\/v2\/tags?post=40751"},{"taxonomy":"news-destination","embeddable":true,"href":"https:\/\/euapp01.newsmemory.com\/lamarseillaise\/news\/wp-json\/wp\/v2\/news-destination?post=40751"},{"taxonomy":"news-source","embeddable":true,"href":"https:\/\/euapp01.newsmemory.com\/lamarseillaise\/news\/wp-json\/wp\/v2\/news-source?post=40751"},{"taxonomy":"is_homepage","embeddable":true,"href":"https:\/\/euapp01.newsmemory.com\/lamarseillaise\/news\/wp-json\/wp\/v2\/is_homepage?post=40751"},{"taxonomy":"ta_other","embeddable":true,"href":"https:\/\/euapp01.newsmemory.com\/lamarseillaise\/news\/wp-json\/wp\/v2\/ta_other?post=40751"}],"curies":[{"name":"wp","href":"https:\/\/api.w.org\/{rel}","templated":true}]}}