{"id":40748,"date":"2026-08-29T11:30:00","date_gmt":"2026-08-29T09:30:00","guid":{"rendered":"https:\/\/euapp01.newsmemory.com\/lamarseillaise\/news\/?p=40748"},"modified":"2026-08-31T08:38:18","modified_gmt":"2026-08-31T06:38:18","slug":"grand-entretien-florent-dasque-on-va-passer-un-beau-moment-de-partage","status":"publish","type":"post","link":"https:\/\/euapp01.newsmemory.com\/lamarseillaise\/news\/2026\/08\/29\/grand-entretien-florent-dasque-on-va-passer-un-beau-moment-de-partage\/","title":{"rendered":"[Grand entretien] Florent Dasque : \u00ab&nbsp;On va passer un beau moment de partage&nbsp;\u00bb"},"content":{"rendered":"<div class=\"paragraph\">\n<p><b>La Marseillaise<\/b><b>\u00a0<\/b><b>: <\/b><b>Votre nouvel album s\u2019intitule \u00ab<\/b><b>\u00a0<\/b><b>Je rentre \u00e0 la maison<\/b><b>\u00a0<\/b><b>\u00bb. Que signifie la maison pour des artistes qui partent r\u00e9guli\u00e8rement en tourn\u00e9e comme vous<\/b><b>\u00a0<\/b><b>?<\/b><\/p>\n<p>Florent Dasque<b>\u00a0<\/b>: C\u2019est un sujet qu\u2019on interroge tout au long de l\u2019album, notamment dans une chanson qui s\u2019intitule elle-m\u00eame \u00ab\u00a0<i>Je rentre \u00e0 la maison<\/i>\u00a0\u00bb. Dans la chanson, notre personnage part de chez lui et repense \u00e0 l\u2019endroit o\u00f9 il a grandi, \u00e0 tous ceux qu\u2019il laisse derri\u00e8re lui. Il doit se reconstruire ailleurs. C\u2019est une question tr\u00e8s pr\u00e9sente chez les artistes\u00a0: on vit dans les tourbus, on se reconstruit un peu \u00e0 chaque endroit o\u00f9 l\u2019on se produit. On a choisi ce th\u00e8me en le laissant ouvert \u00e0 toute interpr\u00e9tation, parce que c\u2019est tr\u00e8s difficile de d\u00e9finir ce qu\u2019est une maison. Ce n\u2019est pas une maison ma\u00e7onn\u00e9e, avec quatre murs et un toit. C\u2019est un refuge int\u00e9rieur, invisible, dans lequel on peut enfermer des visages, des souvenirs, des paysages, des couleurs, des saveurs, une langue, une r\u00e9gion, un pays, peu importe. Notre identit\u00e9 transite dans notre maison au fil de la vie.<\/p>\n<p><b>Cette r\u00e9flexion s\u2019accompagne d\u2019un projet p\u00e9dagogique et culturel in\u00e9dit. En quoi consiste-t-il<\/b><b>\u00a0<\/b><b>?<\/b><\/p>\n<p><b>F.D.<\/b><b>\u00a0<\/b><b>: <\/b>\u00c7a fait des ann\u00e9es qu\u2019on est sollicit\u00e9 pour rendre visite \u00e0 des publics scolaires ou associatifs, ces \u00e9changes nous plaisaient tellement qu\u2019on s\u2019est dit qu\u2019il fallait leur consacrer davantage de temps. On s\u2019est donc entour\u00e9s d\u2019enseignants, de chercheurs et de formateurs, qui ont cr\u00e9\u00e9 des fiches p\u00e9dagogiques autour des questionnements sur l\u2019identit\u00e9. C\u2019est devenu un espace d\u2019expression pour les scolaires, mais aussi pour n\u2019importe quelle association, des personnes en situation de handicap, des foyers, etc. Aujourd\u2019hui, n\u2019importe quel enseignant ou \u00e9ducateur peut trouver ces fiches sur le site du minist\u00e8re. Ce sont des d\u00e9roul\u00e9s de s\u00e9ances adapt\u00e9s pour des enfants de 8\u00a0ans jusqu\u2019\u00e0 des ados de 18\u00a0ans, voire des publics de 30\u00a0ou 40\u00a0ans. Il y a des exercices qui posent des questions comme\u00a0: Qui suis-je\u00a0? Qu\u2019est-ce qu\u2019il y a dans ma maison\u00a0? Peut-on avoir plusieurs maisons\u00a0? Peut-on reconstruire une maison quand on a quitt\u00e9 la sienne\u00a0? C\u2019est un support qui s\u2019adresse \u00e0 des publics tr\u00e8s divers, pour que chacun, peu importe son parcours, d\u2019o\u00f9 il vient, o\u00f9 il va, puisse r\u00e9fl\u00e9chir \u00e0 ce que repr\u00e9sente la maison pour lui. L\u2019an dernier, avec l\u2019aide du minist\u00e8re de l\u2019\u00c9ducation Nationale, on a r\u00e9colt\u00e9 des milliers de projets de jeunes sur ce sujet. \u00c0 chaque concert, on a r\u00e9serv\u00e9 nos premi\u00e8res parties aux projets qui nous ont le plus interpell\u00e9s, que ce soit de la po\u00e9sie, du slam, de la lecture, de l\u2019art plastique, de la musique&#8230; On a par exemple re\u00e7u des r\u00e9\u00e9critures de couplets de \u00ab\u00a0<i>Je rentre \u00e0 la maison<\/i><i>\u00a0<\/i>\u00bb en roumain, en arabe ou en su\u00e9dois. C\u2019\u00e9tait une fa\u00e7on pour ces jeunes qui parlaient une langue diff\u00e9rente chez eux de se rapprocher d\u2019une maison qui leur ressemble et qui les rassure. Beaucoup de projets portaient aussi sur la lutte contre le harc\u00e8lement scolaire. Chez les plus grands, on a eu des r\u00e9flexions plus philosophiques sur la qu\u00eate d\u2019identit\u00e9, en perp\u00e9tuelle construction tout au long de la vie. C\u2019est un grand projet culturel qu\u2019on m\u00e8ne depuis un an maintenant, on le reconduit \u00e0 la rentr\u00e9e avec l\u2019\u00c9ducation nationale.<\/p>\n<p><b>Partager autant avec le public, notamment avec les jeunes, a-t-il influenc\u00e9 votre rapport \u00e0 la musique<\/b><b>\u00a0<\/b><b>?<\/b><\/p>\n<p><b>Initiales<\/b><b>\u00a0<\/b><b>: <\/b>On dit souvent que Boulevard des Airs a \u00e9t\u00e9 cr\u00e9\u00e9 pour \u00eatre sur sc\u00e8ne, pour partager avec les gens. Effectivement, ce projet \u00e9tait aussi un pr\u00e9texte pour aller \u00e0 la rencontre d\u2019un public nouveau, de faire de la musique diff\u00e9remment et ne pas s\u2019enfermer entre concerts, tourn\u00e9es et studios. \u00c7a a donn\u00e9 beaucoup de sens \u00e0 notre d\u00e9marche d\u2019artiste et \u00e0 cet album. Et puis les jeunes, c\u2019est un public qu\u2019on adore. \u00c0 cet \u00e2ge-l\u00e0, il n\u2019y a pas de filtre. Se poser des questions aussi intimes que les questions sur l\u2019identit\u00e9, qui interrogent en profondeur le parcours des gens, \u00e7a soul\u00e8ve des r\u00e9flexions tr\u00e8s int\u00e9ressantes et tr\u00e8s inspirantes pour nous.<\/p>\n<p><b>C\u2019est la premi\u00e8re fois que vous vous produisez \u00e0 Ici Live La Ciotat. Pourquoi \u00eatre pr\u00e9sents cette ann\u00e9e<\/b><b>\u00a0<\/b><b>?<\/b><\/p>\n<p><b>F.D.<\/b><b>\u00a0<\/b><b>: <\/b>On est un groupe qui vient du sud de la France, on a collabor\u00e9 avec plein d\u2019artistes du sud, notamment Carbonne. Donc on a h\u00e2te d\u2019y \u00eatre pour partager avec le public. En plus, l\u2019endroit est superbe, avec la sc\u00e8ne sur l\u2019eau. On va passer un beau moment de partage\u00a0! C\u2019est toujours un plaisir d\u2019aller \u00e0 la rencontre de nouvelles personnes, de nouveaux endroits et de nouvelles \u00e9quipes.<\/p>\n<p><b>Apr\u00e8s la tourn\u00e9e des festivals, vous avez pr\u00e9vu un voyage aux \u00c9tats-Unis. \u00c0 quelle occasion<\/b><b>\u00a0<\/b><b>?<\/b><\/p>\n<p><b>F.D.<\/b><b>\u00a0<\/b><b>: <\/b>Notre projet p\u00e9dagogique autour de l\u2019album s\u2019est largement export\u00e9 puisque l\u2019on part \u00e0 la rencontre de jeunes am\u00e9ricains mais aussi de jeunes d\u2019autres horizons en fin d\u2019ann\u00e9e. On va sur une dizaine de villes de la c\u00f4te ouest pour faire de la musique autrement, avec un public diff\u00e9rent. Ce projet a \u00e9norm\u00e9ment grandi, il n\u2019avait pas du tout vocation \u00e0 devenir ce qu\u2019il est aujourd\u2019hui\u00a0! C\u2019est vraiment une r\u00e9ussite pour nous de pouvoir prendre conscience des questionnements sur l\u2019identit\u00e9 qui ont lieu ailleurs que chez nous. \u00c0 notre retour, on r\u00e9attaque la tourn\u00e9e des salles d\u00e9but 2027. On est d\u00e9j\u00e0 en train d\u2019\u00e9crire la suite, donc on a h\u00e2te de continuer notre histoire avec le public.<\/p>\n<p><b><span class=\"mln_small-caps_mln\">Propos recueillis par Andr\u00e9a Goyard-de castro<\/span><\/b><\/p>\n<\/p><\/div>\n","protected":false},"excerpt":{"rendered":"La Marseillaise&nbsp;: Votre nouvel album s&rsquo;intitule &laquo;&nbsp;Je rentre &agrave; la maison&nbsp;&raquo;. Que signifie la maison pour des artistes qui partent r&eacute;guli&egrave;rement en tourn&eacute;e comme vous&nbsp;?","protected":false},"author":1,"featured_media":40749,"comment_status":"open","ping_status":"open","sticky":false,"template":"","format":"standard","meta":{"footnotes":""},"categories":[918,3926,3925,32],"tags":[1236,168,10,326,4372,400,776,599,3042,336,397,1735,795,59,743,1964,5686,325,1126,2641,1251,698,804,988,2001],"news-destination":[3944],"news-source":[475],"is_homepage":[],"ta_other":[],"class_list":["post-40748","post","type-post","status-publish","format-standard","has-post-thumbnail","hentry","category-accueil","category-accueil-merge","category-accueil-third","category-culture","tag-artistes","tag-association","tag-bouches-du-rhone","tag-chanson","tag-chanteur","tag-concerts","tag-construction","tag-echanges","tag-enseignant","tag-ete","tag-festivals","tag-harcelement-scolaire","tag-identite","tag-jeunes","tag-la-ciotat","tag-le-grand-entretien","tag-live","tag-musique","tag-pedagogique","tag-poesie","tag-pop","tag-rencontre","tag-scolaires","tag-week-end","tag-weekend","news-destination-homepage","news-source-website"],"_links":{"self":[{"href":"https:\/\/euapp01.newsmemory.com\/lamarseillaise\/news\/wp-json\/wp\/v2\/posts\/40748","targetHints":{"allow":["GET"]}}],"collection":[{"href":"https:\/\/euapp01.newsmemory.com\/lamarseillaise\/news\/wp-json\/wp\/v2\/posts"}],"about":[{"href":"https:\/\/euapp01.newsmemory.com\/lamarseillaise\/news\/wp-json\/wp\/v2\/types\/post"}],"author":[{"embeddable":true,"href":"https:\/\/euapp01.newsmemory.com\/lamarseillaise\/news\/wp-json\/wp\/v2\/users\/1"}],"replies":[{"embeddable":true,"href":"https:\/\/euapp01.newsmemory.com\/lamarseillaise\/news\/wp-json\/wp\/v2\/comments?post=40748"}],"version-history":[{"count":1,"href":"https:\/\/euapp01.newsmemory.com\/lamarseillaise\/news\/wp-json\/wp\/v2\/posts\/40748\/revisions"}],"predecessor-version":[{"id":40750,"href":"https:\/\/euapp01.newsmemory.com\/lamarseillaise\/news\/wp-json\/wp\/v2\/posts\/40748\/revisions\/40750"}],"wp:featuredmedia":[{"embeddable":true,"href":"https:\/\/euapp01.newsmemory.com\/lamarseillaise\/news\/wp-json\/wp\/v2\/media\/40749"}],"wp:attachment":[{"href":"https:\/\/euapp01.newsmemory.com\/lamarseillaise\/news\/wp-json\/wp\/v2\/media?parent=40748"}],"wp:term":[{"taxonomy":"category","embeddable":true,"href":"https:\/\/euapp01.newsmemory.com\/lamarseillaise\/news\/wp-json\/wp\/v2\/categories?post=40748"},{"taxonomy":"post_tag","embeddable":true,"href":"https:\/\/euapp01.newsmemory.com\/lamarseillaise\/news\/wp-json\/wp\/v2\/tags?post=40748"},{"taxonomy":"news-destination","embeddable":true,"href":"https:\/\/euapp01.newsmemory.com\/lamarseillaise\/news\/wp-json\/wp\/v2\/news-destination?post=40748"},{"taxonomy":"news-source","embeddable":true,"href":"https:\/\/euapp01.newsmemory.com\/lamarseillaise\/news\/wp-json\/wp\/v2\/news-source?post=40748"},{"taxonomy":"is_homepage","embeddable":true,"href":"https:\/\/euapp01.newsmemory.com\/lamarseillaise\/news\/wp-json\/wp\/v2\/is_homepage?post=40748"},{"taxonomy":"ta_other","embeddable":true,"href":"https:\/\/euapp01.newsmemory.com\/lamarseillaise\/news\/wp-json\/wp\/v2\/ta_other?post=40748"}],"curies":[{"name":"wp","href":"https:\/\/api.w.org\/{rel}","templated":true}]}}