{"id":40745,"date":"2026-08-29T11:14:00","date_gmt":"2026-08-29T09:14:00","guid":{"rendered":"https:\/\/euapp01.newsmemory.com\/lamarseillaise\/news\/?p=40745"},"modified":"2026-08-29T11:32:15","modified_gmt":"2026-08-29T09:32:15","slug":"week-end-des-choeurs-dans-les-parcs-de-marseille","status":"publish","type":"post","link":"https:\/\/euapp01.newsmemory.com\/lamarseillaise\/news\/2026\/08\/29\/week-end-des-choeurs-dans-les-parcs-de-marseille\/","title":{"rendered":"[Week-end] Des ch\u0153urs dans les parcs de Marseille"},"content":{"rendered":"<div class=\"paragraph\">\n<p>En plus, toute la journ\u00e9e, plusieurs ch\u0153urs marseillais investiront les all\u00e9es, sous les arbres et au d\u00e9tour des chemins, pour surprendre les promeneurs par des chants venus du monde entier. \u00c0 la mani\u00e8re de crieurs publics, les chanteuses et chanteurs surgiront spontan\u00e9ment parmi le public, sans sc\u00e8ne ni annonce, pour c\u00e9l\u00e9brer musicalement le lancement du festival. Ce projet original des \u00ab\u00a0<i>chanteurs de jardin<\/i><i>\u00a0<\/i>\u00bb est n\u00e9 lors d\u2019un voyage \u00e0 P\u00e9kin en 2007, o\u00f9 des groupes de chanteurs r\u00e9p\u00e9taient librement dans les parcs, au bord des lacs ou au sommet des collines, pour le plaisir des passants. Cette fa\u00e7on de faire a s\u00e9duit les organisateurs. Depuis, ils ont d\u00e9cid\u00e9 de reproduire cette exp\u00e9rience chaque ann\u00e9e dans les espaces verts marseillais.<\/p>\n<p>Le festival se poursuit jusqu\u2019en octobre et investira diff\u00e9rent lieux embl\u00e9matiques de Marseille tel que la Cit\u00e9 de la musique avec le concert de Le\u00ef, \u00ab\u00a0Feu de vie\u00a0\u00bb, ou encore l\u2019\u00c9glise Saint-Pierre-Saint-Paul accueillant l\u2019ensemble vocal Gyptis dirig\u00e9 par B\u00e9n\u00e9dicte Pereira.<\/p>\n<p><b><span class=\"mln_small-caps_mln\">Gabrielle Cartellier<\/span><\/b><\/p>\n<\/p><\/div>\n","protected":false},"excerpt":{"rendered":"En plus, toute la journ&eacute;e, plusieurs ch&oelig;urs marseillais investiront les all&eacute;es, sous les arbres et au d&eacute;tour des chemins, pour surprendre les promeneurs par des chants venus du monde entier. &Agrave; la mani&egrave;re de &#8230;","protected":false},"author":1,"featured_media":40746,"comment_status":"open","ping_status":"open","sticky":false,"template":"","format":"standard","meta":{"footnotes":""},"categories":[32],"tags":[2605,10,3305,2606,329,1083,16,325,1291,1864,988,2001],"news-destination":[],"news-source":[475],"is_homepage":[],"ta_other":[],"class_list":["post-40745","post","type-post","status-publish","format-standard","has-post-thumbnail","hentry","category-culture","tag-arbres","tag-bouches-du-rhone","tag-dimanche","tag-espaces-verts","tag-festival","tag-gratuit","tag-marseille","tag-musique","tag-parc","tag-voix","tag-week-end","tag-weekend","news-source-website"],"_links":{"self":[{"href":"https:\/\/euapp01.newsmemory.com\/lamarseillaise\/news\/wp-json\/wp\/v2\/posts\/40745","targetHints":{"allow":["GET"]}}],"collection":[{"href":"https:\/\/euapp01.newsmemory.com\/lamarseillaise\/news\/wp-json\/wp\/v2\/posts"}],"about":[{"href":"https:\/\/euapp01.newsmemory.com\/lamarseillaise\/news\/wp-json\/wp\/v2\/types\/post"}],"author":[{"embeddable":true,"href":"https:\/\/euapp01.newsmemory.com\/lamarseillaise\/news\/wp-json\/wp\/v2\/users\/1"}],"replies":[{"embeddable":true,"href":"https:\/\/euapp01.newsmemory.com\/lamarseillaise\/news\/wp-json\/wp\/v2\/comments?post=40745"}],"version-history":[{"count":1,"href":"https:\/\/euapp01.newsmemory.com\/lamarseillaise\/news\/wp-json\/wp\/v2\/posts\/40745\/revisions"}],"predecessor-version":[{"id":40747,"href":"https:\/\/euapp01.newsmemory.com\/lamarseillaise\/news\/wp-json\/wp\/v2\/posts\/40745\/revisions\/40747"}],"wp:featuredmedia":[{"embeddable":true,"href":"https:\/\/euapp01.newsmemory.com\/lamarseillaise\/news\/wp-json\/wp\/v2\/media\/40746"}],"wp:attachment":[{"href":"https:\/\/euapp01.newsmemory.com\/lamarseillaise\/news\/wp-json\/wp\/v2\/media?parent=40745"}],"wp:term":[{"taxonomy":"category","embeddable":true,"href":"https:\/\/euapp01.newsmemory.com\/lamarseillaise\/news\/wp-json\/wp\/v2\/categories?post=40745"},{"taxonomy":"post_tag","embeddable":true,"href":"https:\/\/euapp01.newsmemory.com\/lamarseillaise\/news\/wp-json\/wp\/v2\/tags?post=40745"},{"taxonomy":"news-destination","embeddable":true,"href":"https:\/\/euapp01.newsmemory.com\/lamarseillaise\/news\/wp-json\/wp\/v2\/news-destination?post=40745"},{"taxonomy":"news-source","embeddable":true,"href":"https:\/\/euapp01.newsmemory.com\/lamarseillaise\/news\/wp-json\/wp\/v2\/news-source?post=40745"},{"taxonomy":"is_homepage","embeddable":true,"href":"https:\/\/euapp01.newsmemory.com\/lamarseillaise\/news\/wp-json\/wp\/v2\/is_homepage?post=40745"},{"taxonomy":"ta_other","embeddable":true,"href":"https:\/\/euapp01.newsmemory.com\/lamarseillaise\/news\/wp-json\/wp\/v2\/ta_other?post=40745"}],"curies":[{"name":"wp","href":"https:\/\/api.w.org\/{rel}","templated":true}]}}