{"id":40742,"date":"2026-08-29T11:05:00","date_gmt":"2026-08-29T09:05:00","guid":{"rendered":"https:\/\/euapp01.newsmemory.com\/lamarseillaise\/news\/?p=40742"},"modified":"2026-08-29T11:32:15","modified_gmt":"2026-08-29T09:32:15","slug":"week-end-malemort-du-comtat-fete-le-raisin","status":"publish","type":"post","link":"https:\/\/euapp01.newsmemory.com\/lamarseillaise\/news\/2026\/08\/29\/week-end-malemort-du-comtat-fete-le-raisin\/","title":{"rendered":"[Week-end] Malemort-du-Comtat f\u00eate le raisin"},"content":{"rendered":"<div class=\"paragraph\">\n<p>Toute la journ\u00e9e, un march\u00e9 des producteurs et des artisans, ainsi qu\u2019un vide-grenier, auront lieu avenue du Docteur Tondut. Dans la matin\u00e9e, il sera possible de visiter le patrimoine de la commune avec un guide, le rendez-vous est donn\u00e9 \u00e0 l\u2019entr\u00e9e de la salle des f\u00eates \u00e0 10h.<\/p>\n<p><b>Musique et ap\u00e9ro<\/b><\/p>\n<p>Avant le d\u00e9jeuner, Fruiventoux, une association de d\u00e9fense de l\u2019AOP muscat du Ventoux, offre un ap\u00e9ritif en musique avec des d\u00e9ambulations du groupe Condor jouant du galoubet-tambourin, instruments traditionnels proven\u00e7aux. Pour l\u2019apr\u00e8s-midi, la mairie a pr\u00e9vu une visite du moulin La Colombe, suivie d\u2019une deuxi\u00e8me possibilit\u00e9 de visiter le patrimoine de la commune. La journ\u00e9e se conclut avec un concert gratuit du groupe Condor \u00e0 21h.<\/p>\n<p><b><span class=\"mln_small-caps_mln\">Gabrielle Cartellier<\/span><\/b><\/p>\n<p><i>Rendez-vous : parking de la salle des f\u00eates.<\/i><\/p>\n<\/p><\/div>\n","protected":false},"excerpt":{"rendered":"Toute la journ&eacute;e, un march&eacute; des producteurs et des artisans, ainsi qu&rsquo;un vide-grenier, auront lieu avenue du Docteur Tondut. Dans la matin&eacute;e, il sera possible de visiter le patrimoine de la commune avec un guide, le &#8230;","protected":false},"author":1,"featured_media":40743,"comment_status":"open","ping_status":"open","sticky":false,"template":"","format":"standard","meta":{"footnotes":""},"categories":[20],"tags":[1638,1337,168,3305,329,466,1621,325,97,1365,3420,5756,180,1137,1241,171,988,2001],"news-destination":[],"news-source":[475],"is_homepage":[],"ta_other":[],"class_list":["post-40742","post","type-post","status-publish","format-standard","has-post-thumbnail","hentry","category-societe","tag-aop","tag-artisans","tag-association","tag-dimanche","tag-festival","tag-fete","tag-la-commune","tag-musique","tag-patrimoine","tag-producteurs","tag-provencal","tag-raisin","tag-restauration","tag-spectacles","tag-theatre","tag-vaucluse","tag-week-end","tag-weekend","news-source-website"],"_links":{"self":[{"href":"https:\/\/euapp01.newsmemory.com\/lamarseillaise\/news\/wp-json\/wp\/v2\/posts\/40742","targetHints":{"allow":["GET"]}}],"collection":[{"href":"https:\/\/euapp01.newsmemory.com\/lamarseillaise\/news\/wp-json\/wp\/v2\/posts"}],"about":[{"href":"https:\/\/euapp01.newsmemory.com\/lamarseillaise\/news\/wp-json\/wp\/v2\/types\/post"}],"author":[{"embeddable":true,"href":"https:\/\/euapp01.newsmemory.com\/lamarseillaise\/news\/wp-json\/wp\/v2\/users\/1"}],"replies":[{"embeddable":true,"href":"https:\/\/euapp01.newsmemory.com\/lamarseillaise\/news\/wp-json\/wp\/v2\/comments?post=40742"}],"version-history":[{"count":1,"href":"https:\/\/euapp01.newsmemory.com\/lamarseillaise\/news\/wp-json\/wp\/v2\/posts\/40742\/revisions"}],"predecessor-version":[{"id":40744,"href":"https:\/\/euapp01.newsmemory.com\/lamarseillaise\/news\/wp-json\/wp\/v2\/posts\/40742\/revisions\/40744"}],"wp:featuredmedia":[{"embeddable":true,"href":"https:\/\/euapp01.newsmemory.com\/lamarseillaise\/news\/wp-json\/wp\/v2\/media\/40743"}],"wp:attachment":[{"href":"https:\/\/euapp01.newsmemory.com\/lamarseillaise\/news\/wp-json\/wp\/v2\/media?parent=40742"}],"wp:term":[{"taxonomy":"category","embeddable":true,"href":"https:\/\/euapp01.newsmemory.com\/lamarseillaise\/news\/wp-json\/wp\/v2\/categories?post=40742"},{"taxonomy":"post_tag","embeddable":true,"href":"https:\/\/euapp01.newsmemory.com\/lamarseillaise\/news\/wp-json\/wp\/v2\/tags?post=40742"},{"taxonomy":"news-destination","embeddable":true,"href":"https:\/\/euapp01.newsmemory.com\/lamarseillaise\/news\/wp-json\/wp\/v2\/news-destination?post=40742"},{"taxonomy":"news-source","embeddable":true,"href":"https:\/\/euapp01.newsmemory.com\/lamarseillaise\/news\/wp-json\/wp\/v2\/news-source?post=40742"},{"taxonomy":"is_homepage","embeddable":true,"href":"https:\/\/euapp01.newsmemory.com\/lamarseillaise\/news\/wp-json\/wp\/v2\/is_homepage?post=40742"},{"taxonomy":"ta_other","embeddable":true,"href":"https:\/\/euapp01.newsmemory.com\/lamarseillaise\/news\/wp-json\/wp\/v2\/ta_other?post=40742"}],"curies":[{"name":"wp","href":"https:\/\/api.w.org\/{rel}","templated":true}]}}