{"id":40739,"date":"2026-08-29T10:55:00","date_gmt":"2026-08-29T08:55:00","guid":{"rendered":"https:\/\/euapp01.newsmemory.com\/lamarseillaise\/news\/?p=40739"},"modified":"2026-08-31T08:38:16","modified_gmt":"2026-08-31T06:38:16","slug":"handball-montpellier-remise-en-selle-et-en-salle","status":"publish","type":"post","link":"https:\/\/euapp01.newsmemory.com\/lamarseillaise\/news\/2026\/08\/29\/handball-montpellier-remise-en-selle-et-en-salle\/","title":{"rendered":"Handball : Montpellier, remise en selle et en salle"},"content":{"rendered":"<div class=\"paragraph\">\n<p>Les Argentins ne sont pas tous d\u00e9test\u00e9s en France. Certains sont m\u00eames adul\u00e9s. Ou \u00e9taient adul\u00e9s. Diego Simonet, meneur de jeu de l\u2019\u00e9quipe d\u2019Argentine de handball, n\u2019est plus un joueur de Montpellier Handball depuis juin dernier. \u00ab\u00a0Chino\u00a0\u00bb a mis un terme \u00e0 sa carri\u00e8re, \u00e0 treize ans de vie au MHB.<\/p>\n<p>Joueur spectaculaire, homme solaire, vainqueur de la seconde Ligue des champions, Simonet (36\u00a0ans) n\u2019est plus le trait d\u2019union entre le public de Bougnol et le MHB. Avec l\u2019ailier su\u00e9dois Lucas Pellas, ils ne sont qu\u2019eux deux \u00e0 quitter Montpellier, mais Simonet laisse une empreinte profonde dans l\u2019histoire d\u2019un club, qui se cherche un apr\u00e8s depuis la funeste affaire des paris en 2012.<\/p>\n<p>Montpellier perd l\u2019un des piliers de son \u00e2me, mais bouge peu d\u2019une saison \u00e0 l\u2019autre. Il pr\u00f4ne la stabilit\u00e9 pour mieux reconqu\u00e9rir un tr\u00f4ne qui lui \u00e9chappe depuis 2012. Il mise pour \u00e7a sur la nouvelle formule du championnat, boucl\u00e9 d\u00e9sormais par un in\u00e9dit play-off (1), et son go\u00fbt des grands rendez-vous.<\/p>\n<p>Depuis que \u00c9rick Math\u00e9 a pris le relais en 2024 de Patrice Canayer, entra\u00eeneur et manager l\u00e9gendaire, le MHB a r\u00e9appris \u00e0 gagner. Avec deux Coupes de France et un troph\u00e9e des champions.<\/p>\n<p>Samedi 29 ao\u00fbt (20h) \u00e0 Aix-en-Provence, Montpellier s\u2019offre une nouvelle occasion d\u2019encha\u00eener par un 46<sup>e<\/sup>\u00a0sacre. Il ouvre sa saison par un nouveau troph\u00e9e des champions face \u00e0 l\u2019incontournable champion de France\u00a0: Paris SG. Un premier test qui pr\u00e9figure la saison. \u00ab\u00a0<i>On a envie de conserver ce Troph\u00e9e des Champions et de bien lancer notre saison. Affronter Paris est toujours un bon moyen de se jauger face \u00e0 l\u2019une des meilleures \u00e9quipes du championnat. Avec l\u2019arriv\u00e9e des play-offs, on sait que les confrontations directes et les matchs couperets auront encore plus d\u2019importance cette saison<\/i><i>\u00a0<\/i>\u00bb, r\u00e9sume le capitaine Valentin Porte, tout proche de ses 36\u00a0ans.<\/p>\n<\/p><\/div>\n<div class=\"intext\"> Un automne de muerte\n              <\/div>\n<div class=\"paragraph\">\n<p>Avant de se projeter sur l\u2019issue de la saison, Montpellier va devoir tenir le choc dans une aventure au tr\u00e8s long cours. Et probablement tr\u00e8s incertaine. Pour la premi\u00e8re fois depuis l\u2019intronisation de Math\u00e9 \u00e0 ses commandes, il s\u2019appr\u00eate \u00e0 jongler entre un championnat, toujours tr\u00e8s dense, et une Ligue des champions, aussi excitante qu\u2019\u00e9prouvante.<\/p>\n<p>Sous l\u2019effet de l\u2019\u00e9largissement de la Ligue des champions, promise au troisi\u00e8me club fran\u00e7ais, le MHB embarque au c\u00f4t\u00e9 des l\u00e9gendes du hand europ\u00e9en. Veszprem, Kielce, la pl\u00e9iade <br \/>des clubs allemands, dont Magdebourg, et bien s\u00fbr Barcelone, champion en titre.<\/p>\n<p>Faveur ou vertige, le MHB s\u2019appr\u00eate lors du premier tour \u00e0 d\u00e9fier le Bar\u00e7a et son ancienne p\u00e9pite\u00a0: Ludovic Fabregas, issu de son centre de formation. Au-del\u00e0 de ce rendez-vous de prestige, le 17\u00a0septembre, il devra r\u00e9sister au Dinamo Bucarest et aux Danois de Aahrus pour accrocher la seconde place, qualificative pour le tour principal. Autre vrai enjeu.<\/p>\n<p>Le double champion d\u2019Europe va devoir survivre \u00e0 un automne de muerte. Avec un doubl\u00e9 d\u00e9fi\u00a0: exister dans la nouvelle Ligue des champions et rester en vie en championnat, o\u00f9 il va croiser d\u00e8s septembre la route de N\u00eemes, requinqu\u00e9 sous la patte du nouveau coach Guillaume Saurina, et Nantes, dauphin du PSG.<\/p>\n<p>Comme souvent, le plus gros palmar\u00e8s du handball fran\u00e7ais vivra ses plus belles affiches \u00e0 la Sud de France Arena et les autres matchs \u00e0 Bougnol, si\u00e8ge ancestral rebaptis\u00e9 au gr\u00e9 du naming. Depuis une d\u00e9cennie, le club pr\u00e9sid\u00e9 par Julien Deljarry attend une nouvelle salle. Une enceinte moderne de 6\u00a0000\u00a0places environ.<\/p>\n<p>Au cours de la derni\u00e8re campagne municipale, le maire Micha\u00ebl Delafosse, r\u00e9\u00e9lu au printemps pour un second mandat, a promis la construction d\u2019un nouveau lieu de vie. Qu\u2019en sera-t-il\u00a0? La glorieuse incertitude du sport gagne le champ politique.<\/p>\n<\/p><\/div>\n<div class=\"paragraph\">\n<p><i>\u00c0 l\u2019issue de la saison r\u00e9guli\u00e8re, <br \/>le play-off opposera les quatre premiers du championnat. <br \/>Avec deux demi-finales en aller et retour. Et une finale sur un seul match.<\/i><\/p>\n<\/p><\/div>\n","protected":false},"excerpt":{"rendered":"Les Argentins ne sont pas tous d&eacute;test&eacute;s en France. Certains sont m&ecirc;mes adul&eacute;s. Ou &eacute;taient adul&eacute;s. Diego Simonet, meneur de jeu de l&rsquo;&eacute;quipe d&rsquo;Argentine de handball, n&rsquo;est plus un &#8230;","protected":false},"author":1,"featured_media":40740,"comment_status":"open","ping_status":"open","sticky":false,"template":"","format":"standard","meta":{"footnotes":""},"categories":[918,3926,3925,7],"tags":[1231,44,239,1165,240,284,4558,394],"news-destination":[3944],"news-source":[475],"is_homepage":[],"ta_other":[],"class_list":["post-40739","post","type-post","status-publish","format-standard","has-post-thumbnail","hentry","category-accueil","category-accueil-merge","category-accueil-third","category-sports","tag-entraineur","tag-handball","tag-herault","tag-ligue-des-champions","tag-montpellier","tag-occitanie","tag-patrice-canayer","tag-sport","news-destination-homepage","news-source-website"],"_links":{"self":[{"href":"https:\/\/euapp01.newsmemory.com\/lamarseillaise\/news\/wp-json\/wp\/v2\/posts\/40739","targetHints":{"allow":["GET"]}}],"collection":[{"href":"https:\/\/euapp01.newsmemory.com\/lamarseillaise\/news\/wp-json\/wp\/v2\/posts"}],"about":[{"href":"https:\/\/euapp01.newsmemory.com\/lamarseillaise\/news\/wp-json\/wp\/v2\/types\/post"}],"author":[{"embeddable":true,"href":"https:\/\/euapp01.newsmemory.com\/lamarseillaise\/news\/wp-json\/wp\/v2\/users\/1"}],"replies":[{"embeddable":true,"href":"https:\/\/euapp01.newsmemory.com\/lamarseillaise\/news\/wp-json\/wp\/v2\/comments?post=40739"}],"version-history":[{"count":3,"href":"https:\/\/euapp01.newsmemory.com\/lamarseillaise\/news\/wp-json\/wp\/v2\/posts\/40739\/revisions"}],"predecessor-version":[{"id":40818,"href":"https:\/\/euapp01.newsmemory.com\/lamarseillaise\/news\/wp-json\/wp\/v2\/posts\/40739\/revisions\/40818"}],"wp:featuredmedia":[{"embeddable":true,"href":"https:\/\/euapp01.newsmemory.com\/lamarseillaise\/news\/wp-json\/wp\/v2\/media\/40740"}],"wp:attachment":[{"href":"https:\/\/euapp01.newsmemory.com\/lamarseillaise\/news\/wp-json\/wp\/v2\/media?parent=40739"}],"wp:term":[{"taxonomy":"category","embeddable":true,"href":"https:\/\/euapp01.newsmemory.com\/lamarseillaise\/news\/wp-json\/wp\/v2\/categories?post=40739"},{"taxonomy":"post_tag","embeddable":true,"href":"https:\/\/euapp01.newsmemory.com\/lamarseillaise\/news\/wp-json\/wp\/v2\/tags?post=40739"},{"taxonomy":"news-destination","embeddable":true,"href":"https:\/\/euapp01.newsmemory.com\/lamarseillaise\/news\/wp-json\/wp\/v2\/news-destination?post=40739"},{"taxonomy":"news-source","embeddable":true,"href":"https:\/\/euapp01.newsmemory.com\/lamarseillaise\/news\/wp-json\/wp\/v2\/news-source?post=40739"},{"taxonomy":"is_homepage","embeddable":true,"href":"https:\/\/euapp01.newsmemory.com\/lamarseillaise\/news\/wp-json\/wp\/v2\/is_homepage?post=40739"},{"taxonomy":"ta_other","embeddable":true,"href":"https:\/\/euapp01.newsmemory.com\/lamarseillaise\/news\/wp-json\/wp\/v2\/ta_other?post=40739"}],"curies":[{"name":"wp","href":"https:\/\/api.w.org\/{rel}","templated":true}]}}