{"id":40736,"date":"2026-08-29T10:47:00","date_gmt":"2026-08-29T08:47:00","guid":{"rendered":"https:\/\/euapp01.newsmemory.com\/lamarseillaise\/news\/?p=40736"},"modified":"2026-08-31T08:38:16","modified_gmt":"2026-08-31T06:38:16","slug":"les-caprices-du-ciel-sement-le-chaos-dans-le-gard-et-lherault","status":"publish","type":"post","link":"https:\/\/euapp01.newsmemory.com\/lamarseillaise\/news\/2026\/08\/29\/les-caprices-du-ciel-sement-le-chaos-dans-le-gard-et-lherault\/","title":{"rendered":"Les caprices du ciel s\u00e8ment le chaos dans le Gard et l\u2019H\u00e9rault"},"content":{"rendered":"<div class=\"paragraph\">\n<p>Onze d\u00e9partements d\u2019Occitanie avaient \u00e9t\u00e9 plac\u00e9s en vigilance orange aux orages par M\u00e9t\u00e9o-France. L\u2019accumulation d\u2019air chaud li\u00e9e aux canicules successives de cet \u00e9t\u00e9 a servi de carburant aux orages qui ont balay\u00e9 la r\u00e9gion ce 24\u00a0ao\u00fbt, avec un \u00e9pisode particuli\u00e8rement violent dans l\u2019Aude (lire aussi P.22), o\u00f9 une tornade d\u00e9vastatrice s\u2019est abattue vers 17h30 sur le village de Pomas, faisant 39 bless\u00e9s et de nombreux d\u00e9g\u00e2ts mat\u00e9riels (300 habitations impact\u00e9es).<\/p>\n<p>Ces pluies torrentielles, accompagn\u00e9es de gr\u00eale et de fortes rafales de vent, ont ensuite frapp\u00e9 l\u2019H\u00e9rault, o\u00f9 les intemp\u00e9ries ont d\u00e9but\u00e9 vers 17h30 pour traverser le d\u00e9partement d\u2019ouest en est. Vers 20h30, les orages avaient fil\u00e9 vers le Gard voisin. Un ph\u00e9nom\u00e8ne relativement rapide, mais tr\u00e8s intense. Les stations m\u00e9t\u00e9orologiques ont en effet enregistr\u00e9 des vents d\u2019une violence rare, avec des pointes \u00e0 121 km\/h mesur\u00e9es \u00e0 P\u00e9zenas-Tourbes et 112 km\/h \u00e0 Murviel-l\u00e8s-B\u00e9ziers. Coupl\u00e9es \u00e0 des pr\u00e9cipitations pouvant atteindre 50mm dans le Biterrois et 20 \u00e0 30\u00a0mm \u00e0 Montpellier en quelques minutes, ces rafales ont caus\u00e9 d\u2019importants d\u00e9g\u00e2ts.<\/p>\n<p>Dans l\u2019H\u00e9rault, o\u00f9 plus de 500 sapeurs-pompiers ont \u00e9t\u00e9 mobilis\u00e9s pour 150\u00a0interventions d\u2019urgence, <i>\u00ab<\/i><i>\u00a0<\/i><i>35 communes ont subi des d\u00e9g\u00e2ts mat\u00e9riels lors de cet \u00e9pisode, majoritairement li\u00e9s aux fortes rafales et aux chutes d\u2019arbres<\/i><i>\u00a0<\/i><i>\u00bb,<\/i> indique la pr\u00e9fecture dans un communiqu\u00e9 qui dresse le bilan de l\u2019\u00e9pisode.<i><\/i><\/p>\n<p><i><\/i><\/p>\n<\/p><\/div>\n<div class=\"intext\"> Un seul bless\u00e9 l\u00e9ger<br \/>\n               <br \/>dans l\u2019H\u00e9rault\n              <\/div>\n<div class=\"paragraph\">\n<p><i>\u00ab<\/i><i>\u00a0<\/i><i>Des d\u00e9g\u00e2ts ont notamment \u00e9t\u00e9 constat\u00e9s sur des toitures, des routes et les r\u00e9seaux \u00e9lectriques, ainsi que dans plusieurs parcelles viticoles avec des rangs de vignes couch\u00e9s et des arbres fruitiers bris\u00e9s<\/i><i>\u00a0<\/i><i>\u00bb<\/i>. Une quarantaine de maisons ont \u00e9t\u00e9 endommag\u00e9es sur l\u2019ensemble du d\u00e9partement. Paulhan, \u00e0 mi-chemin entre B\u00e9ziers et Montpellier, a \u00e9t\u00e9 particuli\u00e8rement touch\u00e9e par les intemp\u00e9ries. De m\u00eame que Saint-Georges d\u2019Orques, dans l\u2019agglo montpelli\u00e9raine, qui offrait elle aussi, au lendemain de ce violent \u00e9pisode orageux, un paysage de d\u00e9solation avec une centaine d\u2019arbres d\u00e9racin\u00e9s, dont certains se sont abattus sur des voitures en stationnement. Les lignes \u00e9lectriques (au plus fort de l\u2019\u00e9pisode, 22\u00a0000\u00a0clients ont \u00e9t\u00e9 priv\u00e9s d\u2019\u00e9lectricit\u00e9 dans l\u2019H\u00e9rault) et le r\u00e9seau routier ont particuli\u00e8rement souffert. \u00c0 Montpellier, les pluies torrentielles ont inond\u00e9 certaines rues, rendant le passage des bus et des trams difficile. Fort heureusement, le bilan humain reste tr\u00e8s limit\u00e9\u00a0: <i>\u00ab<\/i><i>\u00a0<\/i><i>Une seule personne a \u00e9t\u00e9 l\u00e9g\u00e8rement bless\u00e9e lors des intemp\u00e9ries \u00e0 la suite d\u2019une chute de branche, tandis qu\u2019\u00e0 Capestang, une famille dont le v\u00e9hicule avait \u00e9t\u00e9 touch\u00e9 par la chute d\u2019un arbre a \u00e9t\u00e9 secourue et est indemne<\/i><i>\u00a0<\/i><i>\u00bb<\/i>, relate la pr\u00e9fecture. L\u2019\u00e9v\u00e9nement n\u2019est pas class\u00e9 en \u00e9tat de catastrophe naturelle, informe-t-elle\u00a0: <i>\u00ab<\/i><i>\u00a0<\/i><i>les particuliers ayant subi des dommages sont invit\u00e9s \u00e0 se rapprocher de leur assurance dans les plus brefs d\u00e9lais<\/i><i>\u00a0<\/i><i>\u00bb<\/i>. Un classement toutefois r\u00e9clam\u00e9 publiquement par le s\u00e9nateur PS de l\u2019H\u00e9rault Hussein Bourgi et la d\u00e9put\u00e9e PS h\u00e9raultaise Fanny Dombre-Coste.<\/p>\n<p>Dans le Gard, que les orages ont atteint vers 20h30 avec un peu moins d\u2019intensit\u00e9, une centaine de pompiers ont r\u00e9alis\u00e9 une vingtaine d\u2019interventions, dont trois pour des d\u00e9buts d\u2019incendie li\u00e9s \u00e0 la foudre dans des maisons \u00e0 Al\u00e8s, Sauve et Bernis. Sur le plan humain, <i>\u00ab<\/i><i>\u00a0<\/i><i>un motard a \u00e9t\u00e9 l\u00e9g\u00e8rement bless\u00e9 apr\u00e8s avoir percut\u00e9 une branche sur la route \u00e0 N\u00eemes<\/i><i>\u00a0<\/i><i>\u00bb<\/i>, relate Ici Gard-Loz\u00e8re. Le 25\u00a0ao\u00fbt au matin, 300 foyers \u00e9taient toujours priv\u00e9s d\u2019\u00e9lectricit\u00e9 dans le d\u00e9partement, selon la radio locale. \u00c0 noter que la journ\u00e9e du 24 ao\u00fbt a \u00e9t\u00e9 \u00ab\u00a0la plus foudroy\u00e9e de l\u2019ann\u00e9e\u00a0\u00bb, avec 26 000 impacts de foudre recens\u00e9s, selon l\u2019observatoire des tornades et orages Keraunos. Un ph\u00e9nom\u00e8ne immortalis\u00e9 par l\u2019agroclimatologue et chasseur d\u2019orages h\u00e9raultais Serge Zaka, qui a saisi et publi\u00e9 sur son r\u00e9seau social X des images spectaculaires. Am\u00e9lie Goursaud<\/p>\n<\/p><\/div>\n","protected":false},"excerpt":{"rendered":"Onze d&eacute;partements d&rsquo;Occitanie avaient &eacute;t&eacute; plac&eacute;s en vigilance orange aux orages par M&eacute;t&eacute;o-France. L&rsquo;accumulation d&rsquo;air chaud li&eacute;e aux canicules successives de cet &eacute;t&eacute; a &#8230;","protected":false},"author":1,"featured_media":40737,"comment_status":"open","ping_status":"open","sticky":false,"template":"","format":"standard","meta":{"footnotes":""},"categories":[918,3926,3925,333],"tags":[372,373,2132,238,239,1343,1202,284,2088,2085,2084,5236,2674],"news-destination":[3944],"news-source":[475],"is_homepage":[],"ta_other":[],"class_list":["post-40736","post","type-post","status-publish","format-standard","has-post-thumbnail","hentry","category-accueil","category-accueil-merge","category-accueil-third","category-environnement","tag-canicule","tag-chaleur","tag-degats","tag-gard","tag-herault","tag-intemperies","tag-meteo","tag-occitanie","tag-orage","tag-orages","tag-pluie","tag-tempete","tag-vent","news-destination-homepage","news-source-website"],"_links":{"self":[{"href":"https:\/\/euapp01.newsmemory.com\/lamarseillaise\/news\/wp-json\/wp\/v2\/posts\/40736","targetHints":{"allow":["GET"]}}],"collection":[{"href":"https:\/\/euapp01.newsmemory.com\/lamarseillaise\/news\/wp-json\/wp\/v2\/posts"}],"about":[{"href":"https:\/\/euapp01.newsmemory.com\/lamarseillaise\/news\/wp-json\/wp\/v2\/types\/post"}],"author":[{"embeddable":true,"href":"https:\/\/euapp01.newsmemory.com\/lamarseillaise\/news\/wp-json\/wp\/v2\/users\/1"}],"replies":[{"embeddable":true,"href":"https:\/\/euapp01.newsmemory.com\/lamarseillaise\/news\/wp-json\/wp\/v2\/comments?post=40736"}],"version-history":[{"count":1,"href":"https:\/\/euapp01.newsmemory.com\/lamarseillaise\/news\/wp-json\/wp\/v2\/posts\/40736\/revisions"}],"predecessor-version":[{"id":40738,"href":"https:\/\/euapp01.newsmemory.com\/lamarseillaise\/news\/wp-json\/wp\/v2\/posts\/40736\/revisions\/40738"}],"wp:featuredmedia":[{"embeddable":true,"href":"https:\/\/euapp01.newsmemory.com\/lamarseillaise\/news\/wp-json\/wp\/v2\/media\/40737"}],"wp:attachment":[{"href":"https:\/\/euapp01.newsmemory.com\/lamarseillaise\/news\/wp-json\/wp\/v2\/media?parent=40736"}],"wp:term":[{"taxonomy":"category","embeddable":true,"href":"https:\/\/euapp01.newsmemory.com\/lamarseillaise\/news\/wp-json\/wp\/v2\/categories?post=40736"},{"taxonomy":"post_tag","embeddable":true,"href":"https:\/\/euapp01.newsmemory.com\/lamarseillaise\/news\/wp-json\/wp\/v2\/tags?post=40736"},{"taxonomy":"news-destination","embeddable":true,"href":"https:\/\/euapp01.newsmemory.com\/lamarseillaise\/news\/wp-json\/wp\/v2\/news-destination?post=40736"},{"taxonomy":"news-source","embeddable":true,"href":"https:\/\/euapp01.newsmemory.com\/lamarseillaise\/news\/wp-json\/wp\/v2\/news-source?post=40736"},{"taxonomy":"is_homepage","embeddable":true,"href":"https:\/\/euapp01.newsmemory.com\/lamarseillaise\/news\/wp-json\/wp\/v2\/is_homepage?post=40736"},{"taxonomy":"ta_other","embeddable":true,"href":"https:\/\/euapp01.newsmemory.com\/lamarseillaise\/news\/wp-json\/wp\/v2\/ta_other?post=40736"}],"curies":[{"name":"wp","href":"https:\/\/api.w.org\/{rel}","templated":true}]}}