{"id":40730,"date":"2026-08-29T10:31:00","date_gmt":"2026-08-29T08:31:00","guid":{"rendered":"https:\/\/euapp01.newsmemory.com\/lamarseillaise\/news\/?p=40730"},"modified":"2026-08-29T10:53:12","modified_gmt":"2026-08-29T08:53:12","slug":"la-tournee-dete-la-marseillaise-sacheve-dans-les-13-14-a-marseille","status":"publish","type":"post","link":"https:\/\/euapp01.newsmemory.com\/lamarseillaise\/news\/2026\/08\/29\/la-tournee-dete-la-marseillaise-sacheve-dans-les-13-14-a-marseille\/","title":{"rendered":"La tourn\u00e9e d\u2019\u00e9t\u00e9 La Marseillaise s\u2019ach\u00e8ve dans les 13-14 \u00e0 Marseille"},"content":{"rendered":"<div class=\"paragraph\">\n<p>L\u2019orage a menac\u00e9 mais la Tourn\u00e9e d\u2019\u00e9t\u00e9 La Marseillaise ne lui a pas c\u00e9d\u00e9 un pouce de terrain pour sa derni\u00e8re date apr\u00e8s une saison r\u00e9ussie \u00e0 travers les villes et les villages du sud de la France. Pour d\u00e9marrer la soir\u00e9e , le groupe Sabotaaaage reprend des incoutournables de la pop\u2019. Mission accomplie\u00a0: Nora se r\u00e9gale. \u00ab\u00a0<i>Le son est excellent et pourtant j\u2019en ai fait des concerts<\/i><i>\u00a0<\/i><i>! Le chanteur passe d\u2019un titre \u00e0 l\u2019autre totalement diff\u00e9rent sans probl\u00e8me<\/i>. <i>J\u2019hallucine<\/i><i>\u00a0<\/i><i>!<\/i><i>\u00a0<\/i>\u00bb se r\u00e9jouit-elle.<\/p>\n<p><i>Get back tribute Beatles, <\/i>prend la suite avec les titres les plus c\u00e9l\u00e8bres du groupe iconique. Devant la sc\u00e8ne, beaucoup d\u2019enfants mettent l\u2019ambiance. Les derniers jours de vacances seront festifs ou ne seront pas. Pour Ibrahim \u00ab\u00a0<i>\u00e7a bouge trop bien<\/i><i>\u00a0<\/i><i>!<\/i><i>\u00a0<\/i>\u00bb, avec sa grande s\u0153ur il se d\u00e9hanche comme jamais.<\/p>\n<p><b>La Marseillaise breaking cup \u00e0 l\u2019op\u00e9ra le 13<\/b><b>\u00a0<\/b><b>septembre<\/b><\/p>\n<p>Avant \u00e7a, Rapha\u00ebl Jacquelain, directeur commercial remercie les prestataires et partenaires. Il en profite pour donner rendez-vous au public le dimanche 13 septembre \u00e0 l\u2019op\u00e9ra de Marseille pour \u00ab\u00a0La Marseillaise breaking cup\u00a0\u00bb, un \u00e9v\u00e9nement \u00ab\u00a0<i>in\u00e9dit dans la monde du hip-hop, gratuit et ouvert \u00e0 tous<\/i><i>\u00a0<\/i>\u00bb.<\/p>\n<p>L\u00e9o Purguette, pr\u00e9sident et directeur \u00e9ditorial de <i>La<\/i><i>\u00a0<\/i><i>Marseillaise<\/i> se f\u00e9licite du retour de la Tourn\u00e9e d\u2019\u00e9t\u00e9 dans les 13-14 \u00ab\u00a0<i>ce n\u2019\u00e9tait plus arriv\u00e9 depuis 2014, date \u00e0 laquelle un vent mauvais a souffl\u00e9 sur le secteur. La Marseillaise, c\u2019est le journal de la solidarit\u00e9, du partage, de ceux qui n\u2019ont pas la parole ailleurs. C\u2019est votre journal<\/i><i>\u00a0<\/i><i>! Vive La Marseillaise et vive la R\u00e9sistance<\/i><i>\u00a0<\/i><i>!<\/i><i>\u00a0<\/i>\u00bb, s\u2019exclame-t-il.<\/p>\n<p>La maire de secteur Tina Biard-Sansonetti, accompagn\u00e9e par Marion Honde, Jacques Takeylian et Fabien Trujillo, \u00e9lus de sa majorit\u00e9, salue la Tourn\u00e9e d\u2019\u00e9t\u00e9 La Marseillaise apr\u00e8s une saison d\u2019animations estivales. \u00ab\u00a0<i>Belle rentr\u00e9e \u00e0 tous les enfants dans vos \u00e9coles mardi<\/i><i>\u00a0<\/i>\u00bb, lance-t-elle tout en donnant rendez-vous \u00e0 Malpass\u00e9 le 12 septembre pour une grande sardinade offerte aux habitants.<\/p>\n<p>DJ Bobzilla se charge de conclure la soir\u00e9e avec son set electro et dansant.<\/p>\n<p>La Tourn\u00e9e d\u2019\u00e9t\u00e9, c\u2019est fini pour cette ann\u00e9e&#8230; Rendez-vous l\u2019ann\u00e9e prochaine\u00a0!<\/p>\n<\/p><\/div>\n","protected":false},"excerpt":{"rendered":"L&rsquo;orage a menac&eacute; mais la Tourn&eacute;e d&rsquo;&eacute;t&eacute; La Marseillaise ne lui a pas c&eacute;d&eacute; un pouce de terrain pour sa derni&egrave;re date apr&egrave;s une saison r&eacute;ussie &agrave; travers les villes et les &#8230;","protected":false},"author":1,"featured_media":40731,"comment_status":"open","ping_status":"open","sticky":false,"template":"","format":"standard","meta":{"footnotes":""},"categories":[32],"tags":[10,400,1341,336,1138,1083,6159,16,1479,2120,325,1279,988,2001],"news-destination":[],"news-source":[475],"is_homepage":[],"ta_other":[],"class_list":["post-40730","post","type-post","status-publish","format-standard","has-post-thumbnail","hentry","category-culture","tag-bouches-du-rhone","tag-concerts","tag-convivialite","tag-ete","tag-festivites","tag-gratuit","tag-la-marseillaise-breaking-cup","tag-marseille","tag-marseille-13e-arrondissement","tag-marseille-14e-arrondissement","tag-musique","tag-tournee-dete-la-marseillaise","tag-week-end","tag-weekend","news-source-website"],"_links":{"self":[{"href":"https:\/\/euapp01.newsmemory.com\/lamarseillaise\/news\/wp-json\/wp\/v2\/posts\/40730","targetHints":{"allow":["GET"]}}],"collection":[{"href":"https:\/\/euapp01.newsmemory.com\/lamarseillaise\/news\/wp-json\/wp\/v2\/posts"}],"about":[{"href":"https:\/\/euapp01.newsmemory.com\/lamarseillaise\/news\/wp-json\/wp\/v2\/types\/post"}],"author":[{"embeddable":true,"href":"https:\/\/euapp01.newsmemory.com\/lamarseillaise\/news\/wp-json\/wp\/v2\/users\/1"}],"replies":[{"embeddable":true,"href":"https:\/\/euapp01.newsmemory.com\/lamarseillaise\/news\/wp-json\/wp\/v2\/comments?post=40730"}],"version-history":[{"count":1,"href":"https:\/\/euapp01.newsmemory.com\/lamarseillaise\/news\/wp-json\/wp\/v2\/posts\/40730\/revisions"}],"predecessor-version":[{"id":40732,"href":"https:\/\/euapp01.newsmemory.com\/lamarseillaise\/news\/wp-json\/wp\/v2\/posts\/40730\/revisions\/40732"}],"wp:featuredmedia":[{"embeddable":true,"href":"https:\/\/euapp01.newsmemory.com\/lamarseillaise\/news\/wp-json\/wp\/v2\/media\/40731"}],"wp:attachment":[{"href":"https:\/\/euapp01.newsmemory.com\/lamarseillaise\/news\/wp-json\/wp\/v2\/media?parent=40730"}],"wp:term":[{"taxonomy":"category","embeddable":true,"href":"https:\/\/euapp01.newsmemory.com\/lamarseillaise\/news\/wp-json\/wp\/v2\/categories?post=40730"},{"taxonomy":"post_tag","embeddable":true,"href":"https:\/\/euapp01.newsmemory.com\/lamarseillaise\/news\/wp-json\/wp\/v2\/tags?post=40730"},{"taxonomy":"news-destination","embeddable":true,"href":"https:\/\/euapp01.newsmemory.com\/lamarseillaise\/news\/wp-json\/wp\/v2\/news-destination?post=40730"},{"taxonomy":"news-source","embeddable":true,"href":"https:\/\/euapp01.newsmemory.com\/lamarseillaise\/news\/wp-json\/wp\/v2\/news-source?post=40730"},{"taxonomy":"is_homepage","embeddable":true,"href":"https:\/\/euapp01.newsmemory.com\/lamarseillaise\/news\/wp-json\/wp\/v2\/is_homepage?post=40730"},{"taxonomy":"ta_other","embeddable":true,"href":"https:\/\/euapp01.newsmemory.com\/lamarseillaise\/news\/wp-json\/wp\/v2\/ta_other?post=40730"}],"curies":[{"name":"wp","href":"https:\/\/api.w.org\/{rel}","templated":true}]}}