{"id":40727,"date":"2026-08-29T10:11:00","date_gmt":"2026-08-29T08:11:00","guid":{"rendered":"https:\/\/euapp01.newsmemory.com\/lamarseillaise\/news\/?p=40727"},"modified":"2026-08-31T08:38:16","modified_gmt":"2026-08-31T06:38:16","slug":"a-aix-les-punaises-de-lit-traquees-dans-les-bibliotheques","status":"publish","type":"post","link":"https:\/\/euapp01.newsmemory.com\/lamarseillaise\/news\/2026\/08\/29\/a-aix-les-punaises-de-lit-traquees-dans-les-bibliotheques\/","title":{"rendered":"\u00c0 Aix, les punaises de lit traqu\u00e9es dans les biblioth\u00e8ques"},"content":{"rendered":"<div class=\"paragraph\">\n<p>Mauvaise nouvelle pour les usagers des biblioth\u00e8ques d\u2019Aix-en-Provence. La Ville a d\u00e9cid\u00e9 \u00ab\u00a0<i>un contr\u00f4le pr\u00e9ventif de l\u2019ensemble du r\u00e9seau de biblioth\u00e8ques<\/i><i>\u00a0<\/i>\u00bb apr\u00e8s la d\u00e9tection, la semaine derni\u00e8re, de punaises de lit \u00e0 la biblioth\u00e8que de la Halle aux Grains. La d\u00e9cision de fermer les \u00e9tablissements a \u00e9t\u00e9 prise jeudi soir.<\/p>\n<p>\u00ab\u00a0<i>\u00c0 ce jour, aucune punaise de lit n\u2019a \u00e9t\u00e9 d\u00e9tect\u00e9e dans les autres biblioth\u00e8ques municipales<\/i>\u00a0\u00bb, pr\u00e9cise la mairie dans un communiqu\u00e9. Mais \u00ab\u00a0<i>afin de confirmer cette situation et de pr\u00e9parer la rentr\u00e9e dans les meilleures conditions, la Ville a choisi d\u2019engager un contr\u00f4le pr\u00e9ventif de l\u2019ensemble des \u00e9tablissements. Cette op\u00e9ration n\u00e9cessite leur fermeture temporaire au public<\/i>\u00a0\u00bb.<\/p>\n<\/p><\/div>\n<div class=\"intext\"> Six sites concern\u00e9s par<br \/>\n               <br \/>la fermeture temporaire\n              <\/div>\n<div class=\"paragraph\">\n<p>Sont concern\u00e9es la biblioth\u00e8que M\u00e9janes, la biblioth\u00e8que des Deux Ormes, Li Campaneto, le point lecture de Puyricard ainsi que la biblioth\u00e8que et les archives municipales Michel-Vovelle. La biblioth\u00e8que de la Halle aux Grains demeure ferm\u00e9e dans le cadre du protocole d\u00e9j\u00e0 engag\u00e9. Les bo\u00eetes de retour des Deux Ormes et de Li Campaneto sont \u00e9galement ferm\u00e9es.<\/p>\n<p>Les documents pourront \u00eatre rendus et les r\u00e9servations retir\u00e9es d\u00e8s la r\u00e9ouverture, pr\u00e9cise les services de la Ville. \u00ab\u00a0<i>L\u2019objectif est de pouvoir rouvrir l\u2019ensemble des biblioth\u00e8ques dans les meilleurs d\u00e9lais, avec toutes les garanties n\u00e9cessaires pour accueillir sereinement usagers et agents<\/i>\u00a0\u00bb, pr\u00e9cise la mairie qui \u00ab\u00a0<i>informera le public de la r\u00e9ouverture des \u00e9tablissements sur ses sites internet et ses r\u00e9seaux sociaux ainsi que sur ceux de ses biblioth\u00e8ques<\/i>\u00a0\u00bb. Les punaises de lit ont \u00e9t\u00e9 d\u00e9tect\u00e9es sur le mobilier de la biblioth\u00e8que de la Halle aux Grains gr\u00e2ce \u00e0 l\u2019intervention de chiens renifleurs. Le traitement consiste \u00e0 utiliser de la vapeur, puis des insecticides<\/p>\n<p>En octobre\u00a02019, infest\u00e9e par les punaises de lit, la plus grande biblioth\u00e8que de Marseille, l\u2019Alcazar avait d\u00fb fermer ses portes au public pendant plusieurs jours. Depuis les ann\u00e9es 1990, une recrudescence mondiale des punaises de lits est observ\u00e9e.<\/p>\n<p>Quant \u00e0 l\u2019impact sur les habitants, 145\u00a0consultations chez un m\u00e9decin li\u00e9es aux punaises pour 100\u00a0000\u00a0habitants ont \u00e9t\u00e9 recens\u00e9es en 2020 en Provence-Alpes-C\u00f4te d\u2019Azur, la deuxi\u00e8me r\u00e9gion la plus touch\u00e9e.<\/p>\n<\/p><\/div>\n","protected":false},"excerpt":{"rendered":"Mauvaise nouvelle pour les usagers des biblioth&egrave;ques d&rsquo;Aix-en-Provence. La Ville a d&eacute;cid&eacute; &laquo;&nbsp;un contr&ocirc;le pr&eacute;ventif de l&rsquo;ensemble du r&eacute;seau de biblioth&egrave;ques&nbsp;&raquo; &#8230;","protected":false},"author":1,"featured_media":40728,"comment_status":"open","ping_status":"open","sticky":false,"template":"","format":"standard","meta":{"footnotes":""},"categories":[918,3926,3925,20],"tags":[556,1995,10,105,752,442,3429,716,2396,720],"news-destination":[3944],"news-source":[475],"is_homepage":[],"ta_other":[],"class_list":["post-40727","post","type-post","status-publish","format-standard","has-post-thumbnail","hentry","category-accueil","category-accueil-merge","category-accueil-third","category-societe","tag-aix-en-provence","tag-bibliotheques","tag-bouches-du-rhone","tag-fermeture","tag-maire","tag-mairie","tag-punaises-de-lit","tag-rentree","tag-usagers","tag-ville","news-destination-homepage","news-source-website"],"_links":{"self":[{"href":"https:\/\/euapp01.newsmemory.com\/lamarseillaise\/news\/wp-json\/wp\/v2\/posts\/40727","targetHints":{"allow":["GET"]}}],"collection":[{"href":"https:\/\/euapp01.newsmemory.com\/lamarseillaise\/news\/wp-json\/wp\/v2\/posts"}],"about":[{"href":"https:\/\/euapp01.newsmemory.com\/lamarseillaise\/news\/wp-json\/wp\/v2\/types\/post"}],"author":[{"embeddable":true,"href":"https:\/\/euapp01.newsmemory.com\/lamarseillaise\/news\/wp-json\/wp\/v2\/users\/1"}],"replies":[{"embeddable":true,"href":"https:\/\/euapp01.newsmemory.com\/lamarseillaise\/news\/wp-json\/wp\/v2\/comments?post=40727"}],"version-history":[{"count":1,"href":"https:\/\/euapp01.newsmemory.com\/lamarseillaise\/news\/wp-json\/wp\/v2\/posts\/40727\/revisions"}],"predecessor-version":[{"id":40729,"href":"https:\/\/euapp01.newsmemory.com\/lamarseillaise\/news\/wp-json\/wp\/v2\/posts\/40727\/revisions\/40729"}],"wp:featuredmedia":[{"embeddable":true,"href":"https:\/\/euapp01.newsmemory.com\/lamarseillaise\/news\/wp-json\/wp\/v2\/media\/40728"}],"wp:attachment":[{"href":"https:\/\/euapp01.newsmemory.com\/lamarseillaise\/news\/wp-json\/wp\/v2\/media?parent=40727"}],"wp:term":[{"taxonomy":"category","embeddable":true,"href":"https:\/\/euapp01.newsmemory.com\/lamarseillaise\/news\/wp-json\/wp\/v2\/categories?post=40727"},{"taxonomy":"post_tag","embeddable":true,"href":"https:\/\/euapp01.newsmemory.com\/lamarseillaise\/news\/wp-json\/wp\/v2\/tags?post=40727"},{"taxonomy":"news-destination","embeddable":true,"href":"https:\/\/euapp01.newsmemory.com\/lamarseillaise\/news\/wp-json\/wp\/v2\/news-destination?post=40727"},{"taxonomy":"news-source","embeddable":true,"href":"https:\/\/euapp01.newsmemory.com\/lamarseillaise\/news\/wp-json\/wp\/v2\/news-source?post=40727"},{"taxonomy":"is_homepage","embeddable":true,"href":"https:\/\/euapp01.newsmemory.com\/lamarseillaise\/news\/wp-json\/wp\/v2\/is_homepage?post=40727"},{"taxonomy":"ta_other","embeddable":true,"href":"https:\/\/euapp01.newsmemory.com\/lamarseillaise\/news\/wp-json\/wp\/v2\/ta_other?post=40727"}],"curies":[{"name":"wp","href":"https:\/\/api.w.org\/{rel}","templated":true}]}}