{"id":40724,"date":"2026-08-29T10:14:00","date_gmt":"2026-08-29T08:14:00","guid":{"rendered":"https:\/\/euapp01.newsmemory.com\/lamarseillaise\/news\/?p=40724"},"modified":"2026-08-31T08:38:16","modified_gmt":"2026-08-31T06:38:16","slug":"des-travaux-pour-des-ecoles-plus-fraiches-et-plus-accessibles-a-martigues","status":"publish","type":"post","link":"https:\/\/euapp01.newsmemory.com\/lamarseillaise\/news\/2026\/08\/29\/des-travaux-pour-des-ecoles-plus-fraiches-et-plus-accessibles-a-martigues\/","title":{"rendered":"Des travaux pour des \u00e9coles plus fra\u00eeches et plus accessibles \u00e0 Martigues"},"content":{"rendered":"<div class=\"paragraph\">\n<p>Il y a des choses qui ne changent pas\u00a0: les affiches d\u2019Arcimboldo placard\u00e9es au mur, les pages de d\u00e9finition expliquant o\u00f9 se trouvent l\u2019\u00e9tymologie, les diff\u00e9rents sens du mot ou les exemples, les tableaux blancs&#8230; Et puis il y a des choses qui \u00e9voluent. Face aux vagues de chaleur qui se multiplient, les \u00e9coles sont contraintes de s\u2019adapter. \u00c0 Martigues, sur l\u2019ann\u00e9e scolaire 2025\/2026, la Ville a investi 1,52\u00a0million d\u2019euros dans ses 28\u00a0\u00e9tablissements, principalement pour am\u00e9liorer leur r\u00e9silience face au changement climatique et leur accessibilit\u00e9.<\/p>\n<p>\u00c0 quelques jours de la rentr\u00e9e, les ouvriers et agents municipaux s\u2019affairent dans l\u2019\u00e9cole \u00e9l\u00e9mentaire Antoine Tourrel pour installer les derniers brise-soleil \u00e9lectriques orientables au premier \u00e9tage. \u00ab\u00a0<i>On est plein sud, donc \u00e7a va servir<\/i><i>\u00a0<\/i>\u00bb, souligne Christophe Logerot, charg\u00e9 d\u2019op\u00e9rations. En plus de la pose de ces stores ext\u00e9rieurs, le d\u00e9samiantage, l\u2019\u00e9tanch\u00e9it\u00e9 et l\u2019isolation de la toiture, ainsi que le remplacement des menuiseries ont \u00e9t\u00e9 r\u00e9alis\u00e9s en seulement sept semaines pour 250\u00a0000\u00a0euros. \u00ab\u00a0<i>C\u2019est la compl\u00e9mentarit\u00e9 de ces actions qui permet d\u2019avoir des r\u00e9sultats en termes de baisse des temp\u00e9ratures, <\/i>souligne Gilles Picard, adjoint au maire \u00e0 l\u2019<span class=\"mln_uppercase_mln\">\u00e9<\/span>ducation (PCF).<i> Chaque classe de chaque \u00e9cole et les restaurants scolaires b\u00e9n\u00e9ficient d\u2019un ou plusieurs brasseurs d\u2019air, et dans les maternelles chaque dortoir a la climatisation<\/i>.\u00a0\u00bb Pour l\u2019\u00e9lu, \u00ab\u00a0<i>la clim n\u2019est pas l\u2019alpha et l\u2019omega de la lutte contre la canicule, \u00e0 la fois parce que l\u2019installation et l\u2019entretien repr\u00e9sentent un co\u00fbt certain, mais aussi parce qu\u2019on pr\u00e9f\u00e8re avoir une perspective de long terme<\/i>\u00a0\u00bb.<\/p>\n<\/p><\/div>\n<div class=\"intext\"> Deux ascenseurs cr\u00e9\u00e9s\n              <\/div>\n<div class=\"paragraph\">\n<p>Dans l\u2019\u00e9cole Lucien Toulmond, la cour a bien chang\u00e9 entre la fin de l\u2019ann\u00e9e scolaire et la rentr\u00e9e. 230\u00a0000\u00a0euros ont \u00e9t\u00e9 fl\u00e9ch\u00e9s pour la cr\u00e9ation d\u2019\u00eelots de fra\u00eecheur et le changement de l\u2019enrob\u00e9, qui est pass\u00e9 d\u2019un noir qui emmagasinait la chaleur \u00e0 une couleur beige clair, avec un mat\u00e9riau plus perm\u00e9able. Ce lundi, les 400\u00a0\u00e9l\u00e8ves du groupe scolaire ne trouveront que des reliefs recouverts de copeaux, mais d\u00e8s les vacances de la Toussaint (selon les conditions climatiques), 42\u00a0arbres seront plant\u00e9s.<\/p>\n<p>Un travail topographique a \u00e9t\u00e9 men\u00e9 pour plus de continuit\u00e9 dans les espaces, et les marches ext\u00e9rieures sont devenues des pentes douces. \u00c0 Antoine Tourrel, les sanitaires sous le pr\u00e9au ont b\u00e9n\u00e9fici\u00e9 d\u2019une r\u00e9fection totale et une rampe pour les personnes \u00e0 mobilit\u00e9 r\u00e9duite a \u00e9t\u00e9 am\u00e9nag\u00e9e. Mais ce sont les \u00e9coles Robert Desnos et Laure Moulin (\u00e0 Canto-Perdrix) qui ont connu les plus gros chantiers d\u2019accessibilit\u00e9, avec la cr\u00e9ation de deux ascenseurs, dont les travaux seront prochainement achev\u00e9s. Quatre autres groupes en sont d\u00e9j\u00e0 \u00e9quip\u00e9s. \u00ab\u00a0<i>Je pense qu\u2019on peut dire que la rentr\u00e9e est r\u00e9ussie<\/i><i>\u00a0<\/i>\u00bb, se f\u00e9licite le maire Gaby Charroux (PCF).<\/p>\n<\/p><\/div>\n","protected":false},"excerpt":{"rendered":"Il y a des choses qui ne changent pas&nbsp;: les affiches d&rsquo;Arcimboldo placard&eacute;es au mur, les pages de d&eacute;finition expliquant o&ugrave; se trouvent l&rsquo;&eacute;tymologie, les diff&eacute;rents sens du mot ou les exemples, les &#8230;","protected":false},"author":1,"featured_media":40725,"comment_status":"open","ping_status":"open","sticky":false,"template":"","format":"standard","meta":{"footnotes":""},"categories":[918,3926,3925,20],"tags":[1776,10,372,207,977,1428,411,5705,499,4046,63,2741,716,804,1395,166,1361],"news-destination":[3944],"news-source":[475],"is_homepage":[],"ta_other":[],"class_list":["post-40724","post","type-post","status-publish","format-standard","has-post-thumbnail","hentry","category-accueil","category-accueil-merge","category-accueil-third","category-societe","tag-accessibilite","tag-bouches-du-rhone","tag-canicule","tag-changement-climatique","tag-classes","tag-climatisation","tag-ecoles","tag-fraicheur","tag-gaby-charroux","tag-ilots-de-fraicheur","tag-martigues","tag-maternelles","tag-rentree","tag-scolaires","tag-temperatures","tag-travaux","tag-vacances","news-destination-homepage","news-source-website"],"_links":{"self":[{"href":"https:\/\/euapp01.newsmemory.com\/lamarseillaise\/news\/wp-json\/wp\/v2\/posts\/40724","targetHints":{"allow":["GET"]}}],"collection":[{"href":"https:\/\/euapp01.newsmemory.com\/lamarseillaise\/news\/wp-json\/wp\/v2\/posts"}],"about":[{"href":"https:\/\/euapp01.newsmemory.com\/lamarseillaise\/news\/wp-json\/wp\/v2\/types\/post"}],"author":[{"embeddable":true,"href":"https:\/\/euapp01.newsmemory.com\/lamarseillaise\/news\/wp-json\/wp\/v2\/users\/1"}],"replies":[{"embeddable":true,"href":"https:\/\/euapp01.newsmemory.com\/lamarseillaise\/news\/wp-json\/wp\/v2\/comments?post=40724"}],"version-history":[{"count":1,"href":"https:\/\/euapp01.newsmemory.com\/lamarseillaise\/news\/wp-json\/wp\/v2\/posts\/40724\/revisions"}],"predecessor-version":[{"id":40726,"href":"https:\/\/euapp01.newsmemory.com\/lamarseillaise\/news\/wp-json\/wp\/v2\/posts\/40724\/revisions\/40726"}],"wp:featuredmedia":[{"embeddable":true,"href":"https:\/\/euapp01.newsmemory.com\/lamarseillaise\/news\/wp-json\/wp\/v2\/media\/40725"}],"wp:attachment":[{"href":"https:\/\/euapp01.newsmemory.com\/lamarseillaise\/news\/wp-json\/wp\/v2\/media?parent=40724"}],"wp:term":[{"taxonomy":"category","embeddable":true,"href":"https:\/\/euapp01.newsmemory.com\/lamarseillaise\/news\/wp-json\/wp\/v2\/categories?post=40724"},{"taxonomy":"post_tag","embeddable":true,"href":"https:\/\/euapp01.newsmemory.com\/lamarseillaise\/news\/wp-json\/wp\/v2\/tags?post=40724"},{"taxonomy":"news-destination","embeddable":true,"href":"https:\/\/euapp01.newsmemory.com\/lamarseillaise\/news\/wp-json\/wp\/v2\/news-destination?post=40724"},{"taxonomy":"news-source","embeddable":true,"href":"https:\/\/euapp01.newsmemory.com\/lamarseillaise\/news\/wp-json\/wp\/v2\/news-source?post=40724"},{"taxonomy":"is_homepage","embeddable":true,"href":"https:\/\/euapp01.newsmemory.com\/lamarseillaise\/news\/wp-json\/wp\/v2\/is_homepage?post=40724"},{"taxonomy":"ta_other","embeddable":true,"href":"https:\/\/euapp01.newsmemory.com\/lamarseillaise\/news\/wp-json\/wp\/v2\/ta_other?post=40724"}],"curies":[{"name":"wp","href":"https:\/\/api.w.org\/{rel}","templated":true}]}}