{"id":40721,"date":"2026-08-29T10:02:00","date_gmt":"2026-08-29T08:02:00","guid":{"rendered":"https:\/\/euapp01.newsmemory.com\/lamarseillaise\/news\/?p=40721"},"modified":"2026-08-31T08:38:16","modified_gmt":"2026-08-31T06:38:16","slug":"martine-vassal-met-les-bouchees-doubles-pour-les-collegiens","status":"publish","type":"post","link":"https:\/\/euapp01.newsmemory.com\/lamarseillaise\/news\/2026\/08\/29\/martine-vassal-met-les-bouchees-doubles-pour-les-collegiens\/","title":{"rendered":"Martine Vassal met les bouch\u00e9es doubles pour les coll\u00e9giens"},"content":{"rendered":"<div class=\"paragraph\">\n<p>\u00ab <i>N<\/i><i>ous sommes le d\u00e9partement en France qui dote le mieux les coll\u00e8ges<\/i><i>\u00a0<\/i>\u00bb. \u00c0 quelques jours de la rentr\u00e9e, Martine Vassal (DVD), pr\u00e9sidente du conseil d\u00e9partemental des Bouches-du-Rh\u00f4ne entend rappeler l\u2019effort fourni par la collectivit\u00e9 pour la rentr\u00e9e scolaire des coll\u00e9giens. Et il y a de quoi faire\u00a0: \u00ab\u00a0<i>Nous avons en charge le b\u00e2ti des coll\u00e8ges publics, l\u2019entretien, les personnels qui y travaillent mais aussi le temps de cantine<\/i>\u00a0\u00bb, rappelle l\u2019\u00e9lue marseillaise. La collectivit\u00e9 a donc sous sa houlette 105\u00a0000\u00a0coll\u00e9giens pour cette ann\u00e9e 2026-2027 et 1\u00a0917\u00a0agents du d\u00e9partement qui officient dans ces \u00e9tablissements.<\/p>\n<p>Concr\u00e8tement, elle met en avant son action sur la question du pouvoir d\u2019achat des familles avec le kit de fourniture offert. \u00ab<i>\u00a0<\/i><i>Chaque rentr\u00e9e scolaire est ch\u00e8re<\/i><i>\u00a0<\/i><i>: il faut les fournitures, les \u00e9quipements vestimentaires&#8230; Nous voulons \u00eatre proactifs sur cette probl\u00e9matique en offrant l\u2019\u00e9quivalent de 800<\/i><i>\u00a0<\/i><i>euros par un coll\u00e9gien qui entre en<\/i><i>\u00a0<\/i><i>6<\/i><i><sup>e<\/sup><\/i><i>\u00a0<\/i>\u00bb, vante Martine Vassal. Dans le package qu\u2019auront les minots qui entrent au coll\u00e8ge, ils auront notamment un ordinateur portable et une calculatrice scientifique, ce qui concerne tout de m\u00eame 24\u00a0400\u00a0entrants en\u00a06<sup>e<\/sup>. Et l\u2019ensemble des coll\u00e9giens, de la\u00a06<sup>e<\/sup> \u00e0 la\u00a03<sup>e<\/sup> donc, ont droit \u00e0 un kit de fournitures scolaires et 150\u00a0euros cr\u00e9dit\u00e9s sur la carte Cjeune. Co\u00fbt total de cette aide aux familles\u00a0: 17\u00a0millions d\u2019euros pour la collectivit\u00e9. La pr\u00e9sidente de cette derni\u00e8re insiste sur l\u2019utilisation encadr\u00e9e des ordinateurs\u00a0: \u00ab\u00a0<i>On a bloqu\u00e9 les r\u00e9seaux sociaux apr\u00e8s 21<\/i><i>\u00a0<\/i><i>heures<\/i><i>\u00a0<\/i>\u00bb. Le tout, sur fond de lutte contre le harc\u00e8lement\u00a0: \u00ab<i> Depuis 2024, nous proposons des formations sur le harc\u00e8lement scolaire et aujourd\u2019hui, 903<\/i><i>\u00a0<\/i><i>agents ont \u00e9t\u00e9 form\u00e9s \u00e0 ces probl\u00e9matiques<\/i><i>\u00a0<\/i>\u00bb.<\/p>\n<p>Autre angle d\u2019attaque de Martine Vassal\u00a0: le co\u00fbt de la cantine. \u00ab<i>\u00a0<\/i><i>Il ne change pas, il est \u00e0 3<\/i><i>\u00a0<\/i><i>euros, il reste \u00e0 3<\/i><i>\u00a0<\/i><i>euros<\/i>\u00a0\u00bb, mart\u00e8le-t-elle.<\/p>\n<\/p><\/div>\n<div class=\"intext\"> S\u00e9curit\u00e9 et hommage \u00e0 Samuel Paty\n              <\/div>\n<div class=\"paragraph\">\n<p>Fid\u00e8le aux mantras de sa famille politique \u00e0 droite de l\u2019\u00e9chiquier, l\u2019\u00e9lue fait aussi tout un focus sur la s\u00e9curit\u00e9 dans, et autour, des coll\u00e8ges. \u00ab\u00a0<i>L\u2019id\u00e9e c\u2019\u00e9tait de pouvoir \u00e9quiper les coll\u00e8ges qui le pouvaient du dispositif &#8220;100% s\u00e9curit\u00e9&#8221; Nous avons install\u00e9 plus de 1<\/i><i>\u00a0<\/i><i>800<\/i><i>\u00a0<\/i><i>cam\u00e9ras de vid\u00e9oprotection<\/i>\u00a0\u00bb, explique l\u2019\u00e9lue. On compte donc 104\u00a0coll\u00e8ges \u00e9quip\u00e9s par ce dispositif qui inclut un contr\u00f4le d\u2019acc\u00e8s par des sas s\u00e9curis\u00e9s, un r\u00e9seau de vid\u00e9oprotection et un rehaussement des cl\u00f4tures autour des \u00e9tablissements. Autre totem de Martine Vassal\u00a0: la projection du film <i>L\u2019Abandon <\/i>qui revient sur les onze derniers jours de l\u2019enseignant Samuel Paty, assassin\u00e9<i> <\/i>par un terroriste en 2020. \u00ab\u00a0<i>Il y aura au moins 2<\/i><i>\u00a0<\/i><i>classes pour les coll\u00e8ges volontaires qui assisteront, le 12<\/i><i>\u00a0<\/i><i>octobre, \u00e0 une projection du film dans les cin\u00e9mas<\/i>\u00a0\u00bb, d\u00e9veloppe-t-elle, sans s\u2019avancer sur un chiffre pr\u00e9cis. Tout un programme pour les minots donc.<\/p>\n<\/p><\/div>\n","protected":false},"excerpt":{"rendered":"&laquo; Nous sommes le d&eacute;partement en France qui dote le mieux les coll&egrave;ges&nbsp;&raquo;. &Agrave; quelques jours de la rentr&eacute;e, Martine Vassal (DVD), pr&eacute;sidente du conseil d&eacute;partemental des Bouches-du-Rh&ocirc;ne &#8230;","protected":false},"author":1,"featured_media":40722,"comment_status":"open","ping_status":"open","sticky":false,"template":"","format":"standard","meta":{"footnotes":""},"categories":[918,3926,3925,330],"tags":[10,2195,673,193,1604,1754,707,712,420,804],"news-destination":[3944],"news-source":[475],"is_homepage":[],"ta_other":[],"class_list":["post-40721","post","type-post","status-publish","format-standard","has-post-thumbnail","hentry","category-accueil","category-accueil-merge","category-accueil-third","category-politique","tag-bouches-du-rhone","tag-cameras","tag-colleges","tag-conseil-departemental","tag-departement-des-bouches-du-rhone","tag-equipements","tag-martine-vassal","tag-rentree-scolaire","tag-scientifique","tag-scolaires","news-destination-homepage","news-source-website"],"_links":{"self":[{"href":"https:\/\/euapp01.newsmemory.com\/lamarseillaise\/news\/wp-json\/wp\/v2\/posts\/40721","targetHints":{"allow":["GET"]}}],"collection":[{"href":"https:\/\/euapp01.newsmemory.com\/lamarseillaise\/news\/wp-json\/wp\/v2\/posts"}],"about":[{"href":"https:\/\/euapp01.newsmemory.com\/lamarseillaise\/news\/wp-json\/wp\/v2\/types\/post"}],"author":[{"embeddable":true,"href":"https:\/\/euapp01.newsmemory.com\/lamarseillaise\/news\/wp-json\/wp\/v2\/users\/1"}],"replies":[{"embeddable":true,"href":"https:\/\/euapp01.newsmemory.com\/lamarseillaise\/news\/wp-json\/wp\/v2\/comments?post=40721"}],"version-history":[{"count":1,"href":"https:\/\/euapp01.newsmemory.com\/lamarseillaise\/news\/wp-json\/wp\/v2\/posts\/40721\/revisions"}],"predecessor-version":[{"id":40723,"href":"https:\/\/euapp01.newsmemory.com\/lamarseillaise\/news\/wp-json\/wp\/v2\/posts\/40721\/revisions\/40723"}],"wp:featuredmedia":[{"embeddable":true,"href":"https:\/\/euapp01.newsmemory.com\/lamarseillaise\/news\/wp-json\/wp\/v2\/media\/40722"}],"wp:attachment":[{"href":"https:\/\/euapp01.newsmemory.com\/lamarseillaise\/news\/wp-json\/wp\/v2\/media?parent=40721"}],"wp:term":[{"taxonomy":"category","embeddable":true,"href":"https:\/\/euapp01.newsmemory.com\/lamarseillaise\/news\/wp-json\/wp\/v2\/categories?post=40721"},{"taxonomy":"post_tag","embeddable":true,"href":"https:\/\/euapp01.newsmemory.com\/lamarseillaise\/news\/wp-json\/wp\/v2\/tags?post=40721"},{"taxonomy":"news-destination","embeddable":true,"href":"https:\/\/euapp01.newsmemory.com\/lamarseillaise\/news\/wp-json\/wp\/v2\/news-destination?post=40721"},{"taxonomy":"news-source","embeddable":true,"href":"https:\/\/euapp01.newsmemory.com\/lamarseillaise\/news\/wp-json\/wp\/v2\/news-source?post=40721"},{"taxonomy":"is_homepage","embeddable":true,"href":"https:\/\/euapp01.newsmemory.com\/lamarseillaise\/news\/wp-json\/wp\/v2\/is_homepage?post=40721"},{"taxonomy":"ta_other","embeddable":true,"href":"https:\/\/euapp01.newsmemory.com\/lamarseillaise\/news\/wp-json\/wp\/v2\/ta_other?post=40721"}],"curies":[{"name":"wp","href":"https:\/\/api.w.org\/{rel}","templated":true}]}}