{"id":40718,"date":"2026-08-29T10:03:00","date_gmt":"2026-08-29T08:03:00","guid":{"rendered":"https:\/\/euapp01.newsmemory.com\/lamarseillaise\/news\/?p=40718"},"modified":"2026-08-31T08:38:16","modified_gmt":"2026-08-31T06:38:16","slug":"la-fsu-denonce-une-rentree-degradee","status":"publish","type":"post","link":"https:\/\/euapp01.newsmemory.com\/lamarseillaise\/news\/2026\/08\/29\/la-fsu-denonce-une-rentree-degradee\/","title":{"rendered":"La FSU d\u00e9nonce une \u00ab&nbsp;rentr\u00e9e d\u00e9grad\u00e9e&nbsp;\u00bb"},"content":{"rendered":"<div class=\"paragraph\">\n<p>\u00ab <i>N<\/i><i>ous sommes \u00e0 la veille d\u2019une rentr\u00e9e particuli\u00e8rement d\u00e9grad\u00e9e dans l\u2019\u00c9ducation nationale.<\/i><i>\u00a0<\/i>\u00bb Au sein de la Bourse du travail, \u00e0 Marseille, Virginie Akliouat secr\u00e9taire d\u00e9partementale de la FSU\u00a013, d\u00e9bute la conf\u00e9rence de rentr\u00e9e du syndicat pessimiste.<\/p>\n<p>Postes supprim\u00e9s, manque de classes adapt\u00e9es, salaires qui stagnent, manque de solution face aux fortes temp\u00e9ratures, attaque sur les cong\u00e9s maladies&#8230; La liste des d\u00e9gradations des conditions de travail et d\u2019accueil des \u00e9l\u00e8ves est longue pour le syndicat. \u00ab<i>\u00a0<\/i><i>Car ces dix ann\u00e9es de macronie ont cass\u00e9 l\u2019\u00c9cole et les services publics<\/i>\u00a0\u00bb, rench\u00e9rit la secr\u00e9taire syndicale.<\/p>\n<p>Dans les Bouches-du-Rh\u00f4ne, ce sont par exemple 40\u00a0postes d\u2019enseignants au lyc\u00e9e en moins. Ces suppressions sont justifi\u00e9es par une baisse d\u00e9mographique, \u00ab\u00a0<i>mais cette baisse devrait \u00eatre l\u2019occasion d\u2019am\u00e9liorer les conditions d\u2019accueil des \u00e9l\u00e8ves<\/i>\u00a0\u00bb, insiste Charlotte Bourgougnon, cosecr\u00e9taire d\u00e9partementale du Syndicat national unitaire des instituteurs, professeurs des \u00e9coles et PEGC (SNUipp-FSU) des Bouches-du-Rh\u00f4ne.<\/p>\n<p>Nicolas Bernard-Hayrault, secr\u00e9taire d\u00e9partemental du Syndicat national des enseignements de second degr\u00e9 (Snes-FSU) pr\u00e9cise m\u00eame\u00a0: \u00ab\u00a0<i>si l\u2019on voulait juste revenir au m\u00eame taux d\u2019encadrement qu\u2019en<\/i><i>\u00a0<\/i><i>2017, il faudrait ouvrir 56<\/i><i>\u00a0<\/i><i>postes au coll\u00e8ge et au lyc\u00e9e<\/i><i>\u00a0<\/i>\u00bb. Car la France fait partie des plus mauvais \u00e9l\u00e8ves de l\u2019Union europ\u00e9enne et de l\u2019OCDE en terme du nombre de jeunes par classe.<\/p>\n<\/p><\/div>\n<div class=\"intext\"> Manque de places pour les enfants handicap\u00e9s\n              <\/div>\n<div class=\"paragraph\">\n<p>Et le manque de moyens humains impacte d\u2019autant plus les enfants les plus vuln\u00e9rables. \u00ab\u00a0<i>Alors que dans les Bouches-du-Rh\u00f4ne on manque d\u2019au moins 12<\/i><i>\u00a0<\/i><i>classes Ulis<\/i> [qui permettent d\u2019accueillir des enfants handicap\u00e9s], <i>il y a cinq postes d\u00e9di\u00e9s \u00e0 ce public qui ont \u00e9t\u00e9 supprim\u00e9s<\/i>\u00a0\u00bb, se d\u00e9sole Charlotte Bourgougnon.<\/p>\n<p>La grande annonce du ministre de l\u2019\u00e9ducation sur la distribution d\u2019un questionnaire pour lib\u00e9rer la parole des enfants sur les violences sexuelles est, elle aussi, tomb\u00e9e \u00e0 plat. \u00ab\u00a0<i>Car pour lib\u00e9rer la parole, il faut du personnel qui peut la recueillir et l\u2019orienter vers les services adapt\u00e9s<\/i>\u00a0\u00bb, insiste Val\u00e9rie Brignole co-secr\u00e9taire du syndicat national unifi\u00e9 des assistants sociaux de la fonction publique (SNUASFP).<\/p>\n<p>Ils d\u00e9noncent \u00e9galement le manque de r\u00e9silience du b\u00e2ti scolaire face au r\u00e9chauffement climatique et exigent un plan pour permettre aux \u00e9coles d\u2019\u00eatre plus vivables lors des canicules. \u00ab\u00a0<i>En juin, on avait certaines classes qui atteignaient 33\u00b0. Qui peut \u00e9tudier dans ces conditions<\/i><i>\u00a0<\/i><i>?<\/i>\u00a0\u00bb, s\u2019interroge Nicolas Bernard-Hayrault. Face \u00e0 tous ces manquements et aux attaques r\u00e9p\u00e9t\u00e9es du gouvernement contre la fonction publique et l\u2019\u00e9cole, la FSU appelle \u00e0 s\u2019allier au mouvement de gr\u00e8ve national et intersyndical du 29\u00a0septembre \u00ab<i>\u00a0<\/i><i>pour peser sur le d\u00e9bat autour du budget<\/i><i>\u00a0<\/i><i>2027 qui s\u2019ouvrira le 30<\/i><i>\u00a0<\/i><i>septembre<\/i><i>\u00a0<\/i>\u00bb, soutient Virginie Akliouat.<\/p>\n<\/p><\/div>\n","protected":false},"excerpt":{"rendered":"&laquo; Nous sommes &agrave; la veille d&rsquo;une rentr&eacute;e particuli&egrave;rement d&eacute;grad&eacute;e dans l&rsquo;&Eacute;ducation nationale.&nbsp;&raquo; Au sein de la Bourse du travail, &agrave; Marseille, Virginie Akliouat &#8230;","protected":false},"author":1,"featured_media":40719,"comment_status":"open","ping_status":"open","sticky":false,"template":"","format":"standard","meta":{"footnotes":""},"categories":[918,3926,3925,331,20],"tags":[10,1760,430,195,803,2492,410,926,2554,406,1066,712,484,2555,364],"news-destination":[3944],"news-source":[475],"is_homepage":[],"ta_other":[],"class_list":["post-40718","post","type-post","status-publish","format-standard","has-post-thumbnail","hentry","category-accueil","category-accueil-merge","category-accueil-third","category-social","category-societe","tag-bouches-du-rhone","tag-bourse-du-travail","tag-budget","tag-conditions-de-travail","tag-ecole","tag-ecole-publique","tag-education","tag-education-nationale","tag-enseignement","tag-fsu","tag-handicap","tag-rentree-scolaire","tag-services-publics","tag-suppressions-de-postes","tag-syndicats","news-destination-homepage","news-source-website"],"_links":{"self":[{"href":"https:\/\/euapp01.newsmemory.com\/lamarseillaise\/news\/wp-json\/wp\/v2\/posts\/40718","targetHints":{"allow":["GET"]}}],"collection":[{"href":"https:\/\/euapp01.newsmemory.com\/lamarseillaise\/news\/wp-json\/wp\/v2\/posts"}],"about":[{"href":"https:\/\/euapp01.newsmemory.com\/lamarseillaise\/news\/wp-json\/wp\/v2\/types\/post"}],"author":[{"embeddable":true,"href":"https:\/\/euapp01.newsmemory.com\/lamarseillaise\/news\/wp-json\/wp\/v2\/users\/1"}],"replies":[{"embeddable":true,"href":"https:\/\/euapp01.newsmemory.com\/lamarseillaise\/news\/wp-json\/wp\/v2\/comments?post=40718"}],"version-history":[{"count":1,"href":"https:\/\/euapp01.newsmemory.com\/lamarseillaise\/news\/wp-json\/wp\/v2\/posts\/40718\/revisions"}],"predecessor-version":[{"id":40720,"href":"https:\/\/euapp01.newsmemory.com\/lamarseillaise\/news\/wp-json\/wp\/v2\/posts\/40718\/revisions\/40720"}],"wp:featuredmedia":[{"embeddable":true,"href":"https:\/\/euapp01.newsmemory.com\/lamarseillaise\/news\/wp-json\/wp\/v2\/media\/40719"}],"wp:attachment":[{"href":"https:\/\/euapp01.newsmemory.com\/lamarseillaise\/news\/wp-json\/wp\/v2\/media?parent=40718"}],"wp:term":[{"taxonomy":"category","embeddable":true,"href":"https:\/\/euapp01.newsmemory.com\/lamarseillaise\/news\/wp-json\/wp\/v2\/categories?post=40718"},{"taxonomy":"post_tag","embeddable":true,"href":"https:\/\/euapp01.newsmemory.com\/lamarseillaise\/news\/wp-json\/wp\/v2\/tags?post=40718"},{"taxonomy":"news-destination","embeddable":true,"href":"https:\/\/euapp01.newsmemory.com\/lamarseillaise\/news\/wp-json\/wp\/v2\/news-destination?post=40718"},{"taxonomy":"news-source","embeddable":true,"href":"https:\/\/euapp01.newsmemory.com\/lamarseillaise\/news\/wp-json\/wp\/v2\/news-source?post=40718"},{"taxonomy":"is_homepage","embeddable":true,"href":"https:\/\/euapp01.newsmemory.com\/lamarseillaise\/news\/wp-json\/wp\/v2\/is_homepage?post=40718"},{"taxonomy":"ta_other","embeddable":true,"href":"https:\/\/euapp01.newsmemory.com\/lamarseillaise\/news\/wp-json\/wp\/v2\/ta_other?post=40718"}],"curies":[{"name":"wp","href":"https:\/\/api.w.org\/{rel}","templated":true}]}}