{"id":40715,"date":"2026-08-29T10:01:00","date_gmt":"2026-08-29T08:01:00","guid":{"rendered":"https:\/\/euapp01.newsmemory.com\/lamarseillaise\/news\/?p=40715"},"modified":"2026-08-31T08:38:16","modified_gmt":"2026-08-31T06:38:16","slug":"les-dossiers-de-rentree-sur-le-bureau-du-prefet-des-bouches-du-rhone","status":"publish","type":"post","link":"https:\/\/euapp01.newsmemory.com\/lamarseillaise\/news\/2026\/08\/29\/les-dossiers-de-rentree-sur-le-bureau-du-prefet-des-bouches-du-rhone\/","title":{"rendered":"Les dossiers de rentr\u00e9e sur le bureau du pr\u00e9fet des Bouches-du-Rh\u00f4ne"},"content":{"rendered":"<div class=\"intext\"> Une saison des incendies pour le moment ma\u00eetris\u00e9e\n              <\/div>\n<div class=\"paragraph\">\n<p>La saison n\u2019est pas termin\u00e9e, le front des incendies est rest\u00e9 stable dans le d\u00e9partement, note Jacques Witkowski avec 512\u00a0feux recens\u00e9s depuis le 1<sup>er<\/sup>\u00a0juin, soit 67 de plus qu\u2019en 2025, une augmentation de 15%. S\u2019il y a eu \u00ab\u00a0<i>beaucoup de d\u00e9parts de feux<\/i>\u00a0\u00bb, ils ont \u00e9t\u00e9 \u00ab\u00a0<i>\u00e9teints tr\u00e8s vite<\/i>\u00a0\u00bb, mis \u00e0 part celui de Rognac et de Lan\u00e7on-de-Provence. Outre la pr\u00e9vention, la pr\u00e9fecture mise aussi sur le r\u00e9pressif avec le respect des obligations l\u00e9gales de d\u00e9broussaillement. Des communes ont \u00e9t\u00e9 mises en <br \/>demeure, un camping \u00e0 Beaurecueil ferm\u00e9 le temps d\u2019agir. Les gendarmes missionn\u00e9s dans les massifs ont interpell\u00e9 350\u00a0personnes pour comportements dangereux. Le repr\u00e9sentant de l\u2019\u00c9tat se pr\u00e9pare d\u00e9sormais aux \u00e9pisodes c\u00e9venols qu\u2019il appr\u00e9hende.<\/p>\n<\/p><\/div>\n<div class=\"intext\"> Accompagner les consommateurs de crack\n              <\/div>\n<div class=\"paragraph\">\n<p>Face \u00e0 l\u2019augmentation de la consommation de crack dans le centre-ville qu\u2019il juge \u00ab\u00a0<i>pr\u00e9occupante<\/i>\u00a0\u00bb, le pr\u00e9fet a mis en place des actions. D\u2019abord r\u00e9pressives pour \u00e9viter \u00ab\u00a0<i>les enkystements<\/i>\u00a0\u00bb mais il mise aussi sur la prise en charge m\u00e9dicale des consommateurs. \u00ab\u00a0<i>Co-port\u00e9<\/i>\u00a0\u00bb avec la Ville, un site d\u2019accueil de 17\u00a0places a ouvert mi-ao\u00fbt, un autre de 10\u00a0places va suivre. Soit 500\u00a0000\u00a0euros investis par l\u2019\u00c9tat pour leur fonctionnement. Un coordinateur m\u00e9dical a \u00e9t\u00e9 mis en place. Le d\u00e9veloppement des centres d\u2019accueil et d\u2019accompagnement \u00e0 la r\u00e9duction des risques pour usagers de drogues, deux seulement \u00e0 Marseille, est souhait\u00e9, et \u00e0 long terme, l\u2019installation d\u2019une halte soins addictions plus que soutenue. Reste \u00e0 trouver le site&#8230;<\/p>\n<\/p><\/div>\n<div class=\"intext\"> M\u00e9tropole\u00a0: la balle renvoy\u00e9e aux politiques\n              <\/div>\n<div class=\"paragraph\">\n<p>Pr\u00e9vu le 10\u00a0septembre, le vote de la d\u00e9cision modificative du budget m\u00e9tropolitain marque une nouvelle \u00e9tape. Pour le pr\u00e9fet, \u00ab\u00a0<i>budg\u00e9tairement, l\u2019affaire est r\u00e9gl\u00e9e<\/i>\u00a0\u00bb. Et de r\u00e9affirmer le strict r\u00f4le de conseil et de contr\u00f4le de la l\u00e9galit\u00e9 de l\u2019\u00c9tat. \u00ab\u00a0<i>Je souhaite que la M\u00e9tropole sorte de cette orni\u00e8re<\/i>\u00a0\u00bb, assure-t-il. La mission Bussereau-Debat devant permettre d\u2019entamer des \u00ab\u00a0<i>discussions politiques<\/i>\u00a0\u00bb sur ses comp\u00e9tences ou limites g\u00e9ographiques.<\/p>\n<\/p><\/div>\n<div class=\"intext\"> Vigilance sur Fibre excellence\n              <\/div>\n<div class=\"paragraph\">\n<p>Alors qu\u2019\u00e0 Tarascon les salari\u00e9s de l\u2019usine de p\u00e2te \u00e0 papier restent mobilis\u00e9s apr\u00e8s la fermeture du site ce vendredi 28\u00a0ao\u00fbt (lire aussi page 5), le pr\u00e9fet indique avoir saisi le liquidateur pour s\u2019assurer de sa mise en s\u00e9curit\u00e9. Et si les lieux doivent \u00eatre d\u00e9pollu\u00e9s, ils le seront par le repreneur, ou, \u00e0 d\u00e9faut, par le propri\u00e9taire actuel, assure-t-il. Mais pas question pour autant de laisser la CGT le bloquer, s\u2019il le faut, \u00ab\u00a0<i>on interviendra par contrainte<\/i>\u00a0\u00bb, promet-il.<\/p>\n<\/p><\/div>\n<div class=\"intext\"> Des \u00e9conomies sur l\u2019h\u00e9bergement d\u2019urgence\n              <\/div>\n<div class=\"paragraph\">\n<p>Une \u00ab\u00a0<i>d\u00e9pense de 117<\/i><i>\u00a0<\/i><i>millions d\u2019euros dans le d\u00e9partement<\/i><i>\u00a0<\/i>\u00bb, permet de financer 6\u00a0000\u00a0places dans deux types d\u2019h\u00e9bergement d\u2019urgence, l\u2019un dans le diffus, l\u2019autre provisoire \u00e0 l\u2019h\u00f4tel rappelle le pr\u00e9fet. Sur ce dernier, 1\u00a0562\u00a0places, \u00ab\u00a0<i>on a d\u00e9cid\u00e9 de reprendre en main budg\u00e9tairement les choses<\/i><i>\u00a0<\/i><i>\u00bb, <\/i>indique-t-il, avec un nouveau contrat au 1<sup>er<\/sup>\u00a0octobre avec des h\u00f4teliers. Et la r\u00e9alisation d\u2019un \u00ab\u00a0<i>\u00e9tat z\u00e9ro<\/i>\u00a0\u00bb, le pr\u00e9fet d\u00e9non\u00e7ant \u00ab\u00a0<i>des<\/i><i>\u00a0<\/i><i>situations irr\u00e9guli\u00e8res<\/i><i>\u00a0<\/i><i>\u00bb, <\/i>avec<i> \u00ab<\/i><i>\u00a0<\/i><i>des gens \u00e0 l\u2019h\u00f4tel depuis 6<\/i><i>\u00a0<\/i><i>ans<\/i><i>\u00a0<\/i><i>\u00bb<\/i> Et de marteler\u00a0: \u00ab\u00a0<i>Je suis comptable des deniers publics,<\/i> <i>je ne peux pas engager ce que le Parlement n\u2019a pas vot\u00e9.<\/i>\u00a0\u00bb Or au 1<sup>er<\/sup>\u00a0janvier, le d\u00e9passement \u00ab\u00a0<i>\u00e9tait de 8<\/i><i>\u00a0<\/i><i>millions, l\u00e0 encore \u00e0 3<\/i><i>\u00a0<\/i><i>millions<\/i>\u00a0\u00bb, d\u00e9plore-t-il.<\/p>\n<p>Parall\u00e8lement en 2025, 1\u00a0400\u00a0logements ont \u00e9t\u00e9 r\u00e9cup\u00e9r\u00e9s aupr\u00e8s des bailleurs, 991 cette ann\u00e9e. \u00ab\u00a0<i>Presque 2<\/i><i>\u00a0<\/i><i>500<\/i><i>\u00a0<\/i><i>places, un effort notable<\/i>\u00a0\u00bb, estime-t-il.<\/p>\n<\/p><\/div>\n","protected":false},"excerpt":{"rendered":"La saison n&rsquo;est pas termin&eacute;e, le front des incendies est rest&eacute; stable dans le d&eacute;partement, note Jacques Witkowski avec 512&nbsp;feux recens&eacute;s depuis le 1er&nbsp;juin, soit 67 de plus qu&rsquo;en 2025, une &#8230;","protected":false},"author":1,"featured_media":40716,"comment_status":"open","ping_status":"open","sticky":false,"template":"","format":"standard","meta":{"footnotes":""},"categories":[918,3926,3925,330,20],"tags":[10,181,113,954,1370,514,3646,4687,105,4279,2237,2473,1396,624,3996,535,1131,2471,716,2430,5195,2396,2087],"news-destination":[3944],"news-source":[475],"is_homepage":[],"ta_other":[],"class_list":["post-40715","post","type-post","status-publish","format-standard","has-post-thumbnail","hentry","category-accueil","category-accueil-merge","category-accueil-third","category-politique","category-societe","tag-bouches-du-rhone","tag-centre-ville","tag-cgt","tag-consommateurs","tag-contrat","tag-controle","tag-drogues","tag-episodes-cevenols","tag-fermeture","tag-fibre-excellence","tag-gendarmes","tag-halte-soins-addictions","tag-incendies","tag-industrie","tag-jacques-witkowski","tag-metropole","tag-prefecture","tag-prise-en-charge","tag-rentree","tag-repreneur","tag-senatoriales","tag-usagers","tag-vigilance","news-destination-homepage","news-source-website"],"_links":{"self":[{"href":"https:\/\/euapp01.newsmemory.com\/lamarseillaise\/news\/wp-json\/wp\/v2\/posts\/40715","targetHints":{"allow":["GET"]}}],"collection":[{"href":"https:\/\/euapp01.newsmemory.com\/lamarseillaise\/news\/wp-json\/wp\/v2\/posts"}],"about":[{"href":"https:\/\/euapp01.newsmemory.com\/lamarseillaise\/news\/wp-json\/wp\/v2\/types\/post"}],"author":[{"embeddable":true,"href":"https:\/\/euapp01.newsmemory.com\/lamarseillaise\/news\/wp-json\/wp\/v2\/users\/1"}],"replies":[{"embeddable":true,"href":"https:\/\/euapp01.newsmemory.com\/lamarseillaise\/news\/wp-json\/wp\/v2\/comments?post=40715"}],"version-history":[{"count":1,"href":"https:\/\/euapp01.newsmemory.com\/lamarseillaise\/news\/wp-json\/wp\/v2\/posts\/40715\/revisions"}],"predecessor-version":[{"id":40717,"href":"https:\/\/euapp01.newsmemory.com\/lamarseillaise\/news\/wp-json\/wp\/v2\/posts\/40715\/revisions\/40717"}],"wp:featuredmedia":[{"embeddable":true,"href":"https:\/\/euapp01.newsmemory.com\/lamarseillaise\/news\/wp-json\/wp\/v2\/media\/40716"}],"wp:attachment":[{"href":"https:\/\/euapp01.newsmemory.com\/lamarseillaise\/news\/wp-json\/wp\/v2\/media?parent=40715"}],"wp:term":[{"taxonomy":"category","embeddable":true,"href":"https:\/\/euapp01.newsmemory.com\/lamarseillaise\/news\/wp-json\/wp\/v2\/categories?post=40715"},{"taxonomy":"post_tag","embeddable":true,"href":"https:\/\/euapp01.newsmemory.com\/lamarseillaise\/news\/wp-json\/wp\/v2\/tags?post=40715"},{"taxonomy":"news-destination","embeddable":true,"href":"https:\/\/euapp01.newsmemory.com\/lamarseillaise\/news\/wp-json\/wp\/v2\/news-destination?post=40715"},{"taxonomy":"news-source","embeddable":true,"href":"https:\/\/euapp01.newsmemory.com\/lamarseillaise\/news\/wp-json\/wp\/v2\/news-source?post=40715"},{"taxonomy":"is_homepage","embeddable":true,"href":"https:\/\/euapp01.newsmemory.com\/lamarseillaise\/news\/wp-json\/wp\/v2\/is_homepage?post=40715"},{"taxonomy":"ta_other","embeddable":true,"href":"https:\/\/euapp01.newsmemory.com\/lamarseillaise\/news\/wp-json\/wp\/v2\/ta_other?post=40715"}],"curies":[{"name":"wp","href":"https:\/\/api.w.org\/{rel}","templated":true}]}}