{"id":40706,"date":"2026-08-29T09:36:00","date_gmt":"2026-08-29T07:36:00","guid":{"rendered":"https:\/\/euapp01.newsmemory.com\/lamarseillaise\/news\/?p=40706"},"modified":"2026-08-29T10:13:59","modified_gmt":"2026-08-29T08:13:59","slug":"kerfah-face-benmostefa-pour-une-affiche-royale-au-provencal","status":"publish","type":"post","link":"https:\/\/euapp01.newsmemory.com\/lamarseillaise\/news\/2026\/08\/29\/kerfah-face-benmostefa-pour-une-affiche-royale-au-provencal\/","title":{"rendered":"Kerfah face Benmostefa pour une affiche royale au Proven\u00e7al"},"content":{"rendered":"<div class=\"paragraph\">\n<p>Ils sont venus, ils sont tous l\u00e0 les grands noms du Proven\u00e7al pour attaquer cette avant-derni\u00e8re journ\u00e9e qui va ouvrir les portes du dernier carr\u00e9. Il faudra faire preuve de patience, adresse et condition physique pour l&#8217;atteindre.<\/p>\n<p>Et oui le Proven\u00e7al a chang\u00e9 de formule avec trois parties par jour qui usent les organismes. Herv\u00e9 Fontani vainqueur vendredi soir avec Enzo Paolucci et Juan Lopez \u00e9tait \u00e9prouv\u00e9. \u00ab\u00a0<i>Je prends de l&#8217;\u00e2ge et la fatigue se fait de plus en plus sentir. Il y a aussi le c\u00f4t\u00e9 \u00e9motionnel qui joue. J&#8217;ai perdu mon neveu il y a quelques mois et nous portant un tee-shirt \u00e0 son effigie J&#8217;aimerais tant rentrer dans le dernier carr\u00e9 pour lui<\/i>\u00a0\u00bb.<\/p>\n<p>Dans les combats des chefs l&#8217;\u00e9quipe Provins, Jean, Dusaillant a eu son quota. Depuis dimanche ils prennent des gros morceaux. Vendredi ils ont commenc\u00e9 avec Alain Vincensini, Manu Kerfah et Julien Aguero (13 \u00e0 11) avant de punir la famille Lombardi.<\/p>\n<p>Ils seront aussi pr\u00e9sents \u00e0 l\u2019entame des 8<sup>es<\/sup>\u00a0de finale. Au rayon suspense Salle, Valdes, Stievenart, en connaissent un rayon. Men\u00e9s 5 \u00e0 12 par Tony Lafleur, ils ont su renverser la valeur apr\u00e8s que leurs adversaires n&#8217;aient pas su conclure. On les retrouve aujourd&#8217;hui dans la derni\u00e8re ligne droite.<\/p>\n<p>Les qualifications de Christophe Kerfah et Julien Martinez assez facile et celle de Fabrice Rouvin, Thierry Terreno, Mohamed Benmostefa un peu plus compliqu\u00e9e entrent dans la logique des choses.<\/p>\n<p>Le coup de tonnerre est arriv\u00e9 au tirage au sort avec une opposition entre les deux \u00e9quipes. C&#8217;est le choc des titans avec cinq repr\u00e9sentants de l&#8217;\u00e9quipe de France. La confrontation des chefs que les amateurs auraient voulu voir un peu plus tard. Partenaires souvent adversaires aujourd&#8217;hui les deux \u00e9quipes se tiennent. Qui va remporter la bataille royale. Le r\u00f4le des pointeurs va \u00eatre d\u00e9cisif. Qui de Rouvin ou de Martello prendra le dessus. Autant de questions qui trouveront r\u00e9ponse aujourd&#8217;hui fin de matin\u00e9e.<\/p>\n<p>L&#8217;opposition reine peut occulter les autres parties mais il reste du beau monde. \u00c0 l\u2019heure o\u00f9 nous \u00e9crivons ces lignes des parties n&#8217;\u00e9taient pas termin\u00e9es. On enregistrait toutefois la qualification de J\u00e9r\u00f4me Estrang une vieille connaissance. Celle \u00e9galement de Jean Pierre Masia le champion d\u00e9partemental triplette. Les deux capitaines d&#8217;\u00e9quipe seront oppos\u00e9s ce matin.<\/p>\n<p>Nous voil\u00e0 lanc\u00e9s dans un sprint final haletant avec un suspense et une tension qui seront \u00e0 leur combler cet apr\u00e8s-midi pour atteindre le dernier carr\u00e9 de l&#8217;\u00e9preuve reine du jeu proven\u00e7al.<\/p>\n<\/p><\/div>\n","protected":false},"excerpt":{"rendered":"Ils sont venus, ils sont tous l&agrave; les grands noms du Proven&ccedil;al pour attaquer cette avant-derni&egrave;re journ&eacute;e qui va ouvrir les portes du dernier carr&eacute;. Il faudra faire preuve de patience, adresse et condition physique &#8230;","protected":false},"author":1,"featured_media":40707,"comment_status":"open","ping_status":"open","sticky":false,"template":"","format":"standard","meta":{"footnotes":""},"categories":[7],"tags":[5503,10,1161,3047,5112,16,1013],"news-destination":[],"news-source":[475],"is_homepage":[],"ta_other":[],"class_list":["post-40706","post","type-post","status-publish","format-standard","has-post-thumbnail","hentry","category-sports","tag-borely","tag-bouches-du-rhone","tag-boules","tag-competition-sportive","tag-le-provencal","tag-marseille","tag-petanque","news-source-website"],"_links":{"self":[{"href":"https:\/\/euapp01.newsmemory.com\/lamarseillaise\/news\/wp-json\/wp\/v2\/posts\/40706","targetHints":{"allow":["GET"]}}],"collection":[{"href":"https:\/\/euapp01.newsmemory.com\/lamarseillaise\/news\/wp-json\/wp\/v2\/posts"}],"about":[{"href":"https:\/\/euapp01.newsmemory.com\/lamarseillaise\/news\/wp-json\/wp\/v2\/types\/post"}],"author":[{"embeddable":true,"href":"https:\/\/euapp01.newsmemory.com\/lamarseillaise\/news\/wp-json\/wp\/v2\/users\/1"}],"replies":[{"embeddable":true,"href":"https:\/\/euapp01.newsmemory.com\/lamarseillaise\/news\/wp-json\/wp\/v2\/comments?post=40706"}],"version-history":[{"count":1,"href":"https:\/\/euapp01.newsmemory.com\/lamarseillaise\/news\/wp-json\/wp\/v2\/posts\/40706\/revisions"}],"predecessor-version":[{"id":40708,"href":"https:\/\/euapp01.newsmemory.com\/lamarseillaise\/news\/wp-json\/wp\/v2\/posts\/40706\/revisions\/40708"}],"wp:featuredmedia":[{"embeddable":true,"href":"https:\/\/euapp01.newsmemory.com\/lamarseillaise\/news\/wp-json\/wp\/v2\/media\/40707"}],"wp:attachment":[{"href":"https:\/\/euapp01.newsmemory.com\/lamarseillaise\/news\/wp-json\/wp\/v2\/media?parent=40706"}],"wp:term":[{"taxonomy":"category","embeddable":true,"href":"https:\/\/euapp01.newsmemory.com\/lamarseillaise\/news\/wp-json\/wp\/v2\/categories?post=40706"},{"taxonomy":"post_tag","embeddable":true,"href":"https:\/\/euapp01.newsmemory.com\/lamarseillaise\/news\/wp-json\/wp\/v2\/tags?post=40706"},{"taxonomy":"news-destination","embeddable":true,"href":"https:\/\/euapp01.newsmemory.com\/lamarseillaise\/news\/wp-json\/wp\/v2\/news-destination?post=40706"},{"taxonomy":"news-source","embeddable":true,"href":"https:\/\/euapp01.newsmemory.com\/lamarseillaise\/news\/wp-json\/wp\/v2\/news-source?post=40706"},{"taxonomy":"is_homepage","embeddable":true,"href":"https:\/\/euapp01.newsmemory.com\/lamarseillaise\/news\/wp-json\/wp\/v2\/is_homepage?post=40706"},{"taxonomy":"ta_other","embeddable":true,"href":"https:\/\/euapp01.newsmemory.com\/lamarseillaise\/news\/wp-json\/wp\/v2\/ta_other?post=40706"}],"curies":[{"name":"wp","href":"https:\/\/api.w.org\/{rel}","templated":true}]}}