{"id":40700,"date":"2026-08-29T09:39:00","date_gmt":"2026-08-29T07:39:00","guid":{"rendered":"https:\/\/euapp01.newsmemory.com\/lamarseillaise\/news\/?p=40700"},"modified":"2026-08-31T09:13:52","modified_gmt":"2026-08-31T07:13:52","slug":"le-ps-fait-sa-rentree-a-blois-la-primaire-dans-le-viseur","status":"publish","type":"post","link":"https:\/\/euapp01.newsmemory.com\/lamarseillaise\/news\/2026\/08\/29\/le-ps-fait-sa-rentree-a-blois-la-primaire-dans-le-viseur\/","title":{"rendered":"Le PS fait sa rentr\u00e9e \u00e0 Blois, la primaire dans le viseur"},"content":{"rendered":"<div class=\"paragraph\">\n<p>C\u2019est la rentr\u00e9e pour le Parti socialiste. Cadres, \u00e9lus et militants se retrouvent \u00e0 Blois, pour le CamPuS, universit\u00e9 d\u2019\u00e9t\u00e9 du parti \u00e0 la rose. \u00c0 huit mois de l\u2019\u00e9lection pr\u00e9sidentielle, celle-ci est dans toutes les t\u00eates \u00e0 mesure que les candidats \u00e0 la primaire du p\u00f4le social-d\u00e9mocrate se d\u00e9voilent. Le scrutin, pr\u00e9vu les 9-10\u00a0et 16-17\u00a0octobre, a d\u00e9j\u00e0 son favori\u00a0: Rapha\u00ebl Glucksmann. L\u2019eurod\u00e9put\u00e9 et leader de Place Publique encha\u00eene les apparitions m\u00e9diatiques et les ralliements \u00e0 l\u2019aile droite du PS. De Carole Delga, la pr\u00e9sidente de la r\u00e9gion Occitanie aux maires de Rouen et de Montpellier, Nicolas Mayer-Rossignol et Micha\u00ebl Delafosse, des opposants revendiqu\u00e9s \u00e0 la direction actuelle du parti. De m\u00eame que le pr\u00e9sident du groupe socialiste \u00e0 l\u2019Assembl\u00e9e nationale, Boris Vallaud\u00a0: \u00ab\u00a0<i>il est le choix de la victoire, \u00e0 la condition que cette victoire soit pr\u00e9par\u00e9e par un projet commun, un contrat de l\u00e9gislature, une \u00e9quipe et une majorit\u00e9 capables de gouverner durablement. Comme militant, comme socialiste, comme responsable d\u2019un courant qui aspire \u00e0 unir les id\u00e9es et les \u00eatres<\/i>\u00a0\u00bb<i>, <\/i>justifie le d\u00e9put\u00e9 des Landes dans une tribune.<\/p>\n<p>\u00c0 ce stade, les autres candidats d\u00e9clar\u00e9s \u00e0 cette primaire sont les d\u00e9put\u00e9s Philippe Brun et J\u00e9r\u00f4me Guedj et l\u2019ancienne candidate \u00e0 l\u2019\u00e9lection pr\u00e9sidentielle de 2007 S\u00e9gol\u00e8ne Royal. La Gauche r\u00e9publicaine et socialiste (GRS), repr\u00e9sent\u00e9e par l\u2019un de ses fondateurs Emmanuel Maurel, participera \u00e9galement \u00e0 ce scrutin. Si le maire de Saint-Ouen s\u2019est d\u00e9clar\u00e9 candidat \u00e0 la pr\u00e9sidence, il n\u2019entend pas passer par la case primaire. M\u00eame son de cloche pour Fran\u00e7ois Hollande, qui s\u2019estime au-dessus de la m\u00eal\u00e9e\u00a0: \u00ab\u00a0<i>il se trouve que je suis un ancien pr\u00e9sident. Je m\u2019adresse peut-\u00eatre plus largement. Je consid\u00e8re que pour cette \u00e9lection, il va falloir aller au-del\u00e0 des formations politiques. Il faut chercher l\u2019union, une union avec les \u00e9lectrices et les \u00e9lecteurs<\/i><i>\u00a0<\/i>\u00bb, dit-il.<\/p>\n<\/p><\/div>\n<div class=\"intext\"> Faure veut l\u2019union avec<br \/>\n               <br \/>les \u00e9colos, tiraill\u00e9s\n              <\/div>\n<div class=\"paragraph\">\n<p>La candidature du Premier secr\u00e9taire du parti Olivier Faure fait peu de doutes. Il a jusqu\u2019au 15\u00a0septembre pour se d\u00e9clarer. Vendredi, il s\u2019est pr\u00e9sent\u00e9 \u00e0 Blois entour\u00e9 de ses soutiens, parmi lesquels la maire de Nantes Johanna Rolland, le pr\u00e9sident de Seine-Saint-Denis St\u00e9phane Troussel, la d\u00e9put\u00e9e Dieynaba Diop et l\u2019eurod\u00e9put\u00e9 Pierre Jouvet, pour ne citer qu\u2019eux. \u00ab\u00a0<i>Le Parti socialiste a quelque chose \u00e0 dire dans cette \u00e9lection pr\u00e9sidentielle, nous allons \u00eatre la surprise<\/i><i>\u00a0<\/i>\u00bb, veut croire le chef des Roses. Ce dernier pousse toujours pour un rassemblement. \u00ab<i>Il n\u2019y a pas de victoire possible sans les \u00c9cologistes. Il n\u2019y a pas demain de majorit\u00e9 possible sans les \u00c9cologistes. C\u2019est vrai \u00e0 l\u2019\u00e9chelle locale et nationale. Je ferais tout ce qui est en mon pouvoir pour qu\u2019on puisse se retrouver et se rassembler<\/i><i>\u00a0<\/i>\u00bb, mart\u00e8le Olivier Faure, arriv\u00e9 au CamPuS, avec la d\u00e9put\u00e9e \u00e9cologiste L\u00e9a Balage\u00a0El\u00a0Mariky et la cheffe du groupe \u00e0 l\u2019Assembl\u00e9e nationale Cyrielle Chatelain. Cette derni\u00e8re a par ailleurs fait une apparition tr\u00e8s remarqu\u00e9e la semaine pass\u00e9e aux Amfis, universit\u00e9 d\u2019\u00e9t\u00e9 de LFI, aux c\u00f4t\u00e9s du leader du mouvement Jean-Luc M\u00e9lenchon. Quand le s\u00e9nateur et ex-candidat \u00e0 l\u2019\u00c9lys\u00e9e Yannick Jadot a apport\u00e9 son soutien au patron de Place Publique. Les \u00e9colos sont, une nouvelle fois, tiraill\u00e9s entre deux camps. Les huit mois qui suivent diront s\u2019ils peuvent changer la donne.<\/p>\n<\/p><\/div>\n","protected":false},"excerpt":{"rendered":"C&rsquo;est la rentr&eacute;e pour le Parti socialiste. Cadres, &eacute;lus et militants se retrouvent &agrave; Blois, pour le CamPuS, universit&eacute; d&rsquo;&eacute;t&eacute; du parti &agrave; la rose. &Agrave; huit mois de &#8230;","protected":false},"author":1,"featured_media":40701,"comment_status":"open","ping_status":"open","sticky":false,"template":"","format":"standard","meta":{"footnotes":""},"categories":[918,3926,3925,1854,330],"tags":[826,879,827,5483,572,540,4437,573,6336,304,742,769,580,552,677,1927,613,6335,194,6334],"news-destination":[3944],"news-source":[475],"is_homepage":[],"ta_other":[],"class_list":["post-40700","post","type-post","status-publish","format-standard","has-post-thumbnail","hentry","category-accueil","category-accueil-merge","category-accueil-third","category-france","category-politique","tag-boris-vallaud","tag-carole-delga","tag-cyrielle-chatelain","tag-emmanuel-maurel","tag-france","tag-gauche","tag-gauche-republicaine-et-socialiste","tag-jean-luc-melenchon","tag-jerome-guedj","tag-les-ecologistes","tag-michael-delafosse","tag-olivier-faure","tag-parti-socialiste","tag-place-publique","tag-presidentielle","tag-raphael-glucksmann","tag-rassemblement","tag-segolene-royal","tag-social","tag-yannick-jadot","news-destination-homepage","news-source-website"],"_links":{"self":[{"href":"https:\/\/euapp01.newsmemory.com\/lamarseillaise\/news\/wp-json\/wp\/v2\/posts\/40700","targetHints":{"allow":["GET"]}}],"collection":[{"href":"https:\/\/euapp01.newsmemory.com\/lamarseillaise\/news\/wp-json\/wp\/v2\/posts"}],"about":[{"href":"https:\/\/euapp01.newsmemory.com\/lamarseillaise\/news\/wp-json\/wp\/v2\/types\/post"}],"author":[{"embeddable":true,"href":"https:\/\/euapp01.newsmemory.com\/lamarseillaise\/news\/wp-json\/wp\/v2\/users\/1"}],"replies":[{"embeddable":true,"href":"https:\/\/euapp01.newsmemory.com\/lamarseillaise\/news\/wp-json\/wp\/v2\/comments?post=40700"}],"version-history":[{"count":1,"href":"https:\/\/euapp01.newsmemory.com\/lamarseillaise\/news\/wp-json\/wp\/v2\/posts\/40700\/revisions"}],"predecessor-version":[{"id":40702,"href":"https:\/\/euapp01.newsmemory.com\/lamarseillaise\/news\/wp-json\/wp\/v2\/posts\/40700\/revisions\/40702"}],"wp:featuredmedia":[{"embeddable":true,"href":"https:\/\/euapp01.newsmemory.com\/lamarseillaise\/news\/wp-json\/wp\/v2\/media\/40701"}],"wp:attachment":[{"href":"https:\/\/euapp01.newsmemory.com\/lamarseillaise\/news\/wp-json\/wp\/v2\/media?parent=40700"}],"wp:term":[{"taxonomy":"category","embeddable":true,"href":"https:\/\/euapp01.newsmemory.com\/lamarseillaise\/news\/wp-json\/wp\/v2\/categories?post=40700"},{"taxonomy":"post_tag","embeddable":true,"href":"https:\/\/euapp01.newsmemory.com\/lamarseillaise\/news\/wp-json\/wp\/v2\/tags?post=40700"},{"taxonomy":"news-destination","embeddable":true,"href":"https:\/\/euapp01.newsmemory.com\/lamarseillaise\/news\/wp-json\/wp\/v2\/news-destination?post=40700"},{"taxonomy":"news-source","embeddable":true,"href":"https:\/\/euapp01.newsmemory.com\/lamarseillaise\/news\/wp-json\/wp\/v2\/news-source?post=40700"},{"taxonomy":"is_homepage","embeddable":true,"href":"https:\/\/euapp01.newsmemory.com\/lamarseillaise\/news\/wp-json\/wp\/v2\/is_homepage?post=40700"},{"taxonomy":"ta_other","embeddable":true,"href":"https:\/\/euapp01.newsmemory.com\/lamarseillaise\/news\/wp-json\/wp\/v2\/ta_other?post=40700"}],"curies":[{"name":"wp","href":"https:\/\/api.w.org\/{rel}","templated":true}]}}