{"id":40697,"date":"2026-08-29T09:47:00","date_gmt":"2026-08-29T07:47:00","guid":{"rendered":"https:\/\/euapp01.newsmemory.com\/lamarseillaise\/news\/?p=40697"},"modified":"2026-08-31T08:38:16","modified_gmt":"2026-08-31T06:38:16","slug":"week-end-le-secours-populaire-fete-90-ans-de-conges-payes","status":"publish","type":"post","link":"https:\/\/euapp01.newsmemory.com\/lamarseillaise\/news\/2026\/08\/29\/week-end-le-secours-populaire-fete-90-ans-de-conges-payes\/","title":{"rendered":"[Week-end] Le Secours populaire f\u00eate 90 ans de cong\u00e9s pay\u00e9s"},"content":{"rendered":"<div class=\"paragraph\">\n<p>Pour c\u00e9l\u00e9brer les 90\u00a0ans des cong\u00e9s pay\u00e9s, mais aussi tous les autres acquis sociaux obtenus de haute-lutte par le Front Populaire et ses mobilisations sociales en\u00a01936, les comit\u00e9s du Secours Populaire des \u00c9crins proposent une s\u00e9rie de r\u00e9jouissances ce samedi. \u00c0 partir de 14h au parc de la Schappe de Brian\u00e7on, sont pr\u00e9vues des animations pour les enfants. Rien de moins qu\u2019une maquilleuse, un magicien, des contes, un jongleur, et un jeu de bulles g\u00e9antes viendront divertir les petits (et aussi les grands qui le souhaitent).<\/p>\n<p>La fanfare invisible et Jean-Christophe Keck, accord\u00e9oniste, saupoudreront le tout d\u2019un style guinguette qui donnera le rythme aux r\u00e9jouissances, tandis que La chorale des tournesols, entonnera les airs en vogue parmi les gr\u00e9vistes de 1936, comme <i>Tout va bien Madame la marquise<\/i> ou <i>Le temps des cerises<\/i>. Le but est d\u2019\u00e9voquer l\u2019imagerie de 1936. Pour cela, un espace \u00ab\u00a0d\u00e9co 1936\u00a0\u00bb sera am\u00e9nag\u00e9 avec des objets d\u2019\u00e9poque, v\u00e9los ou parasols, tir\u00e9s des brocantes locales et qui rappellent cette \u00e9poque des premi\u00e8res vacances de la classe ouvri\u00e8re.<\/p>\n<p><b>Un \u00e9v\u00e8nement<\/b><b> \u00ab<\/b><b>\u00a0<\/b><b>revendicatif<\/b><b>\u00a0<\/b><b>\u00bb<\/b><\/p>\n<p>\u00ab\u00a0<i>On axe bien s\u00fbr sur les 90<\/i><i>\u00a0<\/i><i>ans des cong\u00e9s pay\u00e9s mais le Front Populaire, c\u2019est aussi les conventions collectives dans les entreprises, la semaine de 40<\/i><i>\u00a0<\/i><i>heures et tout plein de droits obtenus, <\/i>affirme Josiane Pinault, tr\u00e9sori\u00e8re du comit\u00e9 du pays des \u00c9crins. <i>M\u00eame si le Secours Populaire pr\u00f4ne son ind\u00e9pendance totale des partis politiques, dans un contexte actuel o\u00f9 on essaye bien souvent de nous grignoter nos droits, on ne cache pas que cet \u00e9v\u00e8nement est franchement revendicatif. Le Secours Populaire a quand m\u00eame \u00e9t\u00e9 cr\u00e9\u00e9 en<\/i><i>\u00a0<\/i><i>1945 par des communistes qui faisaient partie de la R\u00e9sistance.<\/i><i>\u00a0<\/i><i>\u00bb<\/i> Sur place, sont invit\u00e9s les historiens et professeurs d\u2019histoire de l\u2019Institut d\u2019Histoire Sociale de la CGT, pour apporter du contexte et historique et aider les familles qui se verront distribuer des petits quiz et questionnaires sur l\u2019histoire du Front Populaire.<\/p>\n<p>La semaine suivante, \u00e0 l\u2019Argenti\u00e8re-la-Bess\u00e9e, ouvre une exposition qui documente les gr\u00e8ves de\u00a01936 dans la ville, qui a longtemps v\u00e9cu au rythme de l\u2019usine d\u2019aluminium de Pechiney, aujourd\u2019hui en friche. Le 7\u00a0novembre sera aussi diffus\u00e9 au cin\u00e9ma local l\u2019Eau vive de l\u2019Argenti\u00e8re le film <i>La rage au c\u0153ur<\/i>, de Pierre Verquin, qui revient sur les gr\u00e8ves de 1936.<\/p>\n<\/p><\/div>\n","protected":false},"excerpt":{"rendered":"Pour c&eacute;l&eacute;brer les 90&nbsp;ans des cong&eacute;s pay&eacute;s, mais aussi tous les autres acquis sociaux obtenus de haute-lutte par le Front Populaire et ses mobilisations sociales en&nbsp;1936, les comit&eacute;s du Secours Populaire &#8230;","protected":false},"author":1,"featured_media":40698,"comment_status":"open","ping_status":"open","sticky":false,"template":"","format":"standard","meta":{"footnotes":""},"categories":[918,3926,3925,20],"tags":[4768,113,466,3111,1056,876,561,2352,4253,912,260,2552,988,2001],"news-destination":[3944],"news-source":[475],"is_homepage":[],"ta_other":[],"class_list":["post-40697","post","type-post","status-publish","format-standard","has-post-thumbnail","hentry","category-accueil","category-accueil-merge","category-accueil-third","category-societe","tag-alpes","tag-cgt","tag-fete","tag-front-populaire","tag-grande-braderie","tag-greve","tag-mobilisations","tag-ouvriers","tag-resistants","tag-secours-populaire","tag-solidarite","tag-velos","tag-week-end","tag-weekend","news-destination-homepage","news-source-website"],"_links":{"self":[{"href":"https:\/\/euapp01.newsmemory.com\/lamarseillaise\/news\/wp-json\/wp\/v2\/posts\/40697","targetHints":{"allow":["GET"]}}],"collection":[{"href":"https:\/\/euapp01.newsmemory.com\/lamarseillaise\/news\/wp-json\/wp\/v2\/posts"}],"about":[{"href":"https:\/\/euapp01.newsmemory.com\/lamarseillaise\/news\/wp-json\/wp\/v2\/types\/post"}],"author":[{"embeddable":true,"href":"https:\/\/euapp01.newsmemory.com\/lamarseillaise\/news\/wp-json\/wp\/v2\/users\/1"}],"replies":[{"embeddable":true,"href":"https:\/\/euapp01.newsmemory.com\/lamarseillaise\/news\/wp-json\/wp\/v2\/comments?post=40697"}],"version-history":[{"count":1,"href":"https:\/\/euapp01.newsmemory.com\/lamarseillaise\/news\/wp-json\/wp\/v2\/posts\/40697\/revisions"}],"predecessor-version":[{"id":40699,"href":"https:\/\/euapp01.newsmemory.com\/lamarseillaise\/news\/wp-json\/wp\/v2\/posts\/40697\/revisions\/40699"}],"wp:featuredmedia":[{"embeddable":true,"href":"https:\/\/euapp01.newsmemory.com\/lamarseillaise\/news\/wp-json\/wp\/v2\/media\/40698"}],"wp:attachment":[{"href":"https:\/\/euapp01.newsmemory.com\/lamarseillaise\/news\/wp-json\/wp\/v2\/media?parent=40697"}],"wp:term":[{"taxonomy":"category","embeddable":true,"href":"https:\/\/euapp01.newsmemory.com\/lamarseillaise\/news\/wp-json\/wp\/v2\/categories?post=40697"},{"taxonomy":"post_tag","embeddable":true,"href":"https:\/\/euapp01.newsmemory.com\/lamarseillaise\/news\/wp-json\/wp\/v2\/tags?post=40697"},{"taxonomy":"news-destination","embeddable":true,"href":"https:\/\/euapp01.newsmemory.com\/lamarseillaise\/news\/wp-json\/wp\/v2\/news-destination?post=40697"},{"taxonomy":"news-source","embeddable":true,"href":"https:\/\/euapp01.newsmemory.com\/lamarseillaise\/news\/wp-json\/wp\/v2\/news-source?post=40697"},{"taxonomy":"is_homepage","embeddable":true,"href":"https:\/\/euapp01.newsmemory.com\/lamarseillaise\/news\/wp-json\/wp\/v2\/is_homepage?post=40697"},{"taxonomy":"ta_other","embeddable":true,"href":"https:\/\/euapp01.newsmemory.com\/lamarseillaise\/news\/wp-json\/wp\/v2\/ta_other?post=40697"}],"curies":[{"name":"wp","href":"https:\/\/api.w.org\/{rel}","templated":true}]}}