{"id":40694,"date":"2026-08-29T09:28:00","date_gmt":"2026-08-29T07:28:00","guid":{"rendered":"https:\/\/euapp01.newsmemory.com\/lamarseillaise\/news\/?p=40694"},"modified":"2026-08-30T23:16:17","modified_gmt":"2026-08-30T21:16:17","slug":"monaco-et-leurope-au-menu-des-olympiens","status":"publish","type":"post","link":"https:\/\/euapp01.newsmemory.com\/lamarseillaise\/news\/2026\/08\/29\/monaco-et-leurope-au-menu-des-olympiens\/","title":{"rendered":"Monaco et l\u2019Europe au menu des Olympiens"},"content":{"rendered":"<div class=\"paragraph\">\n<p>Qui sera du voyage \u00e0 Monaco dimanche dans <br \/>le groupe de Bruno Genesio\u00a0?<\/p>\n<p>Pas Leo Balerdi, attendu \u00e0 Rome pour rejoindre la Roma. Et sans doute pas Igor Paix\u00e3o qui a accept\u00e9 une offre de Sunderland et a s\u00e9ch\u00e9 plusieurs s\u00e9ances d\u2019entra\u00eenement. Cela a raviv\u00e9 les inqui\u00e9tudes chez les supporters. D\u00e9j\u00e0 \u00e9chaud\u00e9s par les d\u00e9parts et l\u2019absence de recrue, la possibilit\u00e9 de voir le Br\u00e9silien changer d\u2019air inqui\u00e8te.<\/p>\n<p>Gregory Lorenzi fait des pieds et des mains pour \u00e9viter le d\u00e9part de celui qui devait \u00eatre le pendant \u00e0 gauche d\u2019Amine Gouiri. En marge du tirage au sort de la Ligue Europa, le directeur sportif olympien s\u2019est livr\u00e9 face aux m\u00e9dias pr\u00e9sents \u00e0 Monaco. \u00ab\u00a0<i>Igor est un joueur important pour l\u2019OM, nous avons envie de le conserver, forc\u00e9ment.<\/i>\u00bb<\/p>\n<p>N\u00e9anmoins, comme Bruno Genesio, il subit la pression de Frank McCourt, qui insiste pour poursuivre la vente de joueurs pour all\u00e9ger la masse salariale. C\u2019est pourquoi Gregory Lorenzi se montre fataliste. \u00ab\u00a0<i>Il y a une situation qui fait que nous n\u2019en aurons peut-\u00eatre pas la possibilit\u00e9. Nous allons nous battre pour faire le maximum et le garder \u00e0 l\u2019OM&#8230; L\u2019\u00e9quation est tr\u00e8s facile. M\u00eame si nous vendons un joueur, nous n\u2019aurons pas le droit d\u2019enregistrer une arriv\u00e9e, donc concr\u00e8tement, il faudrait qu\u2019il y ait plusieurs d\u00e9parts pour que nous puissions faire une arriv\u00e9e. Je ne sais pas si les gens comprennent bien la situation et le probl\u00e8me auquel nous sommes confront\u00e9s. C\u2019est pour \u00e7a que faire sortir Igor, c\u2019est difficile, parce que nous n\u2019aurons peut-\u00eatre pas la possibilit\u00e9 de le remplacer.<\/i><i>\u00a0<\/i>\u00bb<\/p>\n<p>Sur ce dossier, comme sur d\u2019\u00e9ventuelles arriv\u00e9es, les prochaines heures seront d\u00e9cisives. Le mercato fermant ses portes le 31\u00a0ao\u00fbt au soir.<\/p>\n<p>D\u2019ici l\u00e0, l\u2019OM aura \u00e0 d\u00e9fendre le fauteuil de leader que sa victoire initiale face \u00e0 Strasbourg lui a offert. Certes, \u00eatre premier de la classe au soit de la journ\u00e9e d\u2019ouverture peut para\u00eetre anecdotique. Mais la mani\u00e8re dont les Alsaciens ont \u00e9t\u00e9 balay\u00e9s au V\u00e9lodrome a permis de rassurer, au moins provisoirement, ceux qui ont l\u2019amour du club chevill\u00e9 au c\u0153ur.<\/p>\n<p>L\u2019OM qui, dimanche, effectue son premier d\u00e9placement chez son voisin Mon\u00e9gasque. Dans un stade Louis II o\u00f9 la d\u00e9faire est au rendez-vous sur les trois derni\u00e8res ann\u00e9es. La mission est donc de sortir de cette spirale, et envoyer un nouveau signal que, malgr\u00e9 les soucis, l\u2019\u00e9quipe reste soud\u00e9e et peut r\u00e9ussir de belles choses.<\/p>\n<p>Pour ce court voyage Bruno Genesio saura au dernier moment sur qui il peut compter. Notamment si Igor Paix\u00e3o sera toujours l\u00e0. Il n\u2019est pas le seul susceptible d\u2019\u00eatre ailleurs qu\u2019au pied du Rocher dimanche. N\u00e9anmoins, il y aura bien onze Phoc\u00e9ens sur la pelouse au coup d\u2019envoi. Et ces joueurs devront se montrer \u00e0 la hauteur de l\u2019enjeu qui les attend.<\/p>\n<p>\u00c0 savoir montrer que le succ\u00e8s face \u00e0 Strasbourg n\u2019est pas d\u00fb au hasard. Que l\u2019OM, m\u00eame dans une configuration diff\u00e9rente, peut encore surprendre. Que le fauteuil de leader, qui n\u2019est pas une fin en soi dans les premi\u00e8res journ\u00e9es d\u2019une saison, peut \u00eatre le catalyseur d\u2019ambitions.<\/p>\n<p>Surtout, r\u00e9ussir un r\u00e9sultat face \u00e0 Monaco, qui reste sur trois succ\u00e8s en autant de matches officiels (deux en barrage de Conf\u00e9rence europ\u00e9enne face au Gornik Zabrze et un succ\u00e8s au Havre lors de la premi\u00e8re journ\u00e9e) peut bonifier les choses. Et permettre \u00e0 ceux qui y contribueront de montrer qu\u2019ils ont le niveau pour aider l\u2019OM \u00e0 r\u00e9ussir une bonne saison, malgr\u00e9 les vicissitudes.<\/p>\n<p>Le collectif sera pass\u00e9 au crible dimanche. Et pour l\u2019OM, il s\u2019agira d\u2019un nouvel examen dont le r\u00e9sultat aura son importance.<\/p>\n<\/p><\/div>\n<div class=\"paragraph\">\n<p><i>2E JOURN\u00c9E <\/i><\/p>\n<p>Lille &#8211; PSG . . . . . . . . . . . . . . . . . tardif<\/p>\n<p>Strasbourg &#8211; Lens . . . . . . . . 17h15<\/p>\n<p>Brest &#8211; Toulouse . . . . . . . . 20h45<\/p>\n<p>Lyon &#8211; Le Havre . . . . . . . . . 20h45<\/p>\n<p>Auxerre &#8211; Angers . . . . . . . 20h45<\/p>\n<p>Lorient &#8211; Troyes . . . . . . . . 20h45<\/p>\n<p>Paris FC &#8211; Nice . . . . . dim 15h00<\/p>\n<p>Rennes &#8211; Le Mans . . dim 17h15<\/p>\n<p>Monaco &#8211; OM . . . . . . dim 20h45<\/p>\n<\/p><\/div>\n<div class=\"paragraph\">\n<p><b>REP\u00c8RES<\/b><\/p>\n<p><b>Leo Balerdi attendu \u00e0 Rome <\/b><\/p>\n<p>Si le dossier Igor Paix\u00e3o est encore en phase de discussion, celui de Leo Balerdi est en passe de se conclure. Le d\u00e9fenseur international Argentin (11s\u00e9lections), est attendu samedi matin \u00e0 Rome. Il doit rencontrer les dirigeants de la Roma et passer une visite m\u00e9dicale, pr\u00e9alable \u00e0 la signature d\u2019un nouveau contrat en faveur du club de S\u00e9rie Aitalienne.<\/p>\n<p><b>Le PSG sanctionn\u00e9<\/b><\/p>\n<p>Concernant la rencontre comptant pour la 1\u00e8re journ\u00e9e de Ligue 1PSG\u2013Rennes, qui a \u00e9t\u00e9 invers\u00e9e le 19 ao\u00fbt, la Commission des comp\u00e9titions de la LFP a d\u00e9cid\u00e9 d\u2019infliger une amende de 150 000\u20acau PSG en application de l\u2019article 501.4 du r\u00e8glementdes comp\u00e9titions de la LFP. Concernant la rencontre comptant pour la 23e journ\u00e9e de Ligue 1Rennes\u2013PSG, le match est invers\u00e9 et se tiendra au Parc des Princes.<\/p>\n<\/p><\/div>\n","protected":false},"excerpt":{"rendered":"Qui sera du voyage &agrave; Monaco dimanche dans le groupe de Bruno Genesio&nbsp;?","protected":false},"author":1,"featured_media":40695,"comment_status":"open","ping_status":"open","sticky":false,"template":"","format":"standard","meta":{"footnotes":""},"categories":[918,3926,3925,7],"tags":[10,13,4846,6333,1153,16,900,1152,1098,14,1828],"news-destination":[3944],"news-source":[475],"is_homepage":[],"ta_other":[],"class_list":["post-40694","post","type-post","status-publish","format-standard","has-post-thumbnail","hentry","category-accueil","category-accueil-merge","category-accueil-third","category-sports","tag-bouches-du-rhone","tag-football","tag-frank-mccourt","tag-gregory-lorenzi","tag-ligue-1","tag-marseille","tag-match","tag-mercato","tag-monaco","tag-om","tag-stade","news-destination-homepage","news-source-website"],"_links":{"self":[{"href":"https:\/\/euapp01.newsmemory.com\/lamarseillaise\/news\/wp-json\/wp\/v2\/posts\/40694","targetHints":{"allow":["GET"]}}],"collection":[{"href":"https:\/\/euapp01.newsmemory.com\/lamarseillaise\/news\/wp-json\/wp\/v2\/posts"}],"about":[{"href":"https:\/\/euapp01.newsmemory.com\/lamarseillaise\/news\/wp-json\/wp\/v2\/types\/post"}],"author":[{"embeddable":true,"href":"https:\/\/euapp01.newsmemory.com\/lamarseillaise\/news\/wp-json\/wp\/v2\/users\/1"}],"replies":[{"embeddable":true,"href":"https:\/\/euapp01.newsmemory.com\/lamarseillaise\/news\/wp-json\/wp\/v2\/comments?post=40694"}],"version-history":[{"count":1,"href":"https:\/\/euapp01.newsmemory.com\/lamarseillaise\/news\/wp-json\/wp\/v2\/posts\/40694\/revisions"}],"predecessor-version":[{"id":40696,"href":"https:\/\/euapp01.newsmemory.com\/lamarseillaise\/news\/wp-json\/wp\/v2\/posts\/40694\/revisions\/40696"}],"wp:featuredmedia":[{"embeddable":true,"href":"https:\/\/euapp01.newsmemory.com\/lamarseillaise\/news\/wp-json\/wp\/v2\/media\/40695"}],"wp:attachment":[{"href":"https:\/\/euapp01.newsmemory.com\/lamarseillaise\/news\/wp-json\/wp\/v2\/media?parent=40694"}],"wp:term":[{"taxonomy":"category","embeddable":true,"href":"https:\/\/euapp01.newsmemory.com\/lamarseillaise\/news\/wp-json\/wp\/v2\/categories?post=40694"},{"taxonomy":"post_tag","embeddable":true,"href":"https:\/\/euapp01.newsmemory.com\/lamarseillaise\/news\/wp-json\/wp\/v2\/tags?post=40694"},{"taxonomy":"news-destination","embeddable":true,"href":"https:\/\/euapp01.newsmemory.com\/lamarseillaise\/news\/wp-json\/wp\/v2\/news-destination?post=40694"},{"taxonomy":"news-source","embeddable":true,"href":"https:\/\/euapp01.newsmemory.com\/lamarseillaise\/news\/wp-json\/wp\/v2\/news-source?post=40694"},{"taxonomy":"is_homepage","embeddable":true,"href":"https:\/\/euapp01.newsmemory.com\/lamarseillaise\/news\/wp-json\/wp\/v2\/is_homepage?post=40694"},{"taxonomy":"ta_other","embeddable":true,"href":"https:\/\/euapp01.newsmemory.com\/lamarseillaise\/news\/wp-json\/wp\/v2\/ta_other?post=40694"}],"curies":[{"name":"wp","href":"https:\/\/api.w.org\/{rel}","templated":true}]}}