{"id":40690,"date":"2026-08-29T08:19:00","date_gmt":"2026-08-29T06:19:00","guid":{"rendered":"https:\/\/euapp01.newsmemory.com\/lamarseillaise\/news\/?p=40690"},"modified":"2026-08-29T12:25:41","modified_gmt":"2026-08-29T10:25:41","slug":"les-vents-du-sahara-enveloppent-les-alpes","status":"publish","type":"post","link":"https:\/\/euapp01.newsmemory.com\/lamarseillaise\/news\/2026\/08\/29\/les-vents-du-sahara-enveloppent-les-alpes\/","title":{"rendered":"Les vents du Sahara enveloppent les Alpes"},"content":{"rendered":"<div class=\"paragraph\">\n<p>Ce jeudi apr\u00e8s-midi depuis Gap, la silhouette de Charance baignait dans un voile brumeux, on devinait \u00e0 peine la falaise de C\u00e9use et les massifs du D\u00e9voluy avaient m\u00eame compl\u00e8tement disparu dans l\u2019horizon laiteux. De quoi susciter la curiosit\u00e9, voire l\u2019inqui\u00e9tude tant ce type de paysage est en g\u00e9n\u00e9ral le propre des saisons froides et des brouillards qu\u2019elles apportent. \u00ab<i>\u00a0<\/i><i>C\u2019est un flux du Sud qui nous am\u00e8ne de la masse d\u2019air venu d\u2019Afrique, un ph\u00e9nom\u00e8ne qu\u2019on a l\u2019habitude de voir assez r\u00e9guli\u00e8rement chaque ann\u00e9e<\/i>, explique S\u00e9bastien Mathiot, charg\u00e9 d\u2019action pour les territoires alpins chez AtmoSud. <i>Cette masse d\u2019air est chaude et charg\u00e9e de particules que l\u2019on dit d\u00e9sertiques. L\u2019Afrique est un vaste territoire, souvent sec, aride et dans ces territoires se forment des vents de sable, de terre et de tout un tas de choses. Une grande masse d\u2019air charg\u00e9e de particules vient donc d\u2019Afrique, traverse la M\u00e9diterran\u00e9e, se balade en quelque sorte, touche en g\u00e9n\u00e9ral la Corse d\u2019abord et nous derri\u00e8re.<\/i>\u00a0\u00bb<i><\/i><\/p>\n<p><i><\/i><\/p>\n<\/p><\/div>\n<div class=\"intext\"> \u00c9viter le sport en ext\u00e9rieur et les v\u00e9hicules polluants\n              <\/div>\n<div class=\"paragraph\">\n<p>Si le ph\u00e9nom\u00e8ne \u00e9tait pr\u00e9vu, les r\u00e9percussions au sol ont \u00e9t\u00e9 significativement plus importantes qu\u2019attendues. Cette masse de particules de terres d\u00e9sertiques a tendance \u00e0 rester en altitude, le ph\u00e9nom\u00e8ne s\u2019est en effet d\u2019abord manifest\u00e9 dans les hauteurs du Brian\u00e7onnais dans la journ\u00e9e de jeudi, puis les poussi\u00e8res sont redescendues plus bas en altitude, concernant une grande partie de la r\u00e9gion Paca, m\u00eame si les d\u00e9partements alpins sont les plus touch\u00e9s.<\/p>\n<p>Selon AtmoSud, il est encore difficile de pr\u00e9voir exactement pour combien de temps les poussi\u00e8res vont se maintenir, il convient dans tous les cas de prendre les pr\u00e9cautions n\u00e9cessaires. \u00ab\u00a0<i>\u00c7a a aussi une incidence sur la sant\u00e9, notamment les personnes fragiles, jeunes enfants, personnes \u00e2g\u00e9es et toutes les personnes qui ont des probl\u00e8mes respiratoires,<\/i> rappelle S\u00e9bastien Mathiot. <i>\u00c7a a beau \u00eatre des particules &#8220;naturelles&#8221;, \u00e7a reste des particules tr\u00e8s fines qui posent probl\u00e8me \u00e0 la sant\u00e9 quand m\u00eame. Il faut donc que tout un chacun \u00e9vite de rajouter encore plus de pollution et donc privil\u00e9gier les transports collectifs. \u00c9vitez aussi de faire une activit\u00e9 sportive intense.<\/i>\u00a0\u00bb<i><\/i><\/p>\n<\/p><\/div>\n","protected":false},"excerpt":{"rendered":"Ce jeudi apr&egrave;s-midi depuis Gap, la silhouette de Charance baignait dans un voile brumeux, on devinait &agrave; peine la falaise de C&eacute;use et les massifs du D&eacute;voluy avaient m&ecirc;me compl&egrave;tement disparu dans &#8230;","protected":false},"author":1,"featured_media":40691,"comment_status":"open","ping_status":"open","sticky":false,"template":"","format":"standard","meta":{"footnotes":""},"categories":[918,3926,3925,333,5237,20],"tags":[2967,4768,417,6332,1202,116,3174,1422,256,1395,2674],"news-destination":[3944],"news-source":[475],"is_homepage":[],"ta_other":[],"class_list":["post-40690","post","type-post","status-publish","format-standard","has-post-thumbnail","hentry","category-accueil","category-accueil-merge","category-accueil-third","category-environnement","category-locale","category-societe","tag-air","tag-alpes","tag-climat","tag-desertification","tag-meteo","tag-pollution","tag-qualite-de-lair","tag-risques-sanitaires","tag-sante","tag-temperatures","tag-vent","news-destination-homepage","news-source-website"],"_links":{"self":[{"href":"https:\/\/euapp01.newsmemory.com\/lamarseillaise\/news\/wp-json\/wp\/v2\/posts\/40690","targetHints":{"allow":["GET"]}}],"collection":[{"href":"https:\/\/euapp01.newsmemory.com\/lamarseillaise\/news\/wp-json\/wp\/v2\/posts"}],"about":[{"href":"https:\/\/euapp01.newsmemory.com\/lamarseillaise\/news\/wp-json\/wp\/v2\/types\/post"}],"author":[{"embeddable":true,"href":"https:\/\/euapp01.newsmemory.com\/lamarseillaise\/news\/wp-json\/wp\/v2\/users\/1"}],"replies":[{"embeddable":true,"href":"https:\/\/euapp01.newsmemory.com\/lamarseillaise\/news\/wp-json\/wp\/v2\/comments?post=40690"}],"version-history":[{"count":1,"href":"https:\/\/euapp01.newsmemory.com\/lamarseillaise\/news\/wp-json\/wp\/v2\/posts\/40690\/revisions"}],"predecessor-version":[{"id":40692,"href":"https:\/\/euapp01.newsmemory.com\/lamarseillaise\/news\/wp-json\/wp\/v2\/posts\/40690\/revisions\/40692"}],"wp:featuredmedia":[{"embeddable":true,"href":"https:\/\/euapp01.newsmemory.com\/lamarseillaise\/news\/wp-json\/wp\/v2\/media\/40691"}],"wp:attachment":[{"href":"https:\/\/euapp01.newsmemory.com\/lamarseillaise\/news\/wp-json\/wp\/v2\/media?parent=40690"}],"wp:term":[{"taxonomy":"category","embeddable":true,"href":"https:\/\/euapp01.newsmemory.com\/lamarseillaise\/news\/wp-json\/wp\/v2\/categories?post=40690"},{"taxonomy":"post_tag","embeddable":true,"href":"https:\/\/euapp01.newsmemory.com\/lamarseillaise\/news\/wp-json\/wp\/v2\/tags?post=40690"},{"taxonomy":"news-destination","embeddable":true,"href":"https:\/\/euapp01.newsmemory.com\/lamarseillaise\/news\/wp-json\/wp\/v2\/news-destination?post=40690"},{"taxonomy":"news-source","embeddable":true,"href":"https:\/\/euapp01.newsmemory.com\/lamarseillaise\/news\/wp-json\/wp\/v2\/news-source?post=40690"},{"taxonomy":"is_homepage","embeddable":true,"href":"https:\/\/euapp01.newsmemory.com\/lamarseillaise\/news\/wp-json\/wp\/v2\/is_homepage?post=40690"},{"taxonomy":"ta_other","embeddable":true,"href":"https:\/\/euapp01.newsmemory.com\/lamarseillaise\/news\/wp-json\/wp\/v2\/ta_other?post=40690"}],"curies":[{"name":"wp","href":"https:\/\/api.w.org\/{rel}","templated":true}]}}