{"id":40687,"date":"2026-08-29T08:25:00","date_gmt":"2026-08-29T06:25:00","guid":{"rendered":"https:\/\/euapp01.newsmemory.com\/lamarseillaise\/news\/?p=40687"},"modified":"2026-08-30T20:26:43","modified_gmt":"2026-08-30T18:26:43","slug":"a-pra-loup-les-habitants-prives-deau-potable","status":"publish","type":"post","link":"https:\/\/euapp01.newsmemory.com\/lamarseillaise\/news\/2026\/08\/29\/a-pra-loup-les-habitants-prives-deau-potable\/","title":{"rendered":"\u00c0 Pra Loup, les habitants priv\u00e9s d\u2019eau potable"},"content":{"rendered":"<div class=\"paragraph\">\n<p>Priv\u00e9s d\u2019eau potable depuis plus de deux semaines \u00e0 la suite d\u2019intemp\u00e9ries d\u2019une ampleur exceptionnelle, les vacanciers de la station de ski de Pra Loup et les habitants d\u2019Uvernet-Fours vont encore devoir tenir une semaine avant de retrouver l\u2019eau courante \u00ab\u00a0<i>en fin de semaine prochaine<\/i><i>\u00a0<\/i>\u00bb, selon la Saur, la compagnie des eaux.<\/p>\n<p>\u00ab\u00a0<i>Il y a eu des \u00e9pisodes de s\u00e9cheresse en amont, coupl\u00e9s aux \u00e9v\u00e9nements orageux qui en montagne sont assez violents. L\u00e0, ils ont \u00e9t\u00e9 tr\u00e8s violents et tr\u00e8s localis\u00e9s. \u00c7a a contribu\u00e9 \u00e0 cette situation qui est exceptionnelle. On ne l\u2019a jamais observ\u00e9e dans cette ampleur dans la r\u00e9gion Paca<\/i><i>\u00a0<\/i>\u00bb, souligne M\u00e9lanie Teyssier, directrice r\u00e9gionale des exploitations Saur. \u00ab\u00a0<i>Il y a eu des intemp\u00e9ries d\u2019une ampleur exceptionnelle et de tr\u00e8s grosses crues, qui ont modifi\u00e9 le lit du Bachelard, qui a descendu de plus d\u20191m50. Cela a fait descendre les niveaux des nappes, et donc on n\u2019arrivait plus \u00e0 pomper<\/i><i>\u00a0<\/i>\u00bb, d\u00e9taille St\u00e9phane Bertin, chef de secteur pour la Saur. Le 9\u00a0ao\u00fbt, au moment de l\u2019orage, s\u2019inscrit dans une p\u00e9riode o\u00f9 la station de ski est particuli\u00e8rement fr\u00e9quent\u00e9e par les touristes et les propri\u00e9taires de maisons secondaires marseillais, aixois ou encore parisiens. \u00ab\u00a0<i>On devait avoir entre 10<\/i><i>\u00a0<\/i><i>000<\/i><i>\u00a0<\/i><i>et 15<\/i><i>\u00a0<\/i><i>000<\/i><i>\u00a0<\/i><i>personnes sur Pra<\/i><i>\u00a0<\/i><i>Loup, donc on avait une consommation journali\u00e8re \u00e9norme. Les sources n\u2019ont pas suffi<\/i><i>\u00a0<\/i>\u00bb, ajoute le chef de secteur.<\/p>\n<p>L\u2019interdiction de boire l\u2019eau du robinet \u00ab\u00a0<i>est une pr\u00e9conisation. Suite aux \u00e9v\u00e9nements pluvieux, nous n\u2019avions plus d\u2019eau sur les forages, sur lesquels nous avons fait des travaux depuis. Pour pouvoir pallier le manque d\u2019eau, on a ouvert un lac de retenue. Comme ce n\u2019est pas la ressource habituelle qui est surveill\u00e9e et ma\u00eetris\u00e9e, c\u2019est un principe de pr\u00e9caution que l\u2019ARS a mis en place<\/i><i>\u00a0<\/i>\u00bb, explique M\u00e9lanie Teyssier. Les habitants peuvent ainsi utiliser l\u2019eau du robinet pour se doucher ou tirer la chasse, mais ne doivent pas la boire ou l\u2019utiliser pour laver des nourrissons. \u00ab\u00a0<i>Pour pallier cette restriction, nous avons fourni des eaux en bouteille et mis des points de distribution pour que les gens puissent disposer d\u2019une eau pour leur alimentation<\/i><i>\u00a0<\/i>\u00bb, d\u00e9taille M\u00e9lanie Teyssier. Le taux de chlore a \u00e9t\u00e9 augment\u00e9 pour dissuader de boire l\u2019eau du robinet.<\/p>\n<\/p><\/div>\n<div class=\"intext\"> \u00ab\u00a0J\u2019ai eu peur<br \/>\n               <br \/>pour mon b\u00e9b\u00e9\u00a0\u00bb\n              <\/div>\n<div class=\"paragraph\">\n<p>\u00ab\u00a0<i>J\u2019ai eu peur quand, lors d\u2019une distribution d\u2019eau, on m\u2019a dit de faire attention pour mon b\u00e9b\u00e9 et de ne pas le laver avec l\u2019eau du robinet<\/i>\u00a0\u00bb, confie Marion Marchetti, vacanci\u00e8re aubagnaise venue avec son mari et ses trois enfants, dont l\u2019un n\u2019a que 4\u00a0mois. \u00ab\u00a0<i>C\u2019est quand m\u00eame fou que cela dure autant<\/i><i>\u00a0<\/i>\u00bb, lance son compagnon, Luc Marchetti. Un avis partag\u00e9 par une famille venue du Var dans leur maison secondaire\u00a0: \u00ab\u00a0<i>On a du mal \u00e0 comprendre pourquoi cela dure autant, et comment, en trois semaines, ils n\u2019ont pas trouv\u00e9 de solution<\/i>. <i>Tous les ans, il y a des orages, mais jamais de coupure d\u2019eau potable aussi longue<\/i><i>\u00a0<\/i>\u00bb.<\/p>\n<p>Malgr\u00e9 ces premi\u00e8res inqui\u00e9tudes et incompr\u00e9hensions, habitants et vacanciers restent relativement sereins et se sont habitu\u00e9s aux restrictions et aux allers-retours quotidiens pour se fournir en bouteilles d\u2019eau \u00e0 l\u2019office de tourisme ou \u00e0 la mairie.<\/p>\n<p>Patrick Beau, vacancier parisien venu avec sa compagne pour l\u2019\u00e9t\u00e9, s\u2019inqui\u00e8te lui pour sa sant\u00e9. \u00ab\u00a0<i>J\u2019ai des probl\u00e8mes r\u00e9naux, et, comme on n\u2019a le droit qu\u2019\u00e0 un pack d\u2019eau par jour, pour cuisiner, se laver et boire, je dois me restreindre et boire moins. Heureusement, on part dimanche<\/i><i>\u00a0<\/i><i>!<\/i><i>\u00a0<\/i>\u00bb, s\u2019impatiente-t-il. \u00ab\u00a0<i>Ce qui est terrible, c\u2019est qu\u2019il n\u2019y a pas de visibilit\u00e9. J\u2019ai l\u2019impression que cela va durer<\/i><i>\u00a0<\/i>\u00bb, d\u00e9plore le sexag\u00e9naire\u00a0: si la Saur dit pr\u00e9voir un retour \u00e0 la normale en fin de semaine prochaine, ni les habitants, ni les \u00e9lus n\u2019en \u00e9taient inform\u00e9s jeudi. \u00ab\u00a0<i>Ce qui fait qu\u2019on en parle, c\u2019est que c\u2019est arriv\u00e9 le week-end du 15<\/i><i>\u00a0<\/i><i>ao\u00fbt, un week-end d\u2019affluence<\/i><i>\u00a0<\/i>\u00bb, pendant lequel la population a \u00e9t\u00e9 estim\u00e9e \u00e0 12\u00a0000\u00a0habitants par la pr\u00e9fecture, constate Arnaud Gaston, conseiller municipal. \u00ab\u00a0<i>Il y a vraiment un \u00e9lan de solidarit\u00e9<\/i><i>\u00a0<\/i>\u00bb, se r\u00e9jouit-il, alors que de nombreux b\u00e9n\u00e9voles ont pr\u00eat\u00e9 main-forte pour les distributions de bouteilles d\u2019eau.<\/p>\n<p>Pour tenter de r\u00e9alimenter la nappe phr\u00e9atique, la Saur a construit une digue provisoire, \u00ab\u00a0<i>dans l\u2019urgence<\/i><i>\u00a0<\/i>\u00bb, explique St\u00e9phane Bertin. C\u2019est ce type d\u2019installations qui devrait permettre de r\u00e9tablir l\u2019eau potable la semaine prochaine. Sa consommation pourra \u00e0 nouveau \u00eatre autoris\u00e9e ou pas en fonction des r\u00e9sultats des analyses de l\u2019ARS, qui doit donner son feu vert. Le niveau du cours d\u2019eau du Bachelard, qui alimente la commune, est pour l\u2019instant encore tr\u00e8s bas, et garde un aspect tr\u00e8s trouble, couleur b\u00e9ton.<\/p>\n<\/p><\/div>\n","protected":false},"excerpt":{"rendered":"Priv&eacute;s d&rsquo;eau potable depuis plus de deux semaines &agrave; la suite d&rsquo;intemp&eacute;ries d&rsquo;une ampleur exceptionnelle, les vacanciers de la station de ski de Pra Loup et les habitants d&rsquo;Uvernet-Fours vont encore devoir &#8230;","protected":false},"author":1,"featured_media":40688,"comment_status":"open","ping_status":"open","sticky":false,"template":"","format":"standard","meta":{"footnotes":""},"categories":[918,3926,3925,20],"tags":[1414,4768,4467,1129,417,309,471,118,697,26,106,1343,2085,1397,51,1549,1361],"news-destination":[3944],"news-source":[475],"is_homepage":[],"ta_other":[],"class_list":["post-40687","post","type-post","status-publish","format-standard","has-post-thumbnail","hentry","category-accueil","category-accueil-merge","category-accueil-third","category-societe","tag-alimentation","tag-alpes","tag-alpes-de-haute-provence","tag-ars","tag-climat","tag-eau","tag-eau-potable","tag-economie","tag-elus","tag-environnement","tag-habitants","tag-intemperies","tag-orages","tag-secheresse","tag-societe","tag-urgence","tag-vacances","news-destination-homepage","news-source-website"],"_links":{"self":[{"href":"https:\/\/euapp01.newsmemory.com\/lamarseillaise\/news\/wp-json\/wp\/v2\/posts\/40687","targetHints":{"allow":["GET"]}}],"collection":[{"href":"https:\/\/euapp01.newsmemory.com\/lamarseillaise\/news\/wp-json\/wp\/v2\/posts"}],"about":[{"href":"https:\/\/euapp01.newsmemory.com\/lamarseillaise\/news\/wp-json\/wp\/v2\/types\/post"}],"author":[{"embeddable":true,"href":"https:\/\/euapp01.newsmemory.com\/lamarseillaise\/news\/wp-json\/wp\/v2\/users\/1"}],"replies":[{"embeddable":true,"href":"https:\/\/euapp01.newsmemory.com\/lamarseillaise\/news\/wp-json\/wp\/v2\/comments?post=40687"}],"version-history":[{"count":1,"href":"https:\/\/euapp01.newsmemory.com\/lamarseillaise\/news\/wp-json\/wp\/v2\/posts\/40687\/revisions"}],"predecessor-version":[{"id":40689,"href":"https:\/\/euapp01.newsmemory.com\/lamarseillaise\/news\/wp-json\/wp\/v2\/posts\/40687\/revisions\/40689"}],"wp:featuredmedia":[{"embeddable":true,"href":"https:\/\/euapp01.newsmemory.com\/lamarseillaise\/news\/wp-json\/wp\/v2\/media\/40688"}],"wp:attachment":[{"href":"https:\/\/euapp01.newsmemory.com\/lamarseillaise\/news\/wp-json\/wp\/v2\/media?parent=40687"}],"wp:term":[{"taxonomy":"category","embeddable":true,"href":"https:\/\/euapp01.newsmemory.com\/lamarseillaise\/news\/wp-json\/wp\/v2\/categories?post=40687"},{"taxonomy":"post_tag","embeddable":true,"href":"https:\/\/euapp01.newsmemory.com\/lamarseillaise\/news\/wp-json\/wp\/v2\/tags?post=40687"},{"taxonomy":"news-destination","embeddable":true,"href":"https:\/\/euapp01.newsmemory.com\/lamarseillaise\/news\/wp-json\/wp\/v2\/news-destination?post=40687"},{"taxonomy":"news-source","embeddable":true,"href":"https:\/\/euapp01.newsmemory.com\/lamarseillaise\/news\/wp-json\/wp\/v2\/news-source?post=40687"},{"taxonomy":"is_homepage","embeddable":true,"href":"https:\/\/euapp01.newsmemory.com\/lamarseillaise\/news\/wp-json\/wp\/v2\/is_homepage?post=40687"},{"taxonomy":"ta_other","embeddable":true,"href":"https:\/\/euapp01.newsmemory.com\/lamarseillaise\/news\/wp-json\/wp\/v2\/ta_other?post=40687"}],"curies":[{"name":"wp","href":"https:\/\/api.w.org\/{rel}","templated":true}]}}