{"id":40681,"date":"2026-08-29T08:23:00","date_gmt":"2026-08-29T06:23:00","guid":{"rendered":"https:\/\/euapp01.newsmemory.com\/lamarseillaise\/news\/?p=40681"},"modified":"2026-08-30T10:39:05","modified_gmt":"2026-08-30T08:39:05","slug":"olivier-galzi-juge-efficace-larrete-polemique-attaque-en-justice","status":"publish","type":"post","link":"https:\/\/euapp01.newsmemory.com\/lamarseillaise\/news\/2026\/08\/29\/olivier-galzi-juge-efficace-larrete-polemique-attaque-en-justice\/","title":{"rendered":"Olivier Galzi juge efficace l\u2019arr\u00eat\u00e9 pol\u00e9mique&#8230; attaqu\u00e9 en justice"},"content":{"rendered":"<div class=\"paragraph\">\n<p>Situation financi\u00e8re locale, o\u00f9 6\u00a0millions d\u2019euros sont \u00e0 trouver pour \u00e9quilibrer le budget suppl\u00e9mentaire,<a href=\"https:\/\/www.lamarseillaise.fr\/politique\/aurore-berge-en-soutien-implicite-a-anais-hausmann-AG20628118\"> rentr\u00e9e scolaire ou actualit\u00e9 politique nationale<\/a> , Olivier Galzi a re\u00e7u la presse ce vendredi matin pour \u00e9voquer plusieurs dossiers. Dont celui qui a \u00e9gay\u00e9 le mois d\u2019ao\u00fbt \u00e0 Avignon, <a rel=\"noopener noreferrer\" href=\"https:\/\/www.lamarseillaise.fr\/politique\/a-avignon-un-arrete-conteste-contre-l-occupation-de-l-espace-public-KP20587638\" target=\"_blank\">la mise en place de l\u2019arr\u00eat\u00e9 r\u00e9glementant l\u2019occupation de l\u2019espace public.<\/a> Une d\u00e9cision qualifi\u00e9e d\u2019anti mendicit\u00e9 ou d\u2019anti pauvres par ses d\u00e9tracteurs, aussi bien l\u2019opposition de gauche que des associations comme la Ligue des droits de l\u2019homme ou la f\u00e9d\u00e9ration des acteurs de la solidarit\u00e9 (FAS).<\/p>\n<p>Hasard du calendrier, au moment m\u00eame o\u00f9 le maire (DVD) d\u00e9fendait son arr\u00eat\u00e9, un recours \u00e9tait enregistr\u00e9 \u00e0 10h au greffe du tribunal administratif de N\u00eemes.<a rel=\"noopener noreferrer\" href=\"https:\/\/www.lamarseillaise.fr\/societe\/a-avignon-les-acteurs-de-la-solidarite-prets-a-attaquer-l-arrete-anti-mendicite-NO20597930\" target=\"_blank\"> Comme pressenti (notre \u00e9dition du 19\u00a0<\/a><a rel=\"noopener noreferrer\" href=\"https:\/\/www.lamarseillaise.fr\/societe\/a-avignon-les-acteurs-de-la-solidarite-prets-a-attaquer-l-arrete-anti-mendicite-NO20597930\" target=\"_blank\">ao\u00fbt), la f\u00e9d\u00e9ration des acteurs sociaux Paca a saisi<\/a> la justice avec un double recours\u00a0: l\u2019un dit r\u00e9f\u00e9r\u00e9 suspension, une proc\u00e9dure dite d\u2019urgence qui doit \u00eatre trait\u00e9e sous un mois, et l\u2019autre sur le fond qui risque d\u2019\u00eatre vite caduc vu qu\u2019il sera \u00e9tudi\u00e9 sous plusieurs mois, bien apr\u00e8s la fin de l\u2019arr\u00eat\u00e9 qui court jusqu\u2019au 31\u00a0octobre. \u00ab<i>\u00a0<\/i><i>C\u2019est en soi un motif rapide d\u2019\u00e9tude, l\u2019urgence se justifie<\/i>\u00a0\u00bb, estime Philippe Ramon, avocat de la FAS Paca. Le second recours, similaire, a \u00e9t\u00e9 d\u00e9pos\u00e9 par la Ligue des droits de l\u2019homme, premi\u00e8re \u00e0 s\u2019\u00eatre indign\u00e9e notant que \u00ab\u00a0<i>la pauvret\u00e9 n\u2019est pas un trouble \u00e0 l\u2019ordre public<\/i>\u00a0\u00bb.<\/p>\n<p>Philippe Ramon estime avoir \u00ab\u00a0<i>beaucoup d\u2019arguments<\/i>\u00a0\u00bb pour faire tomber l\u2019arr\u00eat\u00e9, comme la FAS l\u2019a fait \u00e0 Nevers (Ni\u00e8vre). \u00ab\u00a0<i>L\u2019\u00e9tendue g\u00e9ographie et temporaire sont importantes<\/i>\u00a0\u00bb, estime l\u2019avocat. Il rel\u00e8ve que la notion de \u00ab\u00a0<i>p\u00e9riodes de forte affluence<\/i>\u00a0\u00bb mentionn\u00e9e dans l\u2019arr\u00eat\u00e9 est trop vague. Idem, le texte ne met \u00ab\u00a0<i>aucune exception pr\u00e9vue pour les activit\u00e9s d\u2019associations qui aident ces gens-l\u00e0 et ne pourraient plus aller \u00e0 leur rencontre<\/i>\u00a0\u00bb. \u00ab<i>\u00a0<\/i><i>Cela va \u00eatre un d\u00e9bat int\u00e9ressant<\/i>\u00a0\u00bb, pr\u00e9dit Philippe Ramon qui attend aussi de la Ville la production pr\u00e9cise des troubles qui ont motiv\u00e9 l\u2019arr\u00eat\u00e9.<\/p>\n<p>En attendant, Olivier Galzi d\u00e9fend bec et ongles sa d\u00e9cision. 74 amendes ont \u00e9t\u00e9 dress\u00e9es. \u00ab\u00a0<i>On est moins ennuy\u00e9 quand on remonte la rue de la R\u00e9publique, qui ne peut plus \u00eatre un squat \u00e0 ciel ouvert<\/i><i>\u00a0<\/i>\u00bb, assure le maire sans dire que l\u2019ensemble des marginaux ont disparu. Selon lui, citant une \u00e9tude du SIAO (service qui g\u00e8re la pr\u00e9carit\u00e9), la grande majorit\u00e9 des personnes vis\u00e9es par cet arr\u00eat\u00e9 ne sont pas des grands pr\u00e9caires.<\/p>\n<\/p><\/div>\n<div class=\"intext\"> Pas d\u2019amalgame entre pauvret\u00e9 et d\u00e9linquance\n              <\/div>\n<div class=\"paragraph\">\n<p>Sur 257 b\u00e9n\u00e9ficiaires des aides de grande pr\u00e9carit\u00e9, 48 vivent \u00e0 la rue. Donc pour Olivier Galzi, les marginaux vis\u00e9s par l\u2019arr\u00eat\u00e9 ne sont pas les plus vuln\u00e9rables. \u00ab<i>\u00a0<\/i><i>Ils sont dans une forme de pr\u00e9carit\u00e9, d\u2019addiction, de probl\u00e8me psychiatrique, mais ce ne sont pas les grands pr\u00e9caires<\/i>, se d\u00e9fend-il face au proc\u00e8s anti pauvres. <i>On a d\u00e9cid\u00e9 avec le pr\u00e9fet de r\u00e9tablir un ciblage qui correspond \u00e0 la population que l\u2019on souhaite aider et mieux orienter les grands pr\u00e9caires.<\/i>\u00a0\u00bb Cet arr\u00eat\u00e9 \u00ab\u00a0<i>n\u2019attaque pas la pauvret\u00e9 mais des comportements, quel m\u00e9pris pour ceux qui sont fragilis\u00e9s, que de consid\u00e9rer que parce qu\u2019on est dans une situation \u00e9conomique difficile, on va avoir ce genre de comportement<\/i>\u00a0\u00bb, raille Olivier Galzi. \u00c0 voir sous peu l\u2019appr\u00e9ciation qu\u2019en aura la justice.<\/p>\n<\/p><\/div>\n<div class=\"paragraph\">\n<p><b>La pr\u00e9sidentielle, \u00ab pas mon sujet \u00bb<\/b><\/p>\n<p>En cette rentr\u00e9e o\u00f9 les regards sont d\u00e9j\u00e0 braqu\u00e9s sur la pr\u00e9sidentielle, Olivier Galzi l\u2019\u00e9vacue pour l\u2019instant. \u00ab <i>Ce n\u2019est pas mon sujet<\/i> \u00bb, balaye-t-il face aux pl\u00e9thores de candidats actuels. Il n\u2019exclut pas, d\u2019ici avril, de prendre position pour \u00ab <i>celui ou celle qui sera le mieux disant sur une loi de d\u00e9centralisation et lib\u00e8re les maires de leurs contraintes <\/i>\u00bb. Le maire d\u00e9fend un \u00ab <i>f\u00e9d\u00e9ralisme<\/i> \u00bb, qu\u2019il pousse via son courant, le Bon sens des territoires qui sera lanc\u00e9 le 10 septembre.<\/p>\n<\/p><\/div>\n","protected":false},"excerpt":{"rendered":"Situation financi&egrave;re locale, o&ugrave; 6&nbsp;millions d&rsquo;euros sont &agrave; trouver pour &eacute;quilibrer le budget suppl&eacute;mentaire, rentr&eacute;e scolaire ou actualit&eacute; politique nationale , Olivier Galzi a re&ccedil;u &#8230;","protected":false},"author":1,"featured_media":40682,"comment_status":"open","ping_status":"open","sticky":false,"template":"","format":"standard","meta":{"footnotes":""},"categories":[918,3926,3925,330,20],"tags":[495,2470,1062,138,174,2220,2845,200,1926,5499,4914,1281,1271,271,3062,260,171],"news-destination":[3944],"news-source":[475],"is_homepage":[],"ta_other":[],"class_list":["post-40681","post","type-post","status-publish","format-standard","has-post-thumbnail","hentry","category-accueil","category-accueil-merge","category-accueil-third","category-politique","category-societe","tag-495","tag-addiction","tag-arrete","tag-associations","tag-avignon","tag-delinquance","tag-espace-public","tag-justice","tag-ldh","tag-ligue-des-droits-de-lhomme","tag-olivier-galzi","tag-pauvrete","tag-polemique","tag-precarite","tag-sans-abris","tag-solidarite","tag-vaucluse","news-destination-homepage","news-source-website"],"_links":{"self":[{"href":"https:\/\/euapp01.newsmemory.com\/lamarseillaise\/news\/wp-json\/wp\/v2\/posts\/40681","targetHints":{"allow":["GET"]}}],"collection":[{"href":"https:\/\/euapp01.newsmemory.com\/lamarseillaise\/news\/wp-json\/wp\/v2\/posts"}],"about":[{"href":"https:\/\/euapp01.newsmemory.com\/lamarseillaise\/news\/wp-json\/wp\/v2\/types\/post"}],"author":[{"embeddable":true,"href":"https:\/\/euapp01.newsmemory.com\/lamarseillaise\/news\/wp-json\/wp\/v2\/users\/1"}],"replies":[{"embeddable":true,"href":"https:\/\/euapp01.newsmemory.com\/lamarseillaise\/news\/wp-json\/wp\/v2\/comments?post=40681"}],"version-history":[{"count":2,"href":"https:\/\/euapp01.newsmemory.com\/lamarseillaise\/news\/wp-json\/wp\/v2\/posts\/40681\/revisions"}],"predecessor-version":[{"id":40825,"href":"https:\/\/euapp01.newsmemory.com\/lamarseillaise\/news\/wp-json\/wp\/v2\/posts\/40681\/revisions\/40825"}],"wp:featuredmedia":[{"embeddable":true,"href":"https:\/\/euapp01.newsmemory.com\/lamarseillaise\/news\/wp-json\/wp\/v2\/media\/40682"}],"wp:attachment":[{"href":"https:\/\/euapp01.newsmemory.com\/lamarseillaise\/news\/wp-json\/wp\/v2\/media?parent=40681"}],"wp:term":[{"taxonomy":"category","embeddable":true,"href":"https:\/\/euapp01.newsmemory.com\/lamarseillaise\/news\/wp-json\/wp\/v2\/categories?post=40681"},{"taxonomy":"post_tag","embeddable":true,"href":"https:\/\/euapp01.newsmemory.com\/lamarseillaise\/news\/wp-json\/wp\/v2\/tags?post=40681"},{"taxonomy":"news-destination","embeddable":true,"href":"https:\/\/euapp01.newsmemory.com\/lamarseillaise\/news\/wp-json\/wp\/v2\/news-destination?post=40681"},{"taxonomy":"news-source","embeddable":true,"href":"https:\/\/euapp01.newsmemory.com\/lamarseillaise\/news\/wp-json\/wp\/v2\/news-source?post=40681"},{"taxonomy":"is_homepage","embeddable":true,"href":"https:\/\/euapp01.newsmemory.com\/lamarseillaise\/news\/wp-json\/wp\/v2\/is_homepage?post=40681"},{"taxonomy":"ta_other","embeddable":true,"href":"https:\/\/euapp01.newsmemory.com\/lamarseillaise\/news\/wp-json\/wp\/v2\/ta_other?post=40681"}],"curies":[{"name":"wp","href":"https:\/\/api.w.org\/{rel}","templated":true}]}}