{"id":40678,"date":"2026-08-29T08:16:00","date_gmt":"2026-08-29T06:16:00","guid":{"rendered":"https:\/\/euapp01.newsmemory.com\/lamarseillaise\/news\/?p=40678"},"modified":"2026-08-29T10:02:06","modified_gmt":"2026-08-29T08:02:06","slug":"aurore-berge-en-soutien-implicite-a-anais-hausmann","status":"publish","type":"post","link":"https:\/\/euapp01.newsmemory.com\/lamarseillaise\/news\/2026\/08\/29\/aurore-berge-en-soutien-implicite-a-anais-hausmann\/","title":{"rendered":"Aurore Berg\u00e9 en soutien implicite \u00e0 Ana\u00efs Hausmann"},"content":{"rendered":"<div class=\"paragraph\">\n<p>Au lendemain, d<a rel=\"noopener noreferrer\" href=\"https:\/\/www.lamarseillaise.fr\/politique\/vaucluse-pour-la-droite-sortante-etre-senateur-ne-s-improvise-pas-OG20623418\" target=\"_blank\">e la venue \u00e0 Gordes de G\u00e9rard Larcher, pr\u00e9sident du S\u00e9nat en soutien de la liste de Jean-Baptiste Blanc (LR)<\/a>, un autre d\u00e9placement de poids \u00e9tait \u00e0 Avignon ce vendredi midi. Aurore Berg\u00e9, ministre d\u00e9l\u00e9gu\u00e9e \u00e0 l\u2019\u00e9galit\u00e9 femmes-hommes et la lutte contre les discriminations, \u00e9tait la toute premi\u00e8re invit\u00e9e de Femmes de territoire. Un cercle de r\u00e9seau f\u00e9minin, co-pr\u00e9sid\u00e9e par Ana\u00efs Hausmann, adjointe et compagne du maire Olivier Galzi (DVD), avec Emmanuelle Sokolowski, \u00e9lue en charge de l\u2019entrepreneuriat, de l\u2019\u00e9galit\u00e9 et \u00e0 la lutte contre les discriminations. Pour l\u2019heure, les premi\u00e8res venues traduisent un entre-soi galziste avec donc sa compagne, plusieurs \u00e9lues de sa majorit\u00e9, sa fille ou encore la compagne de son directeur de cabinet.<\/p>\n<p>Mais vendredi, une quarantaine d\u2019invit\u00e9es \u00e9taient pr\u00e9sentes, \u00e0 l\u2019instar de Carole Normani, ex-\u00e9lue \u00e0 Orange ou <a rel=\"noopener noreferrer\" href=\"https:\/\/www.lamarseillaise.fr\/economie\/anne-benedetti-a-la-tete-de-la-cci-de-vaucluse-pour-un-nouvel-elan-CB20560640\" target=\"_blank\">Anne Benedetti, nouvelle pr\u00e9sidente de la chambre de commerce et d\u2019industrie 84<\/a>. Aurore Berg\u00e9 a longtemps \u00e9voqu\u00e9 son parcours de femme politique puis r\u00e9pondu \u00e0 quelques questions. \u00ab<i>\u00a0<\/i><i>Pendant longtemps, ces lieux de cooptation ont \u00e9t\u00e9 masculins, que ce soit dans le monde politique et \u00e9conomique, les femmes doivent s\u2019autoriser d\u2019avoir un espace de r\u00e9seau<\/i>\u00a0\u00bb, d\u00e9fend la ministre, fi\u00e8re de \u00ab\u00a0<i>marrainer<\/i>\u00a0\u00bb Femmes de territoire.<\/p>\n<p>\u00c0 un mois des s\u00e9natoriales, le calendrier interroge. Questionn\u00e9e et relanc\u00e9e \u00e0 plusieurs reprises, Aurore Berg\u00e9 se garde bien d\u2019assurer et d\u2019assumer un franc soutien \u00e0 Ana\u00efs Hausmann. \u00ab\u00a0<i>Elle n\u2019en a pas besoin, ce n\u2019est pas \u00e0 moi de la coopter, les \u00e9lus locaux d\u00e9testent qu\u2019on leur donne des consignes de vote<\/i><i>\u00a0<\/i>\u00bb, r\u00e9pond la ministre avant toutefois de louer \u00ab\u00a0<i>le renouvellement qu\u2019elle inspire<\/i>\u00a0\u00bb et le \u00ab<i>\u00a0<\/i><i>besoin de plusieurs voix qui puissent exister<\/i><i>\u00a0<\/i>\u00bb. Seul coup de canif port\u00e9, une \u00ab\u00a0<i>mise en garde<\/i>\u00a0\u00bb adress\u00e9 au vote RN qui am\u00e8nerait \u00ab\u00a0<i>un parlementaire isol\u00e9 au S\u00e9nat et sur le territoire<\/i><i>\u00a0<\/i>\u00bb.<\/p>\n<p>\u00ab<i>\u00a0<\/i><i>Sa venue n\u2019a pas de lien avec la campagne<\/i>\u00a0\u00bb, mart\u00e8le Ana\u00efs Hausmann, qui refusera toute question sur le sujet. Pourtant Aurore Berg\u00e9 a \u00e9voqu\u00e9 le renouveau en politique qui ferait r\u00e9sonance avec le Bon sens des territoires. \u00ab<i>\u00a0<\/i><i>Je veux scinder les deux univers<\/i><i>\u00a0<\/i>\u00bb, n\u2019en d\u00e9mord pas la candidate, dont la liste serait quasi finalis\u00e9e. Le d\u00e9p\u00f4t des candidatures se fera entre le 7 et 11\u00a0septembre.<\/p>\n<\/p><\/div>\n","protected":false},"excerpt":{"rendered":"Au lendemain, de la venue &agrave; Gordes de G&eacute;rard Larcher, pr&eacute;sident du S&eacute;nat en soutien de la liste de Jean-Baptiste Blanc (LR), un autre d&eacute;placement de poids &eacute;tait &agrave; Avignon ce vendredi midi. Aurore &#8230;","protected":false},"author":1,"featured_media":40679,"comment_status":"open","ping_status":"open","sticky":false,"template":"","format":"standard","meta":{"footnotes":""},"categories":[918,3926,3925,330],"tags":[495,5612,174,789,2155,2532,387,497,1920,5195,393,137,171],"news-destination":[3944],"news-source":[475],"is_homepage":[],"ta_other":[],"class_list":["post-40678","post","type-post","status-publish","format-standard","has-post-thumbnail","hentry","category-accueil","category-accueil-merge","category-accueil-third","category-politique","tag-495","tag-aurore-berge","tag-avignon","tag-campagne-electorale","tag-chambre-de-commerce-et-de-lindustrie","tag-egalite-hommes-femmes","tag-femmes","tag-ministre","tag-senat","tag-senatoriales","tag-soutien","tag-territoire","tag-vaucluse","news-destination-homepage","news-source-website"],"_links":{"self":[{"href":"https:\/\/euapp01.newsmemory.com\/lamarseillaise\/news\/wp-json\/wp\/v2\/posts\/40678","targetHints":{"allow":["GET"]}}],"collection":[{"href":"https:\/\/euapp01.newsmemory.com\/lamarseillaise\/news\/wp-json\/wp\/v2\/posts"}],"about":[{"href":"https:\/\/euapp01.newsmemory.com\/lamarseillaise\/news\/wp-json\/wp\/v2\/types\/post"}],"author":[{"embeddable":true,"href":"https:\/\/euapp01.newsmemory.com\/lamarseillaise\/news\/wp-json\/wp\/v2\/users\/1"}],"replies":[{"embeddable":true,"href":"https:\/\/euapp01.newsmemory.com\/lamarseillaise\/news\/wp-json\/wp\/v2\/comments?post=40678"}],"version-history":[{"count":1,"href":"https:\/\/euapp01.newsmemory.com\/lamarseillaise\/news\/wp-json\/wp\/v2\/posts\/40678\/revisions"}],"predecessor-version":[{"id":40680,"href":"https:\/\/euapp01.newsmemory.com\/lamarseillaise\/news\/wp-json\/wp\/v2\/posts\/40678\/revisions\/40680"}],"wp:featuredmedia":[{"embeddable":true,"href":"https:\/\/euapp01.newsmemory.com\/lamarseillaise\/news\/wp-json\/wp\/v2\/media\/40679"}],"wp:attachment":[{"href":"https:\/\/euapp01.newsmemory.com\/lamarseillaise\/news\/wp-json\/wp\/v2\/media?parent=40678"}],"wp:term":[{"taxonomy":"category","embeddable":true,"href":"https:\/\/euapp01.newsmemory.com\/lamarseillaise\/news\/wp-json\/wp\/v2\/categories?post=40678"},{"taxonomy":"post_tag","embeddable":true,"href":"https:\/\/euapp01.newsmemory.com\/lamarseillaise\/news\/wp-json\/wp\/v2\/tags?post=40678"},{"taxonomy":"news-destination","embeddable":true,"href":"https:\/\/euapp01.newsmemory.com\/lamarseillaise\/news\/wp-json\/wp\/v2\/news-destination?post=40678"},{"taxonomy":"news-source","embeddable":true,"href":"https:\/\/euapp01.newsmemory.com\/lamarseillaise\/news\/wp-json\/wp\/v2\/news-source?post=40678"},{"taxonomy":"is_homepage","embeddable":true,"href":"https:\/\/euapp01.newsmemory.com\/lamarseillaise\/news\/wp-json\/wp\/v2\/is_homepage?post=40678"},{"taxonomy":"ta_other","embeddable":true,"href":"https:\/\/euapp01.newsmemory.com\/lamarseillaise\/news\/wp-json\/wp\/v2\/ta_other?post=40678"}],"curies":[{"name":"wp","href":"https:\/\/api.w.org\/{rel}","templated":true}]}}