{"id":40675,"date":"2026-08-29T08:49:00","date_gmt":"2026-08-29T06:49:00","guid":{"rendered":"https:\/\/euapp01.newsmemory.com\/lamarseillaise\/news\/?p=40675"},"modified":"2026-08-30T20:26:43","modified_gmt":"2026-08-30T18:26:43","slug":"les-candidats-au-senat-sur-leurs-marques","status":"publish","type":"post","link":"https:\/\/euapp01.newsmemory.com\/lamarseillaise\/news\/2026\/08\/29\/les-candidats-au-senat-sur-leurs-marques\/","title":{"rendered":"Les candidats au S\u00e9nat sur leurs marques"},"content":{"rendered":"<div class=\"paragraph\">\n<p>Jamais les Bouches-du-Rh\u00f4ne n\u2019avaient connu autant de candidatures pour les s\u00e9natoriales sous la V<sup>e<\/sup>\u00a0R\u00e9publique. <span class=\"mln_uppercase_mln\">\u00e0<\/span> deux semaines de la date butoir du d\u00e9p\u00f4t des listes, fix\u00e9e au 11\u00a0septembre, quelque dix t\u00eates de listes ont annonc\u00e9 se lancer dans la course aux voix des quelque 3\u00a0600\u00a0grands \u00e9lecteurs qui d\u00e9signeront les huit repr\u00e9sentants du d\u00e9partement au S\u00e9nat, lors d\u2019un tour unique \u00e0 la proportionnelle, le dimanche 27\u00a0septembre. Le signe, tout au moins, d\u2019une recomposition politique compliqu\u00e9e, alors que la multiplication des listes abaisse le seuil pour obtenir un \u00e9lu, en de\u00e7\u00e0 de 350\u00a0voix. M\u00eame s\u2019il reste \u00e0 savoir combien resteront finalement sur les rangs.<\/p>\n<p>Des logiques d\u2019union avaient pourtant \u00e9t\u00e9 impuls\u00e9es. \u00c0 gauche, les s\u00e9nateurs sortants ont annonc\u00e9, le 10\u00a0juillet dernier \u00ab\u00a0<i>poursuivre l\u2019aventure et l\u2019unit\u00e9 \u00e0 gauche avec l\u2019ensemble des forces de progr\u00e8s \u00e9cologistes et citoyennes<\/i>\u00a0\u00bb, avec en t\u00eate J\u00e9r\u00e9my Bacchi (PCF), suivi par Marie-Arlette Carlotti (PS) et Guy Benarroche (EELV). Le reste de la liste devrait \u00eatre annonc\u00e9 dans les jours qui viennent, avec l\u2019ambition de renforcer le score des derni\u00e8res s\u00e9natoriales voire d\u2019obtenir un quatri\u00e8me si\u00e8ge, au c\u0153ur des tractations. Malgr\u00e9 la crainte qu\u2019une dispersion des voix apporte un second si\u00e8ge \u00e0 l\u2019extr\u00eame droite, LFI a pr\u00e9sent\u00e9 sa liste le 23\u00a0juillet, men\u00e9e par l\u2019\u00e9lue d\u2019opposition \u00e0 la Bouilladisse Michelle Blanchard Svoboda. La s\u00e9natrice gu\u00e9riniste Mireille Jouve confirme de son c\u00f4t\u00e9 que la sienne est pr\u00eate et sera pr\u00e9sent\u00e9e le 2\u00a0septembre, tandis que le maire (PS) du Puy-Sainte-R\u00e9parade, Jean-David Ciot, qui a rencontr\u00e9 une trentaine de maires, promet qu\u2019il \u00ab\u00a0<i>avance tr\u00e8s bien<\/i><i>\u00a0<\/i>\u00bb, avec le maire d\u2019une petite commune en num\u00e9ro\u00a02, ainsi qu\u2019un adjoint d\u2019une ville de l\u2019est du d\u00e9partement et des repr\u00e9sentants de la soci\u00e9t\u00e9 civile pour les places suivantes.<\/p>\n<\/p><\/div>\n<div class=\"intext\"> Piques \u00e0 droite\n              <\/div>\n<div class=\"paragraph\">\n<p>\u00c0 droite, la m\u00eame logique pr\u00e9side. Le pr\u00e9sident (Ren.) du conseil r\u00e9gional Renaud Muselier a certes pouss\u00e9 \u00e0 l\u2019addition des forces de la droite et du centre. Finalement men\u00e9e par la s\u00e9natrice sortante (UDI) Brigitte Dev\u00e9sa, sa liste a \u00e9t\u00e9 d\u00e9voil\u00e9e le 30\u00a0juillet, \u00ab\u00a0<i>loin des aventures personnelles et des ambitions individuelles<\/i>\u00a0\u00bb,<i> <\/i>soulignait<i>&#8211;<\/i>il. Mais dans ce scrutin proportionnel hasardeux, la s\u00e9natrice Val\u00e9rie Boyer (LR) a choisi de se lancer de son c\u00f4t\u00e9. Si elle n\u2019a pas l\u2019investiture de son parti, son vice-pr\u00e9sident Fran\u00e7ois-Xavier Bellamy lui a apport\u00e9 son soutien ce vendredi en saluant \u00ab\u00a0<i>sa constance<\/i><i>\u00a0<\/i>\u00bb. Tandis qu\u2019elle annon\u00e7ait mardi le ralliement de la premi\u00e8re adjointe de Cuges-les-Pins France Leroy, sa liste est boucl\u00e9e depuis quelques jours, annonce son entourage. \u00ab\u00a0<i>Ma liste est bien compl\u00e8te<\/i><i>\u00a0<\/i>\u00bb, confirme aussi le maire (LR) de Gardanne Herv\u00e9 Granier, qui doit la d\u00e9voiler au moment de son d\u00e9p\u00f4t. D\u2019abord sollicit\u00e9 par la ministre Sabrina Roubache, il a choisi de poursuivre lorsqu\u2019elle a jet\u00e9 l\u2019\u00e9ponge, attach\u00e9 \u00e0 pr\u00e9senter \u00ab\u00a0<i>une liste de maires<\/i><i>\u00a0<\/i>\u00bb et donc sans se ranger derri\u00e8re la s\u00e9natrice LR sortante. \u00ab\u00a0<i>Je ne suis pas Macron du tout<\/i><i>\u00a0<\/i>\u00bb, insiste-t-il face aux attaques \u00ab\u00a0<i>pas tr\u00e8s sympathiques<\/i><i>\u00a0<\/i>\u00bb de son camp, insistant surtout sur les pr\u00e9occupations qu\u2019il partage avec les \u00e9lus locaux. Les maires du Paradou et de Ceyreste l\u2019ont d\u00e9j\u00e0 ralli\u00e9. Quant au s\u00e9nateur LR sortant St\u00e9phane Le\u00a0Rudulier, les bruits se multiplient sur un probable retrait.<\/p>\n<\/p><\/div>\n<div class=\"intext\"> Le RN contre Marseille\n              <\/div>\n<div class=\"paragraph\">\n<p>Reste une extr\u00eame droite divis\u00e9e entre le s\u00e9nateur sortant (ex-RN) St\u00e9phane Ravier qui n\u2019a pour l\u2019instant d\u00e9voil\u00e9 aucun nom, et le RN alli\u00e9 \u00e0 l\u2019UDR. Apr\u00e8s la pr\u00e9sentation de sa liste le 3\u00a0juillet dernier, celle qui la m\u00e8ne, Marie-Pierre Callet (RN), qui se pr\u00e9sente encore comme vice-pr\u00e9sidente du D\u00e9partement et craint de fa\u00e7on absurde dans ses publications \u00ab\u00a0<i>n\u2019obtenir aucun \u00e9lu<\/i><i>\u00a0<\/i>\u00bb, fait campagne sur les difficult\u00e9s m\u00e9tropolitaines. L\u2019essentiel de ses grands \u00e9lecteurs a beau se situer \u00e0 Marseille, elle r\u00e9clamait ce vendredi de s\u00e9parer la ville du reste du territoire. De quoi susciter un toll\u00e9. \u00ab\u00a0<i>Marseille, que vous r\u00e9duisez \u00e0 sa couleur politique du moment, c\u2019est la 2<\/i><i><sup>e<\/sup><\/i><i>\u00a0<\/i><i>ville de France, pas la pestif\u00e9r\u00e9e qu\u2019on isole de son territoire naturel<\/i><i>\u00a0<\/i>\u00bb, r\u00e9agit l\u2019\u00e9lu (Ren.) d\u2019opposition Romain Simmarano, tandis que le responsable des jeunes LR Maxime Aghemo pointe la contradiction d\u2019un parti dont le responsable d\u00e9partemental Franck Allisio a utilis\u00e9 la 12<sup>e<\/sup>\u00a0circonscription, sur les bords de l\u2019\u00e9tang de Berre, \u00ab\u00a0<i>comme un marchepied pour ses ambitions marseillaises<\/i><i>\u00a0<\/i>\u00bb.<\/p>\n<\/p><\/div>\n","protected":false},"excerpt":{"rendered":"Jamais les Bouches-du-Rh&ocirc;ne n&rsquo;avaient connu autant de candidatures pour les s&eacute;natoriales sous la Ve&nbsp;R&eacute;publique. &agrave; deux semaines de la date butoir du d&eacute;p&ocirc;t des listes, fix&eacute;e au &#8230;","protected":false},"author":1,"featured_media":40693,"comment_status":"open","ping_status":"open","sticky":false,"template":"","format":"standard","meta":{"footnotes":""},"categories":[918,3926,3925,330],"tags":[10,642,433,441,2442,748,16,2036,1920,5195,581],"news-destination":[3944],"news-source":[475],"is_homepage":[],"ta_other":[],"class_list":["post-40675","post","type-post","status-publish","format-standard","has-post-thumbnail","hentry","category-accueil","category-accueil-merge","category-accueil-third","category-politique","tag-bouches-du-rhone","tag-droite","tag-elections","tag-extreme-droite","tag-herve-granier","tag-jeremy-bacchi","tag-marseille","tag-romain-simmarano","tag-senat","tag-senatoriales","tag-union-de-la-gauche","news-destination-homepage","news-source-website"],"_links":{"self":[{"href":"https:\/\/euapp01.newsmemory.com\/lamarseillaise\/news\/wp-json\/wp\/v2\/posts\/40675","targetHints":{"allow":["GET"]}}],"collection":[{"href":"https:\/\/euapp01.newsmemory.com\/lamarseillaise\/news\/wp-json\/wp\/v2\/posts"}],"about":[{"href":"https:\/\/euapp01.newsmemory.com\/lamarseillaise\/news\/wp-json\/wp\/v2\/types\/post"}],"author":[{"embeddable":true,"href":"https:\/\/euapp01.newsmemory.com\/lamarseillaise\/news\/wp-json\/wp\/v2\/users\/1"}],"replies":[{"embeddable":true,"href":"https:\/\/euapp01.newsmemory.com\/lamarseillaise\/news\/wp-json\/wp\/v2\/comments?post=40675"}],"version-history":[{"count":1,"href":"https:\/\/euapp01.newsmemory.com\/lamarseillaise\/news\/wp-json\/wp\/v2\/posts\/40675\/revisions"}],"predecessor-version":[{"id":40677,"href":"https:\/\/euapp01.newsmemory.com\/lamarseillaise\/news\/wp-json\/wp\/v2\/posts\/40675\/revisions\/40677"}],"wp:featuredmedia":[{"embeddable":true,"href":"https:\/\/euapp01.newsmemory.com\/lamarseillaise\/news\/wp-json\/wp\/v2\/media\/40693"}],"wp:attachment":[{"href":"https:\/\/euapp01.newsmemory.com\/lamarseillaise\/news\/wp-json\/wp\/v2\/media?parent=40675"}],"wp:term":[{"taxonomy":"category","embeddable":true,"href":"https:\/\/euapp01.newsmemory.com\/lamarseillaise\/news\/wp-json\/wp\/v2\/categories?post=40675"},{"taxonomy":"post_tag","embeddable":true,"href":"https:\/\/euapp01.newsmemory.com\/lamarseillaise\/news\/wp-json\/wp\/v2\/tags?post=40675"},{"taxonomy":"news-destination","embeddable":true,"href":"https:\/\/euapp01.newsmemory.com\/lamarseillaise\/news\/wp-json\/wp\/v2\/news-destination?post=40675"},{"taxonomy":"news-source","embeddable":true,"href":"https:\/\/euapp01.newsmemory.com\/lamarseillaise\/news\/wp-json\/wp\/v2\/news-source?post=40675"},{"taxonomy":"is_homepage","embeddable":true,"href":"https:\/\/euapp01.newsmemory.com\/lamarseillaise\/news\/wp-json\/wp\/v2\/is_homepage?post=40675"},{"taxonomy":"ta_other","embeddable":true,"href":"https:\/\/euapp01.newsmemory.com\/lamarseillaise\/news\/wp-json\/wp\/v2\/ta_other?post=40675"}],"curies":[{"name":"wp","href":"https:\/\/api.w.org\/{rel}","templated":true}]}}