{"id":40664,"date":"2026-08-28T11:12:00","date_gmt":"2026-08-28T09:12:00","guid":{"rendered":"https:\/\/euapp01.newsmemory.com\/lamarseillaise\/news\/?p=40664"},"modified":"2026-08-29T08:43:46","modified_gmt":"2026-08-29T06:43:46","slug":"sebastien-delogu-convoque-devant-la-justice-pour-outrage-le-13-novembre","status":"publish","type":"post","link":"https:\/\/euapp01.newsmemory.com\/lamarseillaise\/news\/2026\/08\/28\/sebastien-delogu-convoque-devant-la-justice-pour-outrage-le-13-novembre\/","title":{"rendered":"S\u00e9bastien Delogu convoqu\u00e9 devant la justice pour outrage le 13 novembre"},"content":{"rendered":"<div class=\"paragraph\">\n<p>Le d\u00e9put\u00e9 (LFI) de la 7e circonscription des Bouches-du-Rh\u00f4ne S\u00e9bastien Delogu s\u2019est vu remettre \u00e0 l\u2019issue de sa garde \u00e0 vue jeudi soir une convocation par officier de police judiciaire, confirme le parquet de Marseille aupr\u00e8s de <i>La Marseillaise<\/i>. Celui-ci devra s\u2019expliquer devant le tribunal correctionnel le 13 novembre prochain, apr\u00e8s l\u2019altercation qui l\u2019a oppos\u00e9 lundi apr\u00e8s-midi \u00e0 trois policiers qui intervenaient dans l\u2019immeuble o\u00f9 il r\u00e9side pour interpeller un voleur pr\u00e9sum\u00e9. \u00ab<i>Il est poursuivi du chef d\u2019outrage sur personnes d\u00e9positaires de l\u2019autorit\u00e9 publique<\/i>\u00bb, pr\u00e9cise le parquet.<\/p>\n<p>Le parquet confirme par ailleurs avoir bien re\u00e7u la plainte d\u00e9pos\u00e9e mercredi soir par l\u2019avocat du parlementaire, Me Yon\u00e8s Taguelmint, \u00ab<i>contre les trois policiers pour outrage et violences par personne d\u00e9positaire de l\u2019autorit\u00e9 publique<\/i>\u00bb. Dans les enregistrements de vid\u00e9osurveillance diffus\u00e9s en ligne, on entendait l\u2019un des policiers traiter le d\u00e9put\u00e9 de \u00ab<i>trou du cul<\/i>\u00bb, tandis que les agents en civil assuraient dans leur plainte avoir eux-m\u00eames \u00e9t\u00e9 insult\u00e9s apr\u00e8s que le parlementaire leur a demand\u00e9 de s\u2019identifier.<\/p>\n<p>Dans une publication sur les r\u00e9seaux sociaux \u00e0 l\u2019issue de sa garde \u00e0 vue, S\u00e9bastien Delogu remercier les forces de l\u2019ordre \u00ab<i>qui se sont comport\u00e9es de mani\u00e8re irr\u00e9prochable<\/i>\u00bb et indiquait qu\u2019il allait s\u2019exprimer \u00ab<i>prochainement<\/i>\u00bb.<\/p>\n<\/p><\/div>\n","protected":false},"excerpt":{"rendered":"Le d&eacute;put&eacute; (LFI) de la 7e circonscription des Bouches-du-Rh&ocirc;ne S&eacute;bastien Delogu s&rsquo;est vu remettre &agrave; l&rsquo;issue de sa garde &agrave; vue jeudi soir une convocation par officier de police judiciaire, confirme &#8230;","protected":false},"author":1,"featured_media":40665,"comment_status":"open","ping_status":"open","sticky":false,"template":"","format":"standard","meta":{"footnotes":""},"categories":[918,3926,3925,330,20],"tags":[2196,10,200,541,16,2361,763,380,2033,2080,204,272],"news-destination":[3944],"news-source":[475],"is_homepage":[],"ta_other":[],"class_list":["post-40664","post","type-post","status-publish","format-standard","has-post-thumbnail","hentry","category-accueil","category-accueil-merge","category-accueil-third","category-politique","category-societe","tag-avocat","tag-bouches-du-rhone","tag-justice","tag-lfi","tag-marseille","tag-plainte","tag-police","tag-reseaux-sociaux","tag-sebastien-delogu","tag-tribunal","tag-tribunal-correctionnel","tag-violences","news-destination-homepage","news-source-website"],"_links":{"self":[{"href":"https:\/\/euapp01.newsmemory.com\/lamarseillaise\/news\/wp-json\/wp\/v2\/posts\/40664","targetHints":{"allow":["GET"]}}],"collection":[{"href":"https:\/\/euapp01.newsmemory.com\/lamarseillaise\/news\/wp-json\/wp\/v2\/posts"}],"about":[{"href":"https:\/\/euapp01.newsmemory.com\/lamarseillaise\/news\/wp-json\/wp\/v2\/types\/post"}],"author":[{"embeddable":true,"href":"https:\/\/euapp01.newsmemory.com\/lamarseillaise\/news\/wp-json\/wp\/v2\/users\/1"}],"replies":[{"embeddable":true,"href":"https:\/\/euapp01.newsmemory.com\/lamarseillaise\/news\/wp-json\/wp\/v2\/comments?post=40664"}],"version-history":[{"count":1,"href":"https:\/\/euapp01.newsmemory.com\/lamarseillaise\/news\/wp-json\/wp\/v2\/posts\/40664\/revisions"}],"predecessor-version":[{"id":40666,"href":"https:\/\/euapp01.newsmemory.com\/lamarseillaise\/news\/wp-json\/wp\/v2\/posts\/40664\/revisions\/40666"}],"wp:featuredmedia":[{"embeddable":true,"href":"https:\/\/euapp01.newsmemory.com\/lamarseillaise\/news\/wp-json\/wp\/v2\/media\/40665"}],"wp:attachment":[{"href":"https:\/\/euapp01.newsmemory.com\/lamarseillaise\/news\/wp-json\/wp\/v2\/media?parent=40664"}],"wp:term":[{"taxonomy":"category","embeddable":true,"href":"https:\/\/euapp01.newsmemory.com\/lamarseillaise\/news\/wp-json\/wp\/v2\/categories?post=40664"},{"taxonomy":"post_tag","embeddable":true,"href":"https:\/\/euapp01.newsmemory.com\/lamarseillaise\/news\/wp-json\/wp\/v2\/tags?post=40664"},{"taxonomy":"news-destination","embeddable":true,"href":"https:\/\/euapp01.newsmemory.com\/lamarseillaise\/news\/wp-json\/wp\/v2\/news-destination?post=40664"},{"taxonomy":"news-source","embeddable":true,"href":"https:\/\/euapp01.newsmemory.com\/lamarseillaise\/news\/wp-json\/wp\/v2\/news-source?post=40664"},{"taxonomy":"is_homepage","embeddable":true,"href":"https:\/\/euapp01.newsmemory.com\/lamarseillaise\/news\/wp-json\/wp\/v2\/is_homepage?post=40664"},{"taxonomy":"ta_other","embeddable":true,"href":"https:\/\/euapp01.newsmemory.com\/lamarseillaise\/news\/wp-json\/wp\/v2\/ta_other?post=40664"}],"curies":[{"name":"wp","href":"https:\/\/api.w.org\/{rel}","templated":true}]}}