{"id":40661,"date":"2026-08-28T10:28:00","date_gmt":"2026-08-28T08:28:00","guid":{"rendered":"https:\/\/euapp01.newsmemory.com\/lamarseillaise\/news\/?p=40661"},"modified":"2026-08-29T08:43:46","modified_gmt":"2026-08-29T06:43:46","slug":"la-rentree-frappee-par-des-fermetures-de-classes","status":"publish","type":"post","link":"https:\/\/euapp01.newsmemory.com\/lamarseillaise\/news\/2026\/08\/28\/la-rentree-frappee-par-des-fermetures-de-classes\/","title":{"rendered":"La rentr\u00e9e frapp\u00e9e par des fermetures de classes"},"content":{"rendered":"<div class=\"paragraph\">\n<p>\u00ab <i>A<\/i><i>vez-vous le chiffre des fermetures de classes cette ann\u00e9e et \u00e0 venir, notamment en milieu rural<\/i><i>\u00a0<\/i><i>? <\/i>\u00c0 cette question pos\u00e9e, mardi 25\u00a0ao\u00fbt \u00e0 Paris, lors d\u2019une rencontre avec des titres de la presse r\u00e9gionale (<i>La Marseillaise<\/i> n\u2019a pas \u00e9t\u00e9 convi\u00e9e), le ministre de l\u2019\u00c9ducation nationale, \u00c9douard Geffray, a pr\u00e9f\u00e9r\u00e9 botter en touche. <i>\u00ab<\/i><i>\u00a0<\/i><i>Pour cette rentr\u00e9e, nous avions tabl\u00e9 sur 150 000 \u00e9l\u00e8ves de moins. En fait, c\u2019est 161<\/i><i>\u00a0<\/i><i>000 \u00e9l\u00e8ves de moins dans le syst\u00e8me \u00e9ducatif \u00e0 la rentr\u00e9e. Nous sommes \u00e0 peine \u00e0 11,6<\/i><i>\u00a0<\/i><i>millions d\u2019\u00e9l\u00e8ves contre 12,3<\/i><i>\u00a0<\/i><i>millions en 2017. Nous sommes sur une baisse d\u00e9mographique majeure. Moi, je ne veux pas qu\u2019un maire d\u00e9couvre en mars ce qu\u2019il fait en septembre.<\/i><i>\u00a0<\/i><i>\u00bb <\/i>Pour la pr\u00e9cision de la r\u00e9ponse, on repassera. Les chiffres sont pourtant connus, d\u00e9partement par d\u00e9partement, commune par commune. Et le constat est sec\u00a0: la baisse de la d\u00e9mographie sert de pr\u00e9texte au gouvernement pour faire des \u00e9conomies budg\u00e9taires.<\/p>\n<p>Dans les d\u00e9partements du Gard et de l\u2019H\u00e9rault, en cette veille de rentr\u00e9e scolaire, mardi 1<sup>er<\/sup><sup>\u00a0<\/sup>septembre pour les \u00e9l\u00e8ves (la veille pour les enseignants), les suppressions de classes dans le premier degr\u00e9 (maternelle et primaire) se comptent par dizaines. Le Gard perd 58\u00a0classes pour seulement 15 ouvertures. Le d\u00e9partement voisin de l\u2019H\u00e9rault paie le prix fort avec 100 classes ferm\u00e9es pour seulement 60 ouvertures. 20 postes d\u2019enseignants sont aussi supprim\u00e9s.<\/p>\n<p>Les directeurs acad\u00e9miques des services de l\u2019\u00c9ducation nationale, les Dasen, appliquent les directives du minist\u00e8re et les rencontres avec les syndicats au sein des CSA (comit\u00e9s sociaux d\u2019administration) se sont consid\u00e9rablement tendues au fur et \u00e0 mesure que les projets de suppressions de classes se confirmaient.<\/p>\n<p>Pour le SNUipp de l\u2019H\u00e9rault, principal syndicat dans le premier degr\u00e9, <i>\u00ab<\/i><i>\u00a0<\/i><i>les syndicats font l\u2019amer constat que ce sont des \u00e9coles de m\u00eame profil, dans les m\u00eames quartiers, qui sont impact\u00e9es par ces d\u00e9cisions injustes, sans prendre en compte les difficult\u00e9s du terrain. Ce qui exacerbe le sentiment d\u2019iniquit\u00e9 ressenti par les habitants et les coll\u00e8gues.<\/i><i>\u00a0<\/i><i>\u00bb<\/i> Dans le Gard, la quasi-totalit\u00e9 des syndicats a vot\u00e9 fin juin contre les 58 fermetures de classes dont 20\u00a0classes en \u00e9ducation prioritaires, pr\u00e8s de la moiti\u00e9 d\u2019entre elles \u00e9tant situ\u00e9es \u00e0 N\u00eemes, d\u00e9taille le Syndicat des enseignants Unsa. <i>\u00ab<\/i><i>\u00a0<\/i><i>La parole des parents et des organisations syndicales repr\u00e9sentant les personnels n\u2019est pas entendue<\/i><i>\u00a0<\/i><i>\u00bb <\/i>rench\u00e9rit le SUipp34.<\/p>\n<p>Dans ce contexte, les r\u00e9sultats du dernier barom\u00e8tre du Syndicat des enseignants Unsa n\u2019ont rien d\u2019\u00e9tonnant. Ils sont ainsi trois sur quatre \u00e0 se d\u00e9clarer inquiets sur leur avenir, et 71% ne se sentent ni respect\u00e9s ni reconnus dans l\u2019exercice de leur m\u00e9tier, selon cette enqu\u00eate \u00e0 laquelle ont r\u00e9pondu plus de 42\u00a0000\u00a0agents et rendue publique \u00e0 la veille de la rentr\u00e9e.<\/p>\n<\/p><\/div>\n<div class=\"intext\"> \u00ab\u00a0Le salaire, fatigue majeure des personnels\u00a0\u00bb\n              <\/div>\n<div class=\"paragraph\">\n<p><i>\u00ab<\/i><i>\u00a0<\/i><i>\u00c7a dit quelque chose de tr\u00e8s important de la d\u00e9fiance qui s\u2019est install\u00e9e entre les personnels et entre les politiques \u00e9ducatives qui ont \u00e9t\u00e9 conduites ces derni\u00e8res ann\u00e9es<\/i><i>\u00a0<\/i><i>\u00bb<\/i>, souligne la secr\u00e9taire g\u00e9n\u00e9rale du syndicat enseignant, \u00c9lisabeth Allain-Moreno. <i>\u00ab<\/i><i>\u00a0<\/i><i>Le salaire est devenu la fatigue majeure des personnels de l\u2019\u00c9ducation nationale<\/i><i>\u00a0<\/i><i>\u00bb,<\/i> ajoute Julie Duhamel, secr\u00e9taire nationale du SE-Unsa. Pour 48% des r\u00e9pondants, le mot qui vient spontan\u00e9ment \u00e0 l\u2019esprit lorsqu\u2019ils pensent \u00e0 leur travail est celui de \u00ab\u00a0salaire\u00a0\u00bb, soit une hausse de 14 points par rapport \u00e0 2024. <i>\u00ab<\/i><i>\u00a0<\/i><i>Pour nombre d\u2019entre eux, le salaire de base n\u2019est plus suffisant pour vivre correctement de son m\u00e9tier<\/i><i>\u00a0<\/i><i>\u00bb<\/i>, a-t-elle d\u00e9plor\u00e9. Le syndicat r\u00e9clame une revalorisation g\u00e9n\u00e9rale des r\u00e9mun\u00e9rations, plut\u00f4t qu\u2019un recours accumul\u00e9 aux primes qui ne rentrent pas dans le calcul de la retraite. Pour \u00c9lisabeth Allain-Moreno, le malaise est le r\u00e9sultat de choix politiques accumul\u00e9s depuis plusieurs ann\u00e9es. <i>\u00ab<\/i><i>\u00a0<\/i><i>Le d\u00e9sengagement du gouvernement dans le service public<\/i><i>\u00a0<\/i><i>\u00bb <\/i>depuis l\u2019arriv\u00e9e d\u2019Emmanuel Macron au pouvoir en 2017 <i>\u00ab<\/i><i>\u00a0<\/i><i>\u00e0 des cons\u00e9quences dramatiques<\/i><i>\u00a0<\/i><i>\u00bb<\/i>, a-t-elle jug\u00e9.<\/p>\n<\/p><\/div>\n<div class=\"paragraph\">\n<p><b>Ch\u00e8re cantine \u00e0 B\u00e9ziers<\/b><\/p>\n<p>Alors que l\u2019\u00c9tat met fin \u00e0 l\u2019exp\u00e9rimentation de l\u2019uniforme \u00e0 l\u2019\u00e9cole, le maire d\u2019extr\u00eame droite de B\u00e9ziers le g\u00e9n\u00e9ralise au frais des Biterrois. En revanche, d\u00e9noncent les communistes, Robert M\u00e9nard n\u2019a pas vant\u00e9 la hausse des tarifs de la cantine de 20cts par repas. <i>\u00ab C\u2019est un coup dur pour les familles les plus pr\u00e9caires. \u00bb<\/i> Le PCF demande l\u2019annulation de la mesure et la cr\u00e9ation d\u2019un \u00e9chelon de gratuit\u00e9 <i>\u00ab pour les familles les plus modestes. \u00bb<\/i><\/p>\n<\/p><\/div>\n","protected":false},"excerpt":{"rendered":"&laquo; Avez-vous le chiffre des fermetures de classes cette ann&eacute;e et &agrave; venir, notamment en milieu rural&nbsp;? &Agrave; cette question pos&eacute;e, mardi 25&nbsp;ao&ucirc;t &agrave; Paris, lors d&rsquo;une rencontre avec des titres &#8230;","protected":false},"author":1,"featured_media":40662,"comment_status":"open","ping_status":"open","sticky":false,"template":"","format":"standard","meta":{"footnotes":""},"categories":[918,3926,3925,331,20],"tags":[874,236,430,977,822,411,410,926,3512,575,805,3912,238,528,239,445,284,978,3797,250,521,1594,2358,716,712,2200,1025,2555,364],"news-destination":[3944],"news-source":[475],"is_homepage":[],"ta_other":[],"class_list":["post-40661","post","type-post","status-publish","format-standard","has-post-thumbnail","hentry","category-accueil","category-accueil-merge","category-accueil-third","category-social","category-societe","tag-austerite","tag-beziers","tag-budget","tag-classes","tag-coupes-budgetaires","tag-ecoles","tag-education","tag-education-nationale","tag-education-prioritaire","tag-emmanuel-macron","tag-enseignants","tag-fermeture-de-classes","tag-gard","tag-gouvernement","tag-herault","tag-metiers","tag-occitanie","tag-parents","tag-parents-deleves","tag-pcf","tag-personnel","tag-postes","tag-primaires","tag-rentree","tag-rentree-scolaire","tag-retraite","tag-salaires","tag-suppressions-de-postes","tag-syndicats","news-destination-homepage","news-source-website"],"_links":{"self":[{"href":"https:\/\/euapp01.newsmemory.com\/lamarseillaise\/news\/wp-json\/wp\/v2\/posts\/40661","targetHints":{"allow":["GET"]}}],"collection":[{"href":"https:\/\/euapp01.newsmemory.com\/lamarseillaise\/news\/wp-json\/wp\/v2\/posts"}],"about":[{"href":"https:\/\/euapp01.newsmemory.com\/lamarseillaise\/news\/wp-json\/wp\/v2\/types\/post"}],"author":[{"embeddable":true,"href":"https:\/\/euapp01.newsmemory.com\/lamarseillaise\/news\/wp-json\/wp\/v2\/users\/1"}],"replies":[{"embeddable":true,"href":"https:\/\/euapp01.newsmemory.com\/lamarseillaise\/news\/wp-json\/wp\/v2\/comments?post=40661"}],"version-history":[{"count":1,"href":"https:\/\/euapp01.newsmemory.com\/lamarseillaise\/news\/wp-json\/wp\/v2\/posts\/40661\/revisions"}],"predecessor-version":[{"id":40663,"href":"https:\/\/euapp01.newsmemory.com\/lamarseillaise\/news\/wp-json\/wp\/v2\/posts\/40661\/revisions\/40663"}],"wp:featuredmedia":[{"embeddable":true,"href":"https:\/\/euapp01.newsmemory.com\/lamarseillaise\/news\/wp-json\/wp\/v2\/media\/40662"}],"wp:attachment":[{"href":"https:\/\/euapp01.newsmemory.com\/lamarseillaise\/news\/wp-json\/wp\/v2\/media?parent=40661"}],"wp:term":[{"taxonomy":"category","embeddable":true,"href":"https:\/\/euapp01.newsmemory.com\/lamarseillaise\/news\/wp-json\/wp\/v2\/categories?post=40661"},{"taxonomy":"post_tag","embeddable":true,"href":"https:\/\/euapp01.newsmemory.com\/lamarseillaise\/news\/wp-json\/wp\/v2\/tags?post=40661"},{"taxonomy":"news-destination","embeddable":true,"href":"https:\/\/euapp01.newsmemory.com\/lamarseillaise\/news\/wp-json\/wp\/v2\/news-destination?post=40661"},{"taxonomy":"news-source","embeddable":true,"href":"https:\/\/euapp01.newsmemory.com\/lamarseillaise\/news\/wp-json\/wp\/v2\/news-source?post=40661"},{"taxonomy":"is_homepage","embeddable":true,"href":"https:\/\/euapp01.newsmemory.com\/lamarseillaise\/news\/wp-json\/wp\/v2\/is_homepage?post=40661"},{"taxonomy":"ta_other","embeddable":true,"href":"https:\/\/euapp01.newsmemory.com\/lamarseillaise\/news\/wp-json\/wp\/v2\/ta_other?post=40661"}],"curies":[{"name":"wp","href":"https:\/\/api.w.org\/{rel}","templated":true}]}}