{"id":40658,"date":"2026-08-28T10:36:00","date_gmt":"2026-08-28T08:36:00","guid":{"rendered":"https:\/\/euapp01.newsmemory.com\/lamarseillaise\/news\/?p=40658"},"modified":"2026-08-29T08:43:46","modified_gmt":"2026-08-29T06:43:46","slug":"entretien-stephane-audebeau-snes-fsu-lecole-continue-a-senfoncer-doucement-mais-inexorablement","status":"publish","type":"post","link":"https:\/\/euapp01.newsmemory.com\/lamarseillaise\/news\/2026\/08\/28\/entretien-stephane-audebeau-snes-fsu-lecole-continue-a-senfoncer-doucement-mais-inexorablement\/","title":{"rendered":"[Entretien] St\u00e9phane Audebeau, Snes-FSU\u00ab&nbsp;L\u2019\u00c9cole continue \u00e0 s\u2019enfoncer doucement mais inexorablement&nbsp;\u00bb"},"content":{"rendered":"<div class=\"paragraph\">\n<p><b>La Marseillaise :<\/b><b> Si vous deviez noter la pr\u00e9paration de cette rentr\u00e9e, vous mettriez combien ? <\/b><\/p>\n<p>St\u00e9phane Audebeau : Je mettrais 4 sur 10. Pas la moyenne, parce qu\u2019il y a tr\u00e8s peu de choses qui changent alors que les enjeux sont \u00e9normes. Le ministre n\u2019a annonc\u00e9 aucune mesure importante face aux dysfonctionnements du syst\u00e8me \u00e9ducatif. L\u2019\u00c9cole continue donc \u00e0 s\u2019enfoncer doucement mais inexorablement. Le premier probl\u00e8me reste la lourdeur des effectifs. On parle de baisse d\u00e9mographique, mais elle se traduit surtout par des suppressions de postes de titulaires, d\u2019AED et, on le craint, de contractuels. Dans l\u2019acad\u00e9mie, tous les d\u00e9partements sont concern\u00e9s et le Gard a \u00e9t\u00e9 particuli\u00e8rement touch\u00e9 par les suppressions de postes d\u00e9cid\u00e9es lors de la pr\u00e9paration de cette rentr\u00e9e.<\/p>\n<p><b>Le minist\u00e8re r\u00e9pond justement qu\u2019il y a moins d\u2019\u00e9l\u00e8ves. Pourquoi ne pas r\u00e9duire aussi les postes ? <\/b><\/p>\n<p>S.A. : Parce que cette baisse d\u00e9mographique devrait au contraire \u00eatre une chance historique. On pourrait enfin r\u00e9duire les effectifs par classe. Dans l\u2019acad\u00e9mie, il faudrait plus de 120 \u00e9quivalents temps plein pour retrouver le taux d\u2019encadrement d\u2019avant les ann\u00e9es Macron-Blanquer. On tourne autour de 28 \u00e9l\u00e8ves au coll\u00e8ge, parfois 30 autour de Montpellier. Au lyc\u00e9e, on d\u00e9passe r\u00e9guli\u00e8rement 35, parfois 36. Pour faire vraiment du suivi individualis\u00e9 au coll\u00e8ge, notamment avec les \u00e9l\u00e8ves \u00e0 besoins particuliers, l\u2019id\u00e9al serait plut\u00f4t autour de 20. M\u00eame en \u00e9ducation prioritaire, on peut monter jusqu\u2019\u00e0 25\u00a0\u00e9l\u00e8ves par classe. Or ce sont justement des \u00e9tablissements o\u00f9 l\u2019accompagnement individuel est essentiel. On pourrait profiter de la baisse du nombre d\u2019\u00e9l\u00e8ves pour am\u00e9liorer durablement les conditions d\u2019apprentissage plut\u00f4t que supprimer les moyens en proportion.<\/p>\n<p><b>Le minist\u00e8re affirme pourtant que 96% des postes propos\u00e9s aux concours ont \u00e9t\u00e9 pourvus. \u00c7a ne vous rassure pas ? <\/b><\/p>\n<p>S.A. : Non, parce que le nombre de postes mis au concours a lui-m\u00eame baiss\u00e9. Cela ne garantit pas qu\u2019il y aura un professeur dans chaque discipline partout. On sait qu\u2019il y aura encore des manques, notamment en fran\u00e7ais, math\u00e9matiques, anglais ou technologie. Et m\u00eame si les postes sont pourvus la premi\u00e8re semaine, les absences arrivent vite. On manque de titulaire sur zone de remplacement (TZR), de rempla\u00e7ants, et il faut ensuite chercher des contractuels dans l\u2019urgence.<\/p>\n<p><b>Vous alertez aussi sur les AED et les AESH&#8230; <\/b><\/p>\n<p>S.A. : Oui. Dans le Gard, des postes d\u2019AED ont aussi \u00e9t\u00e9 supprim\u00e9s au nom de la baisse d\u00e9mographique. Mais ce n\u2019est pas m\u00e9canique : qu\u2019un \u00e9tablissement ait 200 ou 180 \u00e9l\u00e8ves, il faut toujours ouvrir le coll\u00e8ge, surveiller les permanences, faire fonctionner la vie scolaire. Pour les AESH, c\u2019est un probl\u00e8me permanent. Avec des contrats de 24 heures pay\u00e9s autour de 900 euros par mois, on n\u2019attire pas. Et avec la mutualisation, certaines doivent passer d\u2019un \u00e9tablissement \u00e0 l\u2019autre\u00a0; des \u00e9l\u00e8ves n\u2019ont parfois qu\u2019une heure d\u2019accompagnement par semaine. Pour nous, c\u2019est une forte d\u00e9gradation. Une AESH peut ainsi devoir choisir entre accompagner un \u00e9l\u00e8ve pendant une \u00e9valuation en math\u00e9matiques ou en laisser un autre sans aide dans un autre cours. On perd aussi la continuit\u00e9 du suivi, alors que la connaissance de l\u2019\u00e9l\u00e8ve et de ses besoins est essentielle. Et, derri\u00e8re, une partie de cette charge retombe sur les enseignants.<\/p>\n<p><b>Qu\u2019est-ce qui explique selon vous la crise d\u2019attractivit\u00e9 du m\u00e9tier ? <\/b><\/p>\n<p>S.A. : Le salaire reste essentiel, parce qu\u2019il traduit la reconnaissance d\u2019une profession. Un enseignant d\u00e9bute aujourd\u2019hui \u00e0 moins de 2 000 euros par mois. Dans les ann\u00e9es 1980, un d\u00e9butant \u00e0 bac +5 gagnait autour de trois fois le Smic ; aujourd\u2019hui, on est \u00e0 peine au-dessus. Mais il y a aussi les conditions de travail : classes charg\u00e9es, t\u00e2ches suppl\u00e9mentaires, nouvelles missions. Et pendant ce temps, le ministre parle du t\u00e9l\u00e9phone portable ou du 11-Novembre. Pour nous, c\u2019est un \u00e9cran de fum\u00e9e : les vrais probl\u00e8mes, ce sont les conditions d\u2019apprentissage des \u00e9l\u00e8ves.<\/p>\n<p><b>\u00c0 quelques jours de la rentr\u00e9e, <br \/>est-ce qu\u2019il reste encore des choses <br \/>\u00e0 faire bouger ? <\/b><\/p>\n<p>S.A. : Oui, il faut se battre jusqu\u2019au dernier moment. Les suppressions de divisions sont act\u00e9es, mais les effectifs r\u00e9els peuvent obliger \u00e0 revoir certaines d\u00e9cisions. La premi\u00e8re semaine, on va intervenir partout o\u00f9 il faudra obtenir des cr\u00e9ations de classes. Le probl\u00e8me, c\u2019est que beaucoup d\u2019arbitrages ont d\u00e9j\u00e0 \u00e9t\u00e9 faits en juin ou juillet. C\u2019est au moment o\u00f9 les \u00e9l\u00e8ves arrivent r\u00e9ellement dans les \u00e9tablissements que certaines situations deviennent intenables : une division qui manque, des inscriptions impossibles ou des classes beaucoup plus charg\u00e9es que pr\u00e9vu. Le syndicat compte donc utiliser les remont\u00e9es des \u00e9tablissements d\u00e8s les premiers jours pour r\u00e9clamer des ajustements.<\/p>\n<\/p><\/div>\n","protected":false},"excerpt":{"rendered":"La Marseillaise : Si vous deviez noter la pr&eacute;paration de cette rentr&eacute;e, vous mettriez combien ?","protected":false},"author":1,"featured_media":40659,"comment_status":"open","ping_status":"open","sticky":false,"template":"","format":"standard","meta":{"footnotes":""},"categories":[918,3926,3925,331],"tags":[1668,1533,1667,195,926,805,343,3912,238,239,284,1040,712,1025,1491,2555],"news-destination":[3944],"news-source":[475],"is_homepage":[],"ta_other":[],"class_list":["post-40658","post","type-post","status-publish","format-standard","has-post-thumbnail","hentry","category-accueil","category-accueil-merge","category-accueil-third","category-social","tag-academie-de-montpellier","tag-aed","tag-aesh","tag-conditions-de-travail","tag-education-nationale","tag-enseignants","tag-entretien","tag-fermeture-de-classes","tag-gard","tag-herault","tag-occitanie","tag-recrutements","tag-rentree-scolaire","tag-salaires","tag-stephane-audebeau","tag-suppressions-de-postes","news-destination-homepage","news-source-website"],"_links":{"self":[{"href":"https:\/\/euapp01.newsmemory.com\/lamarseillaise\/news\/wp-json\/wp\/v2\/posts\/40658","targetHints":{"allow":["GET"]}}],"collection":[{"href":"https:\/\/euapp01.newsmemory.com\/lamarseillaise\/news\/wp-json\/wp\/v2\/posts"}],"about":[{"href":"https:\/\/euapp01.newsmemory.com\/lamarseillaise\/news\/wp-json\/wp\/v2\/types\/post"}],"author":[{"embeddable":true,"href":"https:\/\/euapp01.newsmemory.com\/lamarseillaise\/news\/wp-json\/wp\/v2\/users\/1"}],"replies":[{"embeddable":true,"href":"https:\/\/euapp01.newsmemory.com\/lamarseillaise\/news\/wp-json\/wp\/v2\/comments?post=40658"}],"version-history":[{"count":1,"href":"https:\/\/euapp01.newsmemory.com\/lamarseillaise\/news\/wp-json\/wp\/v2\/posts\/40658\/revisions"}],"predecessor-version":[{"id":40660,"href":"https:\/\/euapp01.newsmemory.com\/lamarseillaise\/news\/wp-json\/wp\/v2\/posts\/40658\/revisions\/40660"}],"wp:featuredmedia":[{"embeddable":true,"href":"https:\/\/euapp01.newsmemory.com\/lamarseillaise\/news\/wp-json\/wp\/v2\/media\/40659"}],"wp:attachment":[{"href":"https:\/\/euapp01.newsmemory.com\/lamarseillaise\/news\/wp-json\/wp\/v2\/media?parent=40658"}],"wp:term":[{"taxonomy":"category","embeddable":true,"href":"https:\/\/euapp01.newsmemory.com\/lamarseillaise\/news\/wp-json\/wp\/v2\/categories?post=40658"},{"taxonomy":"post_tag","embeddable":true,"href":"https:\/\/euapp01.newsmemory.com\/lamarseillaise\/news\/wp-json\/wp\/v2\/tags?post=40658"},{"taxonomy":"news-destination","embeddable":true,"href":"https:\/\/euapp01.newsmemory.com\/lamarseillaise\/news\/wp-json\/wp\/v2\/news-destination?post=40658"},{"taxonomy":"news-source","embeddable":true,"href":"https:\/\/euapp01.newsmemory.com\/lamarseillaise\/news\/wp-json\/wp\/v2\/news-source?post=40658"},{"taxonomy":"is_homepage","embeddable":true,"href":"https:\/\/euapp01.newsmemory.com\/lamarseillaise\/news\/wp-json\/wp\/v2\/is_homepage?post=40658"},{"taxonomy":"ta_other","embeddable":true,"href":"https:\/\/euapp01.newsmemory.com\/lamarseillaise\/news\/wp-json\/wp\/v2\/ta_other?post=40658"}],"curies":[{"name":"wp","href":"https:\/\/api.w.org\/{rel}","templated":true}]}}