{"id":40655,"date":"2026-08-28T10:09:00","date_gmt":"2026-08-28T08:09:00","guid":{"rendered":"https:\/\/euapp01.newsmemory.com\/lamarseillaise\/news\/?p=40655"},"modified":"2026-08-28T10:29:36","modified_gmt":"2026-08-28T08:29:36","slug":"plus-quune-semaine-pour-voir-lexposition-toulon-for-ever","status":"publish","type":"post","link":"https:\/\/euapp01.newsmemory.com\/lamarseillaise\/news\/2026\/08\/28\/plus-quune-semaine-pour-voir-lexposition-toulon-for-ever\/","title":{"rendered":"Plus qu\u2019une semaine pour voir l\u2019exposition Toulon for ever"},"content":{"rendered":"<div class=\"paragraph\">\n<p>\u00ab\u00a0<i>Venez \u00e9lire sur place un 7<\/i><i><sup>e<\/sup><\/i><i>\u00a0<\/i><i>laur\u00e9at, parmi les photos de la r\u00e9trospective. \u00c0 l\u2019occasion des 10<\/i><i>\u00a0<\/i><i>ans du concours, le gagnant recevra un Prix sp\u00e9cial anniversaire.<\/i><\/p>\n<p><i>Il sera contact\u00e9 et annonc\u00e9 sur le compte Instagram @toulonforever2026 \u00e0 l\u2019issue de l\u2019exposition<\/i><i>\u00a0<\/i>\u00bb, indique la municipalit\u00e9.<\/p>\n<p><i>*Mairie d\u2019Honneur<\/i><\/p>\n<p><i>Du lundi au vendredi, de 9h \u00e0 16h 30<\/i><\/p>\n<p><i>Entr\u00e9e libre et gratuite<\/i><\/p>\n<\/p><\/div>\n","protected":false},"excerpt":{"rendered":"&laquo;&nbsp;Venez &eacute;lire sur place un 7e&nbsp;laur&eacute;at, parmi les photos de la r&eacute;trospective. &Agrave; l&rsquo;occasion des 10&nbsp;ans du concours, le gagnant recevra un Prix sp&eacute;cial anniversaire.Il sera contact&eacute; &#8230;","protected":false},"author":1,"featured_media":40656,"comment_status":"open","ping_status":"open","sticky":false,"template":"","format":"standard","meta":{"footnotes":""},"categories":[32],"tags":[2149,3251,279,1083,263,461,597,31],"news-destination":[],"news-source":[475],"is_homepage":[],"ta_other":[],"class_list":["post-40655","post","type-post","status-publish","format-standard","has-post-thumbnail","hentry","category-culture","tag-anniversaire","tag-expo-photo","tag-exposition","tag-gratuit","tag-photographie","tag-prix","tag-toulon","tag-var","news-source-website"],"_links":{"self":[{"href":"https:\/\/euapp01.newsmemory.com\/lamarseillaise\/news\/wp-json\/wp\/v2\/posts\/40655","targetHints":{"allow":["GET"]}}],"collection":[{"href":"https:\/\/euapp01.newsmemory.com\/lamarseillaise\/news\/wp-json\/wp\/v2\/posts"}],"about":[{"href":"https:\/\/euapp01.newsmemory.com\/lamarseillaise\/news\/wp-json\/wp\/v2\/types\/post"}],"author":[{"embeddable":true,"href":"https:\/\/euapp01.newsmemory.com\/lamarseillaise\/news\/wp-json\/wp\/v2\/users\/1"}],"replies":[{"embeddable":true,"href":"https:\/\/euapp01.newsmemory.com\/lamarseillaise\/news\/wp-json\/wp\/v2\/comments?post=40655"}],"version-history":[{"count":1,"href":"https:\/\/euapp01.newsmemory.com\/lamarseillaise\/news\/wp-json\/wp\/v2\/posts\/40655\/revisions"}],"predecessor-version":[{"id":40657,"href":"https:\/\/euapp01.newsmemory.com\/lamarseillaise\/news\/wp-json\/wp\/v2\/posts\/40655\/revisions\/40657"}],"wp:featuredmedia":[{"embeddable":true,"href":"https:\/\/euapp01.newsmemory.com\/lamarseillaise\/news\/wp-json\/wp\/v2\/media\/40656"}],"wp:attachment":[{"href":"https:\/\/euapp01.newsmemory.com\/lamarseillaise\/news\/wp-json\/wp\/v2\/media?parent=40655"}],"wp:term":[{"taxonomy":"category","embeddable":true,"href":"https:\/\/euapp01.newsmemory.com\/lamarseillaise\/news\/wp-json\/wp\/v2\/categories?post=40655"},{"taxonomy":"post_tag","embeddable":true,"href":"https:\/\/euapp01.newsmemory.com\/lamarseillaise\/news\/wp-json\/wp\/v2\/tags?post=40655"},{"taxonomy":"news-destination","embeddable":true,"href":"https:\/\/euapp01.newsmemory.com\/lamarseillaise\/news\/wp-json\/wp\/v2\/news-destination?post=40655"},{"taxonomy":"news-source","embeddable":true,"href":"https:\/\/euapp01.newsmemory.com\/lamarseillaise\/news\/wp-json\/wp\/v2\/news-source?post=40655"},{"taxonomy":"is_homepage","embeddable":true,"href":"https:\/\/euapp01.newsmemory.com\/lamarseillaise\/news\/wp-json\/wp\/v2\/is_homepage?post=40655"},{"taxonomy":"ta_other","embeddable":true,"href":"https:\/\/euapp01.newsmemory.com\/lamarseillaise\/news\/wp-json\/wp\/v2\/ta_other?post=40655"}],"curies":[{"name":"wp","href":"https:\/\/api.w.org\/{rel}","templated":true}]}}