{"id":40652,"date":"2026-08-28T10:11:00","date_gmt":"2026-08-28T08:11:00","guid":{"rendered":"https:\/\/euapp01.newsmemory.com\/lamarseillaise\/news\/?p=40652"},"modified":"2026-08-29T08:43:46","modified_gmt":"2026-08-29T06:43:46","slug":"a-monteux-la-municipalite-rn-demonte-les-lettres-des-locaux-de-la-mjc","status":"publish","type":"post","link":"https:\/\/euapp01.newsmemory.com\/lamarseillaise\/news\/2026\/08\/28\/a-monteux-la-municipalite-rn-demonte-les-lettres-des-locaux-de-la-mjc\/","title":{"rendered":"\u00c0 Monteux, la municipalit\u00e9 RN d\u00e9monte les lettres des locaux de la MJC"},"content":{"rendered":"<div class=\"paragraph\">\n<p>Nouvel \u00e9pisode dans les relations devenues complexes entre la nouvelle municipalit\u00e9 RN de Monteux et la Maison des jeunes et de la culture (MJC). Cet \u00e9t\u00e9, l\u2019association fond\u00e9e en 1964, avait vu sa subvention <a rel=\"noopener noreferrer\" href=\"https:\/\/www.lamarseillaise.fr\/culture\/malgre-les-coupes-drastiques-la-mjc-de-monteux-poursuit-ses-activites-MP20494901\" target=\"_blank\">passer de 45\u00a0<\/a><a rel=\"noopener noreferrer\" href=\"https:\/\/www.lamarseillaise.fr\/culture\/malgre-les-coupes-drastiques-la-mjc-de-monteux-poursuit-ses-activites-MP20494901\" target=\"_blank\">000\u00a0<\/a><a rel=\"noopener noreferrer\" href=\"https:\/\/www.lamarseillaise.fr\/culture\/malgre-les-coupes-drastiques-la-mjc-de-monteux-poursuit-ses-activites-MP20494901\" target=\"_blank\">\u00e0 5\u00a0<\/a><a rel=\"noopener noreferrer\" href=\"https:\/\/www.lamarseillaise.fr\/culture\/malgre-les-coupes-drastiques-la-mjc-de-monteux-poursuit-ses-activites-MP20494901\" target=\"_blank\">000\u00a0<\/a><a rel=\"noopener noreferrer\" href=\"https:\/\/www.lamarseillaise.fr\/culture\/malgre-les-coupes-drastiques-la-mjc-de-monteux-poursuit-ses-activites-MP20494901\" target=\"_blank\">euros. Un premier coup dur mais qui ne remet pas en cause, pour l\u2019heure, le fonctionnement de la MJC<\/a> pr\u00eate \u00e0 reprendre toutes ses activit\u00e9s le 7\u00a0septembre.<\/p>\n<p>Mais, ce lundi, un acte plus symbolique a d\u00e9contenanc\u00e9 la MJC. \u00ab\u00a0<i>Nous avons eu la surprise de voir des agents communaux d\u00e9monter l\u2019enseigne de la MJC, sans que quiconque nous ait contact\u00e9s<\/i>, relate Olivier Fraysse, administrateur de la MJC.<i> Ce sont nos salari\u00e9s qui ont d\u00e9couvert cette action, nous avons essay\u00e9 de comprendre pourquoi en interrogeant les services communaux, sans r\u00e9ponse de leur part, alors que c\u2019est la Ville qui avait mis ses lettres il y a quelques ann\u00e9es.<\/i><i>\u00a0<\/i>\u00bb Aucun contact n\u2019a \u00e9t\u00e9 depuis \u00e9tabli entre les deux parties. Un choix que le maire Patrice de Camaret motive par le fait que la MJC n\u2019est pas la seule occupante de ce b\u00e2timent communal, nomm\u00e9 l\u2019Atelier. \u00ab\u00a0<i>Il y a plusieurs associations qui y vivent et il \u00e9tait important de dire, c\u2019est un b\u00e2timent municipal. Donc on enl\u00e8ve celle qui pr\u00e9cisait que c\u2019est son territoire. Or, ce n\u2019est pas le sien<\/i><i>\u00a0<\/i>\u00bb, justifie l\u2019\u00e9dile sur <i>Ici<\/i><i>\u00a0<\/i><i>Vaucluse<\/i>. La MJC pr\u00e9f\u00e8re prendre la nouvelle avec ironie\u00a0: \u00ab\u00a0<i>Nous aimons imaginer que les services communaux vont faire \u00e0 notre enseigne un brin de toilette et une nouvelle peinture avant de la raccrocher pour le d\u00e9but de saison<\/i><i>\u00a0<\/i><i>!<\/i><i>\u00a0<\/i>\u00bb<\/p>\n<\/p><\/div>\n","protected":false},"excerpt":{"rendered":"Nouvel &eacute;pisode dans les relations devenues complexes entre la nouvelle municipalit&eacute; RN de Monteux et la Maison des jeunes et de la culture (MJC). Cet &eacute;t&eacute;, l&rsquo;association fond&eacute;e en 1964, avait vu sa subvention &#8230;","protected":false},"author":1,"featured_media":40653,"comment_status":"open","ping_status":"open","sticky":false,"template":"","format":"standard","meta":{"footnotes":""},"categories":[918,3926,3925,32,330,20],"tags":[495,168,59,1804,544,439,885,171],"news-destination":[3944],"news-source":[475],"is_homepage":[],"ta_other":[],"class_list":["post-40652","post","type-post","status-publish","format-standard","has-post-thumbnail","hentry","category-accueil","category-accueil-merge","category-accueil-third","category-culture","category-politique","category-societe","tag-495","tag-association","tag-jeunes","tag-mjc","tag-rassemblement-national","tag-rn","tag-subvention","tag-vaucluse","news-destination-homepage","news-source-website"],"_links":{"self":[{"href":"https:\/\/euapp01.newsmemory.com\/lamarseillaise\/news\/wp-json\/wp\/v2\/posts\/40652","targetHints":{"allow":["GET"]}}],"collection":[{"href":"https:\/\/euapp01.newsmemory.com\/lamarseillaise\/news\/wp-json\/wp\/v2\/posts"}],"about":[{"href":"https:\/\/euapp01.newsmemory.com\/lamarseillaise\/news\/wp-json\/wp\/v2\/types\/post"}],"author":[{"embeddable":true,"href":"https:\/\/euapp01.newsmemory.com\/lamarseillaise\/news\/wp-json\/wp\/v2\/users\/1"}],"replies":[{"embeddable":true,"href":"https:\/\/euapp01.newsmemory.com\/lamarseillaise\/news\/wp-json\/wp\/v2\/comments?post=40652"}],"version-history":[{"count":1,"href":"https:\/\/euapp01.newsmemory.com\/lamarseillaise\/news\/wp-json\/wp\/v2\/posts\/40652\/revisions"}],"predecessor-version":[{"id":40654,"href":"https:\/\/euapp01.newsmemory.com\/lamarseillaise\/news\/wp-json\/wp\/v2\/posts\/40652\/revisions\/40654"}],"wp:featuredmedia":[{"embeddable":true,"href":"https:\/\/euapp01.newsmemory.com\/lamarseillaise\/news\/wp-json\/wp\/v2\/media\/40653"}],"wp:attachment":[{"href":"https:\/\/euapp01.newsmemory.com\/lamarseillaise\/news\/wp-json\/wp\/v2\/media?parent=40652"}],"wp:term":[{"taxonomy":"category","embeddable":true,"href":"https:\/\/euapp01.newsmemory.com\/lamarseillaise\/news\/wp-json\/wp\/v2\/categories?post=40652"},{"taxonomy":"post_tag","embeddable":true,"href":"https:\/\/euapp01.newsmemory.com\/lamarseillaise\/news\/wp-json\/wp\/v2\/tags?post=40652"},{"taxonomy":"news-destination","embeddable":true,"href":"https:\/\/euapp01.newsmemory.com\/lamarseillaise\/news\/wp-json\/wp\/v2\/news-destination?post=40652"},{"taxonomy":"news-source","embeddable":true,"href":"https:\/\/euapp01.newsmemory.com\/lamarseillaise\/news\/wp-json\/wp\/v2\/news-source?post=40652"},{"taxonomy":"is_homepage","embeddable":true,"href":"https:\/\/euapp01.newsmemory.com\/lamarseillaise\/news\/wp-json\/wp\/v2\/is_homepage?post=40652"},{"taxonomy":"ta_other","embeddable":true,"href":"https:\/\/euapp01.newsmemory.com\/lamarseillaise\/news\/wp-json\/wp\/v2\/ta_other?post=40652"}],"curies":[{"name":"wp","href":"https:\/\/api.w.org\/{rel}","templated":true}]}}