{"id":40649,"date":"2026-08-28T09:39:00","date_gmt":"2026-08-28T07:39:00","guid":{"rendered":"https:\/\/euapp01.newsmemory.com\/lamarseillaise\/news\/?p=40649"},"modified":"2026-08-29T08:43:46","modified_gmt":"2026-08-29T06:43:46","slug":"hommage-a-mala-kriegel-assassinee-par-les-nazis","status":"publish","type":"post","link":"https:\/\/euapp01.newsmemory.com\/lamarseillaise\/news\/2026\/08\/28\/hommage-a-mala-kriegel-assassinee-par-les-nazis\/","title":{"rendered":"Hommage \u00e0 Mala Kriegel assassin\u00e9e par les nazis"},"content":{"rendered":"<div class=\"paragraph\">\n<p>Alors que la Lib\u00e9ration de Marseille a commenc\u00e9, que nos fondateurs ont pris d\u2019assaut le si\u00e8ge du journal collaborationniste <i>Le Petit Marseillais<\/i> et que <i>La<\/i><i>\u00a0<\/i><i>Marseillaise <\/i>para\u00eet au grand jour depuis le 24\u00a0ao\u00fbt, le destin de Mala Kriegel bascule boulevard Oddo dans le 15<sup>e<\/sup>\u00a0arrondissement de Marseille alors qu\u2019elle n\u2019a pas encore 32\u00a0ans.<\/p>\n<p>Accompagn\u00e9e de trois autres r\u00e9sistants, elle diffuse notre journal. Leur voiture orn\u00e9e d\u2019un drapeau tricolore est stopp\u00e9e par une patrouille nazie en embuscade. Ils sont tir\u00e9s du v\u00e9hicule, plaqu\u00e9s au mur, trait\u00e9s de terroristes. Un coup de sifflet. Ils sont laiss\u00e9s pour morts.<\/p>\n<p>Tomb\u00e9e au sol, Mala Kriegel est tr\u00e8s gri\u00e8vement bless\u00e9e. Elle touche ses blessures, perd beaucoup de sang, comprend qu\u2019elle va mourir. Pour lui \u00e9viter de r\u00e9p\u00e9ter son geste, les camarades qui lui portent secours lui couvrent le corps d\u2019exemplaires de <i>La<\/i><i>\u00a0<\/i><i>Marseillaise.<\/i><\/p>\n<\/p><\/div>\n<div class=\"intext\"> Une h\u00e9ro\u00efne\n              <\/div>\n<div class=\"paragraph\">\n<p>Premi\u00e8re femme du r\u00e9sistant Maurice Kriegel-Valrimont, Mala Kriegel vivait \u00e0 Marseille avec le r\u00e9sistant communiste allemand, Hermann Burkhardt.<\/p>\n<p>Elle \u00e9tait n\u00e9e Mala Ehrlischster le 15\u00a0septembre 1912 \u00e0 Varsovie, en Pologne. Juive, communiste, r\u00e9sistante, elle \u00e9tait tout ce que les nazis ha\u00efssaient. Elle \u00e9tait une h\u00e9ro\u00efne, notre s\u0153ur en humanit\u00e9, elle est notre honneur.<\/p>\n<\/p><\/div>\n","protected":false},"excerpt":{"rendered":"Alors que la Lib&eacute;ration de Marseille a commenc&eacute;, que nos fondateurs ont pris d&rsquo;assaut le si&egrave;ge du journal collaborationniste Le Petit Marseillais et que La&nbsp;Marseillaise para&icirc;t au grand jour depuis le &#8230;","protected":false},"author":1,"featured_media":40650,"comment_status":"open","ping_status":"open","sticky":false,"template":"","format":"standard","meta":{"footnotes":""},"categories":[918,3926,3925,330,20],"tags":[10,3325,389,126,1647,6331,16,4169,2438,1729,4253],"news-destination":[3944],"news-source":[475],"is_homepage":[],"ta_other":[],"class_list":["post-40649","post","type-post","status-publish","format-standard","has-post-thumbnail","hentry","category-accueil","category-accueil-merge","category-accueil-third","category-politique","category-societe","tag-bouches-du-rhone","tag-commemoration","tag-hommage","tag-la-marseillaise","tag-liberation","tag-mala-kriegel","tag-marseille","tag-nazis","tag-nazisme","tag-resistance","tag-resistants","news-destination-homepage","news-source-website"],"_links":{"self":[{"href":"https:\/\/euapp01.newsmemory.com\/lamarseillaise\/news\/wp-json\/wp\/v2\/posts\/40649","targetHints":{"allow":["GET"]}}],"collection":[{"href":"https:\/\/euapp01.newsmemory.com\/lamarseillaise\/news\/wp-json\/wp\/v2\/posts"}],"about":[{"href":"https:\/\/euapp01.newsmemory.com\/lamarseillaise\/news\/wp-json\/wp\/v2\/types\/post"}],"author":[{"embeddable":true,"href":"https:\/\/euapp01.newsmemory.com\/lamarseillaise\/news\/wp-json\/wp\/v2\/users\/1"}],"replies":[{"embeddable":true,"href":"https:\/\/euapp01.newsmemory.com\/lamarseillaise\/news\/wp-json\/wp\/v2\/comments?post=40649"}],"version-history":[{"count":1,"href":"https:\/\/euapp01.newsmemory.com\/lamarseillaise\/news\/wp-json\/wp\/v2\/posts\/40649\/revisions"}],"predecessor-version":[{"id":40651,"href":"https:\/\/euapp01.newsmemory.com\/lamarseillaise\/news\/wp-json\/wp\/v2\/posts\/40649\/revisions\/40651"}],"wp:featuredmedia":[{"embeddable":true,"href":"https:\/\/euapp01.newsmemory.com\/lamarseillaise\/news\/wp-json\/wp\/v2\/media\/40650"}],"wp:attachment":[{"href":"https:\/\/euapp01.newsmemory.com\/lamarseillaise\/news\/wp-json\/wp\/v2\/media?parent=40649"}],"wp:term":[{"taxonomy":"category","embeddable":true,"href":"https:\/\/euapp01.newsmemory.com\/lamarseillaise\/news\/wp-json\/wp\/v2\/categories?post=40649"},{"taxonomy":"post_tag","embeddable":true,"href":"https:\/\/euapp01.newsmemory.com\/lamarseillaise\/news\/wp-json\/wp\/v2\/tags?post=40649"},{"taxonomy":"news-destination","embeddable":true,"href":"https:\/\/euapp01.newsmemory.com\/lamarseillaise\/news\/wp-json\/wp\/v2\/news-destination?post=40649"},{"taxonomy":"news-source","embeddable":true,"href":"https:\/\/euapp01.newsmemory.com\/lamarseillaise\/news\/wp-json\/wp\/v2\/news-source?post=40649"},{"taxonomy":"is_homepage","embeddable":true,"href":"https:\/\/euapp01.newsmemory.com\/lamarseillaise\/news\/wp-json\/wp\/v2\/is_homepage?post=40649"},{"taxonomy":"ta_other","embeddable":true,"href":"https:\/\/euapp01.newsmemory.com\/lamarseillaise\/news\/wp-json\/wp\/v2\/ta_other?post=40649"}],"curies":[{"name":"wp","href":"https:\/\/api.w.org\/{rel}","templated":true}]}}