{"id":40646,"date":"2026-08-28T09:41:00","date_gmt":"2026-08-28T07:41:00","guid":{"rendered":"https:\/\/euapp01.newsmemory.com\/lamarseillaise\/news\/?p=40646"},"modified":"2026-08-28T10:05:18","modified_gmt":"2026-08-28T08:05:18","slug":"entretien-nach-la-musique-a-ete-comme-une-espece-de-premier-langage","status":"publish","type":"post","link":"https:\/\/euapp01.newsmemory.com\/lamarseillaise\/news\/2026\/08\/28\/entretien-nach-la-musique-a-ete-comme-une-espece-de-premier-langage\/","title":{"rendered":"[Entretien] Nach : \u00ab&nbsp;La musique a \u00e9t\u00e9 comme une esp\u00e8ce de premier langage&nbsp;\u00bb"},"content":{"rendered":"<div class=\"paragraph\">\n<p>La Marseillaise\u00a0: <b>Comment vous \u00eates-vous lanc\u00e9e dans la musique<\/b><b>\u00a0<\/b><b>?<\/b><\/p>\n<p>Anna Chedid\u00a0: J\u2019ai baign\u00e9 dans la musique depuis mon plus jeune \u00e2ge, puisque, autour de moi, j\u2019ai beaucoup d\u2019artistes et notamment des musiciens dans la famille. Donc la musique a \u00e9t\u00e9 comme une esp\u00e8ce de premier langage. Quand j\u2019ai grandi, j\u2019ai fait des \u00e9tudes musicales, du chant lyrique, j\u2019ai accompagn\u00e9 des artistes en tant que choriste et clavi\u00e9riste sur des tourn\u00e9es quand j\u2019avais une vingtaine d\u2019ann\u00e9es. Finalement, j\u2019ai \u00e9crit des chansons et j\u2019ai commenc\u00e9 \u00e0 sortir mes albums.<\/p>\n<p>Mon album est sorti en 2015 et depuis, je fais des tourn\u00e9es sous le nom de Nach. Et \u00e0 c\u00f4t\u00e9 de \u00e7a, je fais aussi de la direction musicale et je suis productrice. J\u2019ai mon propre label, je produis mes projets.<\/p>\n<p><b>Avez-vous toujours voulu \u00eatre musicienne<\/b><b>\u00a0<\/b><b>?<\/b><\/p>\n<p>A.C.\u00a0: Non. Quand j\u2019\u00e9tais petite, je voulais \u00eatre psychologue. J\u2019ai toujours \u00e9t\u00e9 int\u00e9ress\u00e9e par l\u2019\u00e9motion et par comment la transmettre et la transformer. Donc le c\u00f4t\u00e9 psychologique et \u00e9motionnel m\u2019a toujours beaucoup plu. Pour moi, il y a tout un aspect th\u00e9rapeutique dans le fait d\u2019\u00eatre artiste et de retransmettre des \u00e9motions.<\/p>\n<p><b>Comment s\u2019est organis\u00e9e votre venue au festival Au Top<\/b><b>\u00a0<\/b><b>?<\/b><\/p>\n<p>A.C.\u00a0: Mon nouvel album sort en janvier et la tourn\u00e9e commence en f\u00e9vrier, donc c\u2019est vraiment un concert qu\u2019on va faire en exclu totale, avant la sortie officielle de ce projet. Je connais un peu Gr\u00e9gory Montel qui a mont\u00e9 le Top Festival avec ses amis \u00e0 Digne. Il a entendu parler de ce projet \u00e9lectronique, qui est un aspect de ma musique qu\u2019on ne conna\u00eet pas encore tr\u00e8s bien, et qui allait bien dans ce festival parce qu\u2019il y a une programmation assez \u00e9lectro. Donc il m\u2019a propos\u00e9 de venir pr\u00e9senter en exclusivit\u00e9 L\u2019\u00c2me \u00e9lectronique l\u00e0-bas.<\/p>\n<p><b>Avez-vous un moment qui vous a particuli\u00e8rement marqu\u00e9e dans votre carri\u00e8re<\/b><b>\u00a0<\/b><b>?<\/b><\/p>\n<p>A.C.\u00a0: Oui, c\u2019est assez r\u00e9cent, c\u2019\u00e9tait le 18\u00a0mars 2025. J\u2019ai fait mon premier Olympia, avec Peau Neuve, mon album que j\u2019ai produit toute seule, \u00e9crit, compos\u00e9, r\u00e9alis\u00e9 d\u2019une mani\u00e8re tr\u00e8s ind\u00e9pendante. Et j\u2019ai r\u00e9ussi, sans \u00eatre dans une maison de disques, \u00e0 faire mon premier Olympia. C\u2019\u00e9tait vraiment mon r\u00eave depuis que j\u2019\u00e9tais toute petite. D\u2019avoir fait cette date, c\u2019\u00e9tait pour moi un moment que je n\u2019oublierai jamais.<\/p>\n<p><b>Est-ce que vous avez ressenti, au cours de votre carri\u00e8re, que vous \u00e9tiez ramen\u00e9e \u00e0 votre famille, vue comme la fille de, la s\u0153ur de<\/b><b>\u00a0<\/b><b>?<\/b><\/p>\n<p>A.C.\u00a0: Oui. Mon p\u00e8re et mes fr\u00e8res Matthieu et Joseph l\u2019ont ressenti aussi. Billie, la fille de Matthieu aussi. On est dans une famille d\u2019artistes \u00e0 chaque \u00e9tage, on est nombreux \u00e0 faire ce m\u00e9tier, \u00e0 \u00e9voluer dans le m\u00eame milieu artistique, donc c\u2019est normal, on est compar\u00e9s. Mais, quelque part, c\u2019est plus une richesse. Chacun fait son histoire. On fait partie de la m\u00eame famille, mais il y a autant de personnes que de carri\u00e8res et de sensibilit\u00e9s. On ne touche pas exactement les m\u00eames publics, on n\u2019a pas la m\u00eame carri\u00e8re, et on ne fantasme pas forc\u00e9ment sur celle des autres. Chacun est plut\u00f4t content. Nos carri\u00e8res nous ressemblent profond\u00e9ment, donc il n\u2019y a pas forc\u00e9ment de frustration de notre c\u00f4t\u00e9. Apr\u00e8s, parfois, effectivement, on est attendus au tournant parce qu\u2019on vient de cette famille. Mais bon, aujourd\u2019hui, c\u2019est plus trop une souffrance. Au d\u00e9but, je pense que c\u2019est pour \u00e7a que j\u2019ai choisi de ne pas utiliser mon nom de famille comme nom de sc\u00e8ne. C\u2019\u00e9tait une mani\u00e8re de m\u2019\u00e9manciper un peu et de me dire \u00ab\u00a0tu pourras cr\u00e9er ce que tu veux avec cet avatar\u00a0\u00bb. Cela permet de changer d\u2019identit\u00e9 et de faire de nouvelles exp\u00e9riences.<\/p>\n<p><b>Est-ce qu\u2019on vous a d\u00e9j\u00e0 accus\u00e9e d\u2019\u00eatre une nepo baby<\/b><b>\u00a0<\/b><b>?<\/b><\/p>\n<p>A.C.\u00a0: Oui, bien s\u00fbr. Peut-\u00eatre que c\u2019est le cas. Je ne me pose pas trop ces questions-l\u00e0, dans le sens o\u00f9, pour moi, un artiste, c\u2019est un artiste. Tout le monde est l\u00e9gitime d\u2019\u00eatre artiste, quel que soit son arbre g\u00e9n\u00e9alogique. Un artiste qui a des choses \u00e0 dire et qui a envie de partager des belles choses avec les gens, il trouve son public. Je ne sais pas si c\u2019est plus facile ou plus dur. Je pense qu\u2019on ne peut pas vraiment le quantifier, le savoir. Par contre, il faut rester humble, c\u2019est dur pour tout le monde. Parfois, il y a des miracles pour des gens qui ne viennent pas du tout du milieu. C\u2019est vraiment al\u00e9atoire. L\u2019important, c\u2019est d\u2019\u00eatre honn\u00eate, de faire des choses avec le c\u0153ur et avec humilit\u00e9, quelle que soit notre histoire.<\/p>\n<\/p><\/div>\n<div class=\"paragraph\">\n<p><i>Dates de la tourn\u00e9e \u00e0 venir sur <a rel=\"nofollow noopener noreferrer\" href=\"http:\/\/www.instagram.com\/nachmusicofficiel\" target=\"_blank\">instagram.com\/nachmusicofficiel<\/a><\/i><\/p>\n<\/p><\/div>\n","protected":false},"excerpt":{"rendered":"La Marseillaise&nbsp;: Comment vous &ecirc;tes-vous lanc&eacute;e dans la musique&nbsp;?","protected":false},"author":1,"featured_media":40647,"comment_status":"open","ping_status":"open","sticky":false,"template":"","format":"standard","meta":{"footnotes":""},"categories":[32],"tags":[3293,4768,4467,1236,6085,2351,4706,3409,34,1272,329,979,325,2230],"news-destination":[],"news-source":[475],"is_homepage":[],"ta_other":[],"class_list":["post-40646","post","type-post","status-publish","format-standard","has-post-thumbnail","hentry","category-culture","tag-album","tag-alpes","tag-alpes-de-haute-provence","tag-artistes","tag-cest-lete","tag-carriere","tag-chansons","tag-chant","tag-concert","tag-electro","tag-festival","tag-label","tag-musique","tag-scene","news-source-website"],"_links":{"self":[{"href":"https:\/\/euapp01.newsmemory.com\/lamarseillaise\/news\/wp-json\/wp\/v2\/posts\/40646","targetHints":{"allow":["GET"]}}],"collection":[{"href":"https:\/\/euapp01.newsmemory.com\/lamarseillaise\/news\/wp-json\/wp\/v2\/posts"}],"about":[{"href":"https:\/\/euapp01.newsmemory.com\/lamarseillaise\/news\/wp-json\/wp\/v2\/types\/post"}],"author":[{"embeddable":true,"href":"https:\/\/euapp01.newsmemory.com\/lamarseillaise\/news\/wp-json\/wp\/v2\/users\/1"}],"replies":[{"embeddable":true,"href":"https:\/\/euapp01.newsmemory.com\/lamarseillaise\/news\/wp-json\/wp\/v2\/comments?post=40646"}],"version-history":[{"count":1,"href":"https:\/\/euapp01.newsmemory.com\/lamarseillaise\/news\/wp-json\/wp\/v2\/posts\/40646\/revisions"}],"predecessor-version":[{"id":40648,"href":"https:\/\/euapp01.newsmemory.com\/lamarseillaise\/news\/wp-json\/wp\/v2\/posts\/40646\/revisions\/40648"}],"wp:featuredmedia":[{"embeddable":true,"href":"https:\/\/euapp01.newsmemory.com\/lamarseillaise\/news\/wp-json\/wp\/v2\/media\/40647"}],"wp:attachment":[{"href":"https:\/\/euapp01.newsmemory.com\/lamarseillaise\/news\/wp-json\/wp\/v2\/media?parent=40646"}],"wp:term":[{"taxonomy":"category","embeddable":true,"href":"https:\/\/euapp01.newsmemory.com\/lamarseillaise\/news\/wp-json\/wp\/v2\/categories?post=40646"},{"taxonomy":"post_tag","embeddable":true,"href":"https:\/\/euapp01.newsmemory.com\/lamarseillaise\/news\/wp-json\/wp\/v2\/tags?post=40646"},{"taxonomy":"news-destination","embeddable":true,"href":"https:\/\/euapp01.newsmemory.com\/lamarseillaise\/news\/wp-json\/wp\/v2\/news-destination?post=40646"},{"taxonomy":"news-source","embeddable":true,"href":"https:\/\/euapp01.newsmemory.com\/lamarseillaise\/news\/wp-json\/wp\/v2\/news-source?post=40646"},{"taxonomy":"is_homepage","embeddable":true,"href":"https:\/\/euapp01.newsmemory.com\/lamarseillaise\/news\/wp-json\/wp\/v2\/is_homepage?post=40646"},{"taxonomy":"ta_other","embeddable":true,"href":"https:\/\/euapp01.newsmemory.com\/lamarseillaise\/news\/wp-json\/wp\/v2\/ta_other?post=40646"}],"curies":[{"name":"wp","href":"https:\/\/api.w.org\/{rel}","templated":true}]}}