{"id":40643,"date":"2026-08-28T09:44:00","date_gmt":"2026-08-28T07:44:00","guid":{"rendered":"https:\/\/euapp01.newsmemory.com\/lamarseillaise\/news\/?p=40643"},"modified":"2026-08-28T10:05:18","modified_gmt":"2026-08-28T08:05:18","slug":"cest-lete-la-derniere-d-avant-le-soir-a-marseille","status":"publish","type":"post","link":"https:\/\/euapp01.newsmemory.com\/lamarseillaise\/news\/2026\/08\/28\/cest-lete-la-derniere-d-avant-le-soir-a-marseille\/","title":{"rendered":"[C\u2019est l\u2019\u00e9t\u00e9] La derni\u00e8re d\u2019\u00ab&nbsp;avant le soir&nbsp;\u00bb \u00e0 Marseille"},"content":{"rendered":"<div class=\"paragraph\">\n<p>Depuis le 6\u00a0juillet, les parcs et jardins du premier et septi\u00e8me arrondissement accueillent le festival \u00ab\u00a0Avant le soir\u00a0\u00bb, celui-ci a donn\u00e9 rendez-vous aux Marseillaises et Marseillais tout au long de l\u2019\u00e9t\u00e9 pour une trentaine de soir\u00e9es d\u00e9di\u00e9s au th\u00e9\u00e2tre. Au cours de ces 30\u00a0soir\u00e9es, une dizaine de troupes ont pu se produire, avec des styles divers comme du th\u00e9\u00e2tre musical, du cabaret th\u00e9\u00e2tre ou encore des repr\u00e9sentations de conte th\u00e9\u00e2tral.<\/p>\n<p>Pour sa derni\u00e8re repr\u00e9sentation le vendredi 28\u00a0ao\u00fbt, c\u2019est le collectif du transbordeur, sur le th\u00e8me du th\u00e9\u00e2tre musical, qui cl\u00f4turera l\u2019\u00e9v\u00e8nement avec son spectacle <i>La Ravanne de Daniella<\/i>. Celui-ci est issu de l\u2019adaptation du roman jeunesse \u00e9ponyme d\u2019Amarnath Hosany. Il aborde les questions d\u2019\u00e9galit\u00e9 filles-gar\u00e7ons et de libert\u00e9 d\u2019\u00eatre soi en m\u00ealant th\u00e9\u00e2tre, conte et musique \u00ab\u00a0s\u00e9ga\u00a0\u00bb, fran\u00e7ais et cr\u00e9ole mauricien.<\/p>\n<p>L\u2019\u00e9v\u00e8nement, comme toutes les autres repr\u00e9sentations qui ont pu avoir lieu, est totalement gratuit et accessible aux personnes en situation de handicap. Plus d\u2019informations sont \u00e0 retrouver sur le site de l\u2019\u00e9t\u00e9 marseillais.<\/p>\n<p><b>Louis Golliot<\/b><\/p>\n<\/p><\/div>\n","protected":false},"excerpt":{"rendered":"Depuis le 6&nbsp;juillet, les parcs et jardins du premier et septi&egrave;me arrondissement accueillent le festival &laquo;&nbsp;Avant le soir&nbsp;&raquo;, celui-ci a donn&eacute; rendez-vous aux Marseillaises et Marseillais tout au long de &#8230;","protected":false},"author":1,"featured_media":40644,"comment_status":"open","ping_status":"open","sticky":false,"template":"","format":"standard","meta":{"footnotes":""},"categories":[32],"tags":[1776,10,6085,3725,329,1083,16,325,1698,1241],"news-destination":[],"news-source":[475],"is_homepage":[],"ta_other":[],"class_list":["post-40643","post","type-post","status-publish","format-standard","has-post-thumbnail","hentry","category-culture","tag-accessibilite","tag-bouches-du-rhone","tag-cest-lete","tag-cabaret","tag-festival","tag-gratuit","tag-marseille","tag-musique","tag-saison-estivale","tag-theatre","news-source-website"],"_links":{"self":[{"href":"https:\/\/euapp01.newsmemory.com\/lamarseillaise\/news\/wp-json\/wp\/v2\/posts\/40643","targetHints":{"allow":["GET"]}}],"collection":[{"href":"https:\/\/euapp01.newsmemory.com\/lamarseillaise\/news\/wp-json\/wp\/v2\/posts"}],"about":[{"href":"https:\/\/euapp01.newsmemory.com\/lamarseillaise\/news\/wp-json\/wp\/v2\/types\/post"}],"author":[{"embeddable":true,"href":"https:\/\/euapp01.newsmemory.com\/lamarseillaise\/news\/wp-json\/wp\/v2\/users\/1"}],"replies":[{"embeddable":true,"href":"https:\/\/euapp01.newsmemory.com\/lamarseillaise\/news\/wp-json\/wp\/v2\/comments?post=40643"}],"version-history":[{"count":1,"href":"https:\/\/euapp01.newsmemory.com\/lamarseillaise\/news\/wp-json\/wp\/v2\/posts\/40643\/revisions"}],"predecessor-version":[{"id":40645,"href":"https:\/\/euapp01.newsmemory.com\/lamarseillaise\/news\/wp-json\/wp\/v2\/posts\/40643\/revisions\/40645"}],"wp:featuredmedia":[{"embeddable":true,"href":"https:\/\/euapp01.newsmemory.com\/lamarseillaise\/news\/wp-json\/wp\/v2\/media\/40644"}],"wp:attachment":[{"href":"https:\/\/euapp01.newsmemory.com\/lamarseillaise\/news\/wp-json\/wp\/v2\/media?parent=40643"}],"wp:term":[{"taxonomy":"category","embeddable":true,"href":"https:\/\/euapp01.newsmemory.com\/lamarseillaise\/news\/wp-json\/wp\/v2\/categories?post=40643"},{"taxonomy":"post_tag","embeddable":true,"href":"https:\/\/euapp01.newsmemory.com\/lamarseillaise\/news\/wp-json\/wp\/v2\/tags?post=40643"},{"taxonomy":"news-destination","embeddable":true,"href":"https:\/\/euapp01.newsmemory.com\/lamarseillaise\/news\/wp-json\/wp\/v2\/news-destination?post=40643"},{"taxonomy":"news-source","embeddable":true,"href":"https:\/\/euapp01.newsmemory.com\/lamarseillaise\/news\/wp-json\/wp\/v2\/news-source?post=40643"},{"taxonomy":"is_homepage","embeddable":true,"href":"https:\/\/euapp01.newsmemory.com\/lamarseillaise\/news\/wp-json\/wp\/v2\/is_homepage?post=40643"},{"taxonomy":"ta_other","embeddable":true,"href":"https:\/\/euapp01.newsmemory.com\/lamarseillaise\/news\/wp-json\/wp\/v2\/ta_other?post=40643"}],"curies":[{"name":"wp","href":"https:\/\/api.w.org\/{rel}","templated":true}]}}